{"id":195468,"date":"2026-01-09T09:07:09","date_gmt":"2026-01-09T09:07:09","guid":{"rendered":"https:\/\/www.europesays.com\/pl\/195468\/"},"modified":"2026-01-09T09:07:09","modified_gmt":"2026-01-09T09:07:09","slug":"utrudnienia-w-warszawie-protest-rolnikow-przeciwko-umowie-z-mercosur","status":"publish","type":"post","link":"https:\/\/www.europesays.com\/pl\/195468\/","title":{"rendered":"Utrudnienia w Warszawie. Protest rolnik\u00f3w przeciwko umowie z Mercosur"},"content":{"rendered":"<p class=\"Paragraph_desktopParagraph__U31Gm\">Protestuj\u0105cy rolnicy zgromadz\u0105 si\u0119 na Placu Defilad o godz. 11. Nast\u0119pnie przejd\u0105 Alejami Jerozolimskimi przez Rondo de Gaulle\u2019a, ulic\u0119 Nowy \u015awiat, Plac Trzech Krzy\u017cy do Wiejskiej \u2014 przed gmach Sejmu. Nast\u0119pnie przemaszeruj\u0105 ulicami Pi\u0119kn\u0105 i Alejami Ujazdowskimi przed Kancelari\u0119 Prezesa Rady Ministr\u00f3w. Tam zgromadzenie mo\u017ce potrwa\u0107 do godz. 15.<\/p>\n<p class=\"VideoPlayerText_videoPlayerText__iDwyz\">Dalszy ci\u0105g materia\u0142u pod wideo<\/p>\n<p class=\"Paragraph_desktopParagraph__U31Gm\">&#8222;Nad przebiegiem wydarzenia b\u0119d\u0105 czuwali policjanci. Funkcjonariusze na bie\u017c\u0105co b\u0119d\u0105 decydowali o zamkni\u0119ciu ulic na trasie przemarszu, jak i ulic poprzecznych&#8221; \u2014 poinformowa\u0142 ZTM.<\/p>\n<ul class=\"OchatFollowUps_wrapper__1ry7X\">\n<li class=\"OchatFollowUps_item__Dhyly OchatFollowUps_itemDesktop__R6aBv\">Gdzie odb\u0119dzie si\u0119 protest rolnik\u00f3w?<\/li>\n<li class=\"OchatFollowUps_item__Dhyly OchatFollowUps_itemDesktop__R6aBv\">O kt\u00f3rej godzinie rozpocznie si\u0119 manifestacja?<\/li>\n<li class=\"OchatFollowUps_item__Dhyly OchatFollowUps_itemDesktop__R6aBv\">Jakie ulice b\u0119d\u0105 zamkni\u0119te podczas protestu?<\/li>\n<li class=\"OchatFollowUps_item__Dhyly OchatFollowUps_itemDesktop__R6aBv\">Jakie autobusy zostan\u0105 skierowane na trasy objazdowe?<\/li>\n<\/ul>\n<p class=\"Paragraph_desktopParagraph__U31Gm\">W przypadku braku mo\u017cliwo\u015bci przejazdu autobusy linii 107, 108, 111, 116, 117, 118, 127, 128, 131, 158, 159, 166, 171, 175, 180, 503, 507, 517, 520, 521, 525 i tramwaje 4, 7, 9, 15, 16, 18, 22, 24, 25 zostan\u0105 skierowane na trasy objazdowe.<\/p>\n<p>Utrudnienia w Warszawie. Protest rolnik\u00f3w w stolicy <\/p>\n<p class=\"Paragraph_desktopParagraph__U31Gm\">Na terenie Warszawy umieszczone s\u0105 znaki zakazu wjazdu ci\u0105gnik\u00f3w rolniczych i pojazd\u00f3w wolnobie\u017cnych. Takie zakazy s\u0105 m.in. w lokalizacjach: Okuniewska\/1 Praskiego Pu\u0142ku, Trakt Brzeski\/Jana Paw\u0142a II, Patriot\u00f3w\/Bys\u0142awska, Walcownicza\/Patriot\u00f3w, Wa\u0142 Miedzeszy\u0144ski\/Bys\u0142awska, Przycz\u00f3\u0142kowa\/Waflowa, Pu\u0142awska\/Karczunkowska, Aleja Krakowska\/S-2, Aleje Jerozolimskie\/Ry\u017cowa, Kasprzaka\/Ordona, Wolska\/Elekcyjna, S-8\/Po\u0142czy\u0144ska, G\u00f3rczewska\/Lazurowa, Arkuszowa\/Estrady, Pu\u0142kowa\/W\u00f3ycickiego, Modli\u0144ska\/P\u0142ochoci\u0144ska, Modli\u0144ska na wys. ul. Sprawnej. W przypadku z\u0142amania tego zakazu nale\u017cy spodziewa\u0107 si\u0119 kontroli drogowej, kt\u00f3ra mo\u017ce zako\u0144czy\u0107 si\u0119 mandatem karnym.<\/p>\n<p class=\"Paragraph_desktopParagraph__U31Gm\">Rolnicy b\u0119d\u0105 protestowa\u0107 przeciw dyskutowanej obecnie na forum unijnym umowie handlowej Unii Europejskiej z krajami Mercosur. Twierdz\u0105, \u017ce import \u017cywno\u015bci z Ameryki Po\u0142udniowej zniszczy polskie rolnictwo. Wskazuj\u0105 ponadto, \u017ce kraje Mercosur u\u017cywaj\u0105 pestycyd\u00f3w i antybiotyk\u00f3w nielegalnych na terenie pa\u0144stw unijnych.<\/p>\n<p>Nag\u0142a decyzja w Unii Europejskiej w sprawie umowy z Mercosur. &#8222;To prawdziwy skandal&#8221; <\/p>\n<p class=\"Paragraph_desktopParagraph__U31Gm\">Cypryjska prezydencja w Unii Europejskiej, pod presj\u0105 Komisji Europejskiej, zdecydowa\u0142a si\u0119 wykluczy\u0107 Parlament Europejski z procesu decyzyjnego dotycz\u0105cego wdro\u017cenia umowy z Mercosurem \u2014 <a href=\"https:\/\/wiadomosci.onet.pl\/swiat\/nagla-decyzja-w-unii-europejskiej-w-sprawie-umowy-z-mercosur-to-prawdziwy-skandal\/j0q93ry\" id=\"cf31d941-4eea-4363-8468-da0ec4dd9010\" rel=\"nofollow noopener\" target=\"_blank\">poda\u0142o w czwartek RMF FM<\/a>. <\/p>\n<p class=\"Paragraph_desktopParagraph__U31Gm\">Taki ruch oznacza\u0142aby, \u017ce porozumienie mog\u0142oby wej\u015b\u0107 w \u017cycie ju\u017c w najbli\u017cszych dniach. \u2014 To prawdziwy skandal \u2014 komentuje jeden z unijnych dyplomat\u00f3w. <\/p>\n","protected":false},"excerpt":{"rendered":"Protestuj\u0105cy rolnicy zgromadz\u0105 si\u0119 na Placu Defilad o godz. 11. Nast\u0119pnie przejd\u0105 Alejami Jerozolimskimi przez Rondo de Gaulle\u2019a,&hellip;\n","protected":false},"author":2,"featured_media":177041,"comment_status":"","ping_status":"","sticky":false,"template":"","format":"standard","meta":{"footnotes":""},"categories":[12],"tags":[32,33,105,36,37,27,67,34,35,28,31,53,25,52,68,51,55,42,38,40,39,41,47,29,30,50,26],"class_list":{"0":"post-195468","1":"post","2":"type-post","3":"status-publish","4":"format-standard","5":"has-post-thumbnail","7":"category-polska","8":"tag-breaking-news","9":"tag-breakingnews","10":"tag-ekonomia","11":"tag-featured-news","12":"tag-featurednews","13":"tag-headlines","14":"tag-intextvideo_splayer","15":"tag-latest-news","16":"tag-latestnews","17":"tag-naglowki","18":"tag-najwazniejsze-artykuly","19":"tag-new_header","20":"tag-news","21":"tag-onet3","22":"tag-onet3d","23":"tag-onet3d_2i","24":"tag-phx","25":"tag-pl","26":"tag-poland","27":"tag-polish","28":"tag-polska","29":"tag-polski","30":"tag-screening_general","31":"tag-top-stories","32":"tag-topstories","33":"tag-v2021","34":"tag-wiadomosci"},"share_on_mastodon":{"url":"https:\/\/pubeurope.com\/@pl\/115864354458405954","error":""},"_links":{"self":[{"href":"https:\/\/www.europesays.com\/pl\/wp-json\/wp\/v2\/posts\/195468","targetHints":{"allow":["GET"]}}],"collection":[{"href":"https:\/\/www.europesays.com\/pl\/wp-json\/wp\/v2\/posts"}],"about":[{"href":"https:\/\/www.europesays.com\/pl\/wp-json\/wp\/v2\/types\/post"}],"author":[{"embeddable":true,"href":"https:\/\/www.europesays.com\/pl\/wp-json\/wp\/v2\/users\/2"}],"replies":[{"embeddable":true,"href":"https:\/\/www.europesays.com\/pl\/wp-json\/wp\/v2\/comments?post=195468"}],"version-history":[{"count":0,"href":"https:\/\/www.europesays.com\/pl\/wp-json\/wp\/v2\/posts\/195468\/revisions"}],"wp:featuredmedia":[{"embeddable":true,"href":"https:\/\/www.europesays.com\/pl\/wp-json\/wp\/v2\/media\/177041"}],"wp:attachment":[{"href":"https:\/\/www.europesays.com\/pl\/wp-json\/wp\/v2\/media?parent=195468"}],"wp:term":[{"taxonomy":"category","embeddable":true,"href":"https:\/\/www.europesays.com\/pl\/wp-json\/wp\/v2\/categories?post=195468"},{"taxonomy":"post_tag","embeddable":true,"href":"https:\/\/www.europesays.com\/pl\/wp-json\/wp\/v2\/tags?post=195468"}],"curies":[{"name":"wp","href":"https:\/\/api.w.org\/{rel}","templated":true}]}}