{"id":195473,"date":"2026-01-09T09:10:09","date_gmt":"2026-01-09T09:10:09","guid":{"rendered":"https:\/\/www.europesays.com\/pl\/195473\/"},"modified":"2026-01-09T09:10:09","modified_gmt":"2026-01-09T09:10:09","slug":"tajemnice-wokol-smierci-jozefa-nalberczaka-padla-plotka-o-alkoholu","status":"publish","type":"post","link":"https:\/\/www.europesays.com\/pl\/195473\/","title":{"rendered":"Tajemnice wok\u00f3\u0142 \u015bmierci J\u00f3zefa Nalberczaka. Pad\u0142a plotka o alkoholu"},"content":{"rendered":"<p>Pod koniec \u017cycia J\u00f3zef Nalberczak zmaga\u0142 si\u0119 z\u00a0powa\u017cnymi problemami zdrowotnymi. Sta\u0142 si\u0119 obiektem zaskakuj\u0105cych spekulacji, kt\u00f3re sugerowa\u0142y, \u017ce aktor znany z\u00a0kultowych produkcji jak &#8222;Co mi zrobisz jak mnie z\u0142apiesz&#8221; czy &#8222;Czterej pancerni i\u00a0pies&#8221; umar\u0142 po wypiciu litra w\u00f3dki. Tak\u0105 wersj\u0119 przedstawia m.in. re\u017cyser Janusz Zaorski.<\/p>\n<blockquote class=\"ql-indent-1\"><p>To si\u0119 sta\u0142o, jak jego partnerka wyjecha\u0142a na sympozjum naukowe do innego miasta. Gdy wr\u00f3ci\u0142a \u2014\u00a0Ziutek by\u0142 w\u00a0mieszkaniu martwy. Sekcja wykaza\u0142a, \u017ce wypi\u0142 oko\u0142o litra w\u00f3dki. A\u00a0by\u0142 przecie\u017c po powa\u017cnym udarze. Nie chc\u0119 wyrokowa\u0107, bo nie wiem, to tylko moje domniemanie, ale moim zdaniem Ziutek pope\u0142ni\u0142 samob\u00f3jstwo &#8211;\u00a0stwierdzi\u0142 Zaorski cytowany w\u00a0ksi\u0105\u017cce Rafa\u0142a Dajbora &#8222;Jak u\u00a0Barei, czyli kto to powiedzia\u0142&#8221;.<\/p><\/blockquote>\n<p>Jednak bliscy J\u00f3zefa Nalberczaka s\u0105 innego zdania. Twierdz\u0105, \u017ce przyczyn\u0105 zgonu nie by\u0142 alkohol. Syn aktora, Jacek Nalberczak, wyja\u015bni\u0142, \u017ce jego ojciec \u017cy\u0142 jeszcze kilka lat po udarze i\u00a0zmar\u0142 na raka, a\u00a0nie z\u00a0powodu alkoholu. Anna Nalberczak, cz\u0142onkini rodziny, r\u00f3wnie\u017c podwa\u017ca wersj\u0119 o\u00a0nadu\u017cyciu alkoholu. Jak podkre\u015bla, Nalberczak zmaga\u0142 si\u0119 z\u00a0chorob\u0105 nowotworow\u0105, co by\u0142o prawdziwym powodem jego \u015bmierci.<\/p>\n<p>\u015awi\u0119ta w\u00a0PRL. Tak kiedy\u015b obchodzono Bo\u017ce Narodzenie <\/p>\n<p>Aktor zmar\u0142 18 grudnia 1992 roku, wcze\u015bniej przeszed\u0142 zator p\u0142uc i\u00a0udar. Jego \u017cycie prywatne r\u00f3wnie\u017c by\u0142o pe\u0142ne wyzwa\u0144. Po odej\u015bciu partnerki, Hanny Bali\u0144skiej, Nalberczak mia\u0142 za\u0142ama\u0107 si\u0119 psychicznie. &#8211;\u00a0Gdy zosta\u0142 przez ni\u0105 porzucony w\u00a0spos\u00f3b, na kt\u00f3ry nie zas\u0142u\u017cy\u0142, sta\u0142 si\u0119 cieniem siebie \u2014\u00a0wspomina\u0142a Anna Nehrebecka.<\/p>\n<p>Jaki\u015b czas temu program &#8222;Niezapomniani. Cmentarne historie&#8221; doni\u00f3s\u0142 o\u00a0odnalezieniu pustej butelki po cytryn\u00f3wce na grobie Nalberczaka. Ten fakt dodatkowo podsyci\u0142 plotki o\u00a0jego relacjach z\u00a0alkoholem. Mogi\u0142a rodzinna, w\u00a0kt\u00f3rej pochowano aktora na Starych Pow\u0105zkach zosta\u0142 odnowiony w\u00a02021 roku, przywracaj\u0105c mu nale\u017cny szacunek.<\/p>\n","protected":false},"excerpt":{"rendered":"Pod koniec \u017cycia J\u00f3zef Nalberczak zmaga\u0142 si\u0119 z\u00a0powa\u017cnymi problemami zdrowotnymi. Sta\u0142 si\u0119 obiektem zaskakuj\u0105cych spekulacji, kt\u00f3re sugerowa\u0142y, \u017ce&hellip;\n","protected":false},"author":2,"featured_media":195474,"comment_status":"","ping_status":"","sticky":false,"template":"","format":"standard","meta":{"footnotes":""},"categories":[22],"tags":[122,42,38,40,39,41,123],"class_list":{"0":"post-195473","1":"post","2":"type-post","3":"status-publish","4":"format-standard","5":"has-post-thumbnail","7":"category-rozrywka","8":"tag-entertainment","9":"tag-pl","10":"tag-poland","11":"tag-polish","12":"tag-polska","13":"tag-polski","14":"tag-rozrywka"},"share_on_mastodon":{"url":"https:\/\/pubeurope.com\/@pl\/115864366108181541","error":""},"_links":{"self":[{"href":"https:\/\/www.europesays.com\/pl\/wp-json\/wp\/v2\/posts\/195473","targetHints":{"allow":["GET"]}}],"collection":[{"href":"https:\/\/www.europesays.com\/pl\/wp-json\/wp\/v2\/posts"}],"about":[{"href":"https:\/\/www.europesays.com\/pl\/wp-json\/wp\/v2\/types\/post"}],"author":[{"embeddable":true,"href":"https:\/\/www.europesays.com\/pl\/wp-json\/wp\/v2\/users\/2"}],"replies":[{"embeddable":true,"href":"https:\/\/www.europesays.com\/pl\/wp-json\/wp\/v2\/comments?post=195473"}],"version-history":[{"count":0,"href":"https:\/\/www.europesays.com\/pl\/wp-json\/wp\/v2\/posts\/195473\/revisions"}],"wp:featuredmedia":[{"embeddable":true,"href":"https:\/\/www.europesays.com\/pl\/wp-json\/wp\/v2\/media\/195474"}],"wp:attachment":[{"href":"https:\/\/www.europesays.com\/pl\/wp-json\/wp\/v2\/media?parent=195473"}],"wp:term":[{"taxonomy":"category","embeddable":true,"href":"https:\/\/www.europesays.com\/pl\/wp-json\/wp\/v2\/categories?post=195473"},{"taxonomy":"post_tag","embeddable":true,"href":"https:\/\/www.europesays.com\/pl\/wp-json\/wp\/v2\/tags?post=195473"}],"curies":[{"name":"wp","href":"https:\/\/api.w.org\/{rel}","templated":true}]}}