{"id":195479,"date":"2026-01-09T09:14:07","date_gmt":"2026-01-09T09:14:07","guid":{"rendered":"https:\/\/www.europesays.com\/pl\/195479\/"},"modified":"2026-01-09T09:14:07","modified_gmt":"2026-01-09T09:14:07","slug":"gwalt-na-policjantce-policja-wydala-stanowczy-komunikat-stoimy-po-stronie-ofiary","status":"publish","type":"post","link":"https:\/\/www.europesays.com\/pl\/195479\/","title":{"rendered":"Gwa\u0142t na policjantce. Policja wyda\u0142a stanowczy komunikat.\u00a0 &#8222;Stoimy po stronie ofiary&#8221;"},"content":{"rendered":"<p class=\"ods-c-paragraph \">Do gwa\u0142tu na policjantce na terenie warszawskiego oddzia\u0142u prewencji w Piasecznie dosz\u0142o w nocy z pi\u0105tku na sobot\u0119 3 stycznia, podczas mocno zakrapianej imprezy. Podejrzany funkcjonariusz trafi\u0142 do aresztu, a \u015bledztwo w tej sprawie prowadzi Prokuratura Okr\u0119gowa w Warszawie.<\/p>\n<p> Gdzie dosz\u0142o do gwa\u0142tu na policjantce? <\/p>\n<p> Kiedy mia\u0142o miejsce to zdarzenie? <\/p>\n<p> Kto prowadzi \u015bledztwo w tej sprawie? <\/p>\n<p> Jakie dzia\u0142ania podj\u0119\u0142a policja po zg\u0142oszeniu? <\/p>\n<p class=\"ods-c-paragraph \">Polska policja opublikowa\u0142a wpis w mediach spo\u0142eczno\u015bciowych, w kt\u00f3rym przedstawiono szczeg\u00f3\u0142owy przebieg zdarze\u0144 oraz podj\u0119tych czynno\u015bci.<\/p>\n<p class=\"ods-c-paragraph \">Policja poinformowa\u0142a, \u017ce czynno\u015bci na terenie OPP w Warszawie zosta\u0142y podj\u0119te natychmiast po otrzymaniu przez dy\u017curnego OPP zg\u0142oszenia, tj. o 5.30. Zapewniono, \u017ce przed zg\u0142oszeniem dy\u017curnemu prze\u0142o\u017ceni nie mieli informacji, \u017ce dosz\u0142o do pope\u0142nienia przest\u0119pstwa ani \u017ce funkcjonariusze spo\u017cywali alkohol.<\/p>\n<p class=\"ods-c-paragraph \">&#8222;Sprawca zgwa\u0142cenia zosta\u0142 przewieziony na teren OPP w Warszawie po godzinie 7.00, pozostawa\u0142 do dyspozycji prokuratury a\u017c do chwili jego formalnego zatrzymania, tj. o godz. 14.45, kt\u00f3re nast\u0105pi\u0142o po zako\u0144czeniu czynno\u015bci procesowych realizowanych z pokrzywdzon\u0105. Bezpo\u015brednio po zdarzeniu, do kt\u00f3rego dosz\u0142o ok. godz. 3.30, uda\u0142 si\u0119 do miejsca swojego zamieszkania, co by\u0142o mo\u017cliwe, poniewa\u017c poza uczestnikami nikt o zdarzeniu nie wiedzia\u0142&#8221; \u2014 brzmi dalsza cz\u0119\u015b\u0107 komunikatu.<\/p>\n<p>   &#8222;Sprawca dotychczas nosi\u0142 mundur&#8221;. Policja zapewnia o wsparciu ofiary<\/p>\n<p class=\"ods-c-paragraph \">&#8222;Cho\u0107 sprawca dotychczas nosi\u0142 mundur, to jednak Policja zawsze b\u0119dzie sta\u0107 po stronie ofiary, dlatego nie by\u0142o \u017cadnych w\u0105tpliwo\u015bci i tak\u017ce post\u0119powanie w zwi\u0105zku z wydaleniem tego funkcjonariusza z naszej formacji zosta\u0142o wszcz\u0119te w trybie pilnym&#8221; \u2014 zapewni\u0142a policja, dodaj\u0105c, \u017ce &#8222;od samego pocz\u0105tku, zar\u00f3wno pokrzywdzonej, jak i rodzinie sprawcy udzielono pomocy psychologicznej&#8221; a &#8222;wszystkie procedury przewidziane w tego typu sytuacjach zadzia\u0142a\u0142y niezw\u0142ocznie&#8221;.<\/p>\n","protected":false},"excerpt":{"rendered":"Do gwa\u0142tu na policjantce na terenie warszawskiego oddzia\u0142u prewencji w Piasecznie dosz\u0142o w nocy z pi\u0105tku na sobot\u0119&hellip;\n","protected":false},"author":2,"featured_media":93964,"comment_status":"","ping_status":"","sticky":false,"template":"","format":"standard","meta":{"footnotes":""},"categories":[12],"tags":[32,33,36,37,603,27,34,35,28,31,48,25,46,15952,42,38,414,40,39,41,47,29,30,435,26],"class_list":{"0":"post-195479","1":"post","2":"type-post","3":"status-publish","4":"format-standard","5":"has-post-thumbnail","7":"category-polska","8":"tag-breaking-news","9":"tag-breakingnews","10":"tag-featured-news","11":"tag-featurednews","12":"tag-gwalt","13":"tag-headlines","14":"tag-latest-news","15":"tag-latestnews","16":"tag-naglowki","17":"tag-najwazniejsze-artykuly","18":"tag-nat_styl","19":"tag-news","20":"tag-omp","21":"tag-piaseczno","22":"tag-pl","23":"tag-poland","24":"tag-policja","25":"tag-polish","26":"tag-polska","27":"tag-polski","28":"tag-screening_general","29":"tag-top-stories","30":"tag-topstories","31":"tag-warszawa","32":"tag-wiadomosci"},"share_on_mastodon":{"url":"https:\/\/pubeurope.com\/@pl\/115864381984802579","error":""},"_links":{"self":[{"href":"https:\/\/www.europesays.com\/pl\/wp-json\/wp\/v2\/posts\/195479","targetHints":{"allow":["GET"]}}],"collection":[{"href":"https:\/\/www.europesays.com\/pl\/wp-json\/wp\/v2\/posts"}],"about":[{"href":"https:\/\/www.europesays.com\/pl\/wp-json\/wp\/v2\/types\/post"}],"author":[{"embeddable":true,"href":"https:\/\/www.europesays.com\/pl\/wp-json\/wp\/v2\/users\/2"}],"replies":[{"embeddable":true,"href":"https:\/\/www.europesays.com\/pl\/wp-json\/wp\/v2\/comments?post=195479"}],"version-history":[{"count":0,"href":"https:\/\/www.europesays.com\/pl\/wp-json\/wp\/v2\/posts\/195479\/revisions"}],"wp:featuredmedia":[{"embeddable":true,"href":"https:\/\/www.europesays.com\/pl\/wp-json\/wp\/v2\/media\/93964"}],"wp:attachment":[{"href":"https:\/\/www.europesays.com\/pl\/wp-json\/wp\/v2\/media?parent=195479"}],"wp:term":[{"taxonomy":"category","embeddable":true,"href":"https:\/\/www.europesays.com\/pl\/wp-json\/wp\/v2\/categories?post=195479"},{"taxonomy":"post_tag","embeddable":true,"href":"https:\/\/www.europesays.com\/pl\/wp-json\/wp\/v2\/tags?post=195479"}],"curies":[{"name":"wp","href":"https:\/\/api.w.org\/{rel}","templated":true}]}}