{"id":195492,"date":"2026-01-09T09:22:07","date_gmt":"2026-01-09T09:22:07","guid":{"rendered":"https:\/\/www.europesays.com\/pl\/195492\/"},"modified":"2026-01-09T09:22:07","modified_gmt":"2026-01-09T09:22:07","slug":"atak-na-kijow-i-lwow-sa-ranni-i-zabici-na-zywo-wyborcza-pl","status":"publish","type":"post","link":"https:\/\/www.europesays.com\/pl\/195492\/","title":{"rendered":"Atak na Kij\u00f3w i Lw\u00f3w. S\u0105 ranni i zabici [NA \u017bYWO] &#8211; Wyborcza.pl"},"content":{"rendered":"<ol>\n<li><a href=\"https:\/\/news.google.com\/rss\/articles\/CBMiYEFVX3lxTE1DcjZERVpCSkN1NklPbTBJUGw1Z2dIdTRUbnd5R3FqSzJhWFlJS3lzMFJFdVVxVnZNNDFuVnk1bzQ1V210SXplUkFpdm5INGVmLWpTOUlMeGZrXzFNWUhRQQ?oc=5\" target=\"_blank\" rel=\"nofollow noopener\">Atak na Kij\u00f3w i Lw\u00f3w. S\u0105 ranni i zabici [NA \u017bYWO]<\/a>&nbsp;&nbsp;Wyborcza.pl<\/li>\n<li><a href=\"https:\/\/news.google.com\/rss\/articles\/CBMivwFBVV95cUxPb0hrbFZ6RUpFb1JKYWtvYkQ3S2dVZG90STFfanNfbS02aGJCY2Z5eTljaXFCZDdNZkdVaFpMTzRXREpPVG9oLVJyRmhDWG8zUC1jRmwzejhWVFdMeWRoMnU5RmM5X2x3N0VxMHNPSEM4SlZxR1VxNGxrd0UzY3JOVHNCWVJ4Ql9ybXpYY1Q4RXFTMkg5ZHRIMlJYSWd4amk1bmNrM1hSUnB4b2tCeS1lUWtWUzdhVzFvNG9rVE1nNA?oc=5\" target=\"_blank\" rel=\"nofollow noopener\">Rosjanie u\u017cyli pot\u0119\u017cnej broni przy granicy NATO. Ukraina reaguje, &#8222;wymaga globalnej odpowiedzi&#8221;<\/a>&nbsp;&nbsp;Wydarzenia w INTERIA.PL<\/li>\n<li><a href=\"https:\/\/news.google.com\/rss\/articles\/CBMiogFBVV95cUxNUk1xLVVhUXdka1hFUVRSeW5qWGp5ekY5V29yNjRtWF8zVW1KN3lPS0lWZ05MOU5WbmhRZlY5bmdmWmtTNVl4XzhlZ3h0Y3R2dVpVVEltQ083R05BSmtPQ2Vvd3JWMWNpX3ItcTk1eTFWMThPbDVHTUtwRWY5M3BrNmhpb3JjSS0tWWZCdi1STmNzenIzbW10X1IzMlRJTmVhUUE?oc=5\" target=\"_blank\" rel=\"nofollow noopener\">Nocne ataki Rosjan. W okolicy Lwowa spad\u0142a rakieta Oriesznik<\/a>&nbsp;&nbsp;Onet Wiadomo\u015bci<\/li>\n<li><a href=\"https:\/\/news.google.com\/rss\/articles\/CBMiuAFBVV95cUxQcmtyc0cweVVvUmUyUUsxa2dPSkx1VVpzVHdtNmJyRmYzeXg1bmZlZnJGX1llYlhRbnFvTGRjaDlrOGpySjBtT1NrNG5YdTBUS01TZ2NvVVB4MUlBb3VZQ2JBWW1uakVNN2xMcGpaLWJjR0N6U1owbGZXRS1jVlVoMVFDX0NKU3AyeW5pN3c5bDVsekRMYUNmeEhELVhlSzJTTldIRWtTb1d5aXAyV3dyenVvWUhLTi14?oc=5\" target=\"_blank\" rel=\"nofollow noopener\">Rosjanie wystrzelili pocisk Oriesznik. Uderzy\u0142 &#8222;w pobli\u017cu granic UE i NATO&#8221;<\/a>&nbsp;&nbsp;TVN24<\/li>\n<li><a href=\"https:\/\/news.google.com\/rss\/articles\/CBMixgFBVV95cUxOLVg3WExoTXJxelhrcHdCMTFYZXJzQTVGSmZoVzhBbk54LVZRY1NPM2FOWmctTWlIemFiYThEMzBXTmNyR2xBYmVIX3dvQUpPbGlSUlMxN2tmWVVWN29RdEFLZTZ2MkVUU2JZWV9QeGlTRzlFbXI3LVhtUzZiZnVXYnMtRTVIck10cmpDdDM4TldGSjZmdC1OOHJNT2NTaGVsQzdrSnVHSC16MlRqRF8tYnFhZVV1bVRNZHhtY2E4R2prWVhLRXc?oc=5\" target=\"_blank\" rel=\"nofollow noopener\">Obrona powietrzna w stanie gotowo\u015bci. Polska armia \u015bledzi\u0142a lot Oriesznika<\/a>&nbsp;&nbsp;RMF24<\/li>\n<\/ol>\n","protected":false},"excerpt":{"rendered":"Atak na Kij\u00f3w i Lw\u00f3w. S\u0105 ranni i zabici [NA \u017bYWO]&nbsp;&nbsp;Wyborcza.pl Rosjanie u\u017cyli pot\u0119\u017cnej broni przy granicy NATO.&hellip;\n","protected":false},"author":2,"featured_media":195493,"comment_status":"","ping_status":"","sticky":false,"template":"","format":"standard","meta":{"footnotes":""},"categories":[5],"tags":[32,33,36,37,27,34,35,28,31,25,42,38,40,39,41,29,30,26],"class_list":{"0":"post-195492","1":"post","2":"type-post","3":"status-publish","4":"format-standard","5":"has-post-thumbnail","7":"category-naglowki","8":"tag-breaking-news","9":"tag-breakingnews","10":"tag-featured-news","11":"tag-featurednews","12":"tag-headlines","13":"tag-latest-news","14":"tag-latestnews","15":"tag-naglowki","16":"tag-najwazniejsze-artykuly","17":"tag-news","18":"tag-pl","19":"tag-poland","20":"tag-polish","21":"tag-polska","22":"tag-polski","23":"tag-top-stories","24":"tag-topstories","25":"tag-wiadomosci"},"share_on_mastodon":{"url":"https:\/\/pubeurope.com\/@pl\/115864413302631238","error":""},"_links":{"self":[{"href":"https:\/\/www.europesays.com\/pl\/wp-json\/wp\/v2\/posts\/195492","targetHints":{"allow":["GET"]}}],"collection":[{"href":"https:\/\/www.europesays.com\/pl\/wp-json\/wp\/v2\/posts"}],"about":[{"href":"https:\/\/www.europesays.com\/pl\/wp-json\/wp\/v2\/types\/post"}],"author":[{"embeddable":true,"href":"https:\/\/www.europesays.com\/pl\/wp-json\/wp\/v2\/users\/2"}],"replies":[{"embeddable":true,"href":"https:\/\/www.europesays.com\/pl\/wp-json\/wp\/v2\/comments?post=195492"}],"version-history":[{"count":0,"href":"https:\/\/www.europesays.com\/pl\/wp-json\/wp\/v2\/posts\/195492\/revisions"}],"wp:featuredmedia":[{"embeddable":true,"href":"https:\/\/www.europesays.com\/pl\/wp-json\/wp\/v2\/media\/195493"}],"wp:attachment":[{"href":"https:\/\/www.europesays.com\/pl\/wp-json\/wp\/v2\/media?parent=195492"}],"wp:term":[{"taxonomy":"category","embeddable":true,"href":"https:\/\/www.europesays.com\/pl\/wp-json\/wp\/v2\/categories?post=195492"},{"taxonomy":"post_tag","embeddable":true,"href":"https:\/\/www.europesays.com\/pl\/wp-json\/wp\/v2\/tags?post=195492"}],"curies":[{"name":"wp","href":"https:\/\/api.w.org\/{rel}","templated":true}]}}