{"id":195496,"date":"2026-01-09T09:24:11","date_gmt":"2026-01-09T09:24:11","guid":{"rendered":"https:\/\/www.europesays.com\/pl\/195496\/"},"modified":"2026-01-09T09:24:11","modified_gmt":"2026-01-09T09:24:11","slug":"dorota-stalinska-o-dramatycznym-wypadku-w-ktorym-omal-nie-zginela-bylam-workiem-kosci","status":"publish","type":"post","link":"https:\/\/www.europesays.com\/pl\/195496\/","title":{"rendered":"Dorota Stali\u0144ska o dramatycznym wypadku, w kt\u00f3rym omal nie zgin\u0119\u0142a. 'By\u0142am workiem ko\u015bci"},"content":{"rendered":"<p class=\"art_paragraph\"><a href=\"https:\/\/www.plotek.pl\/dorota-stalinska\" class=\"art_link\" rel=\"dofollow noopener\" target=\"_blank\">Dorota Stali\u0144ska<\/a> jest nie tylko cenion\u0105 aktork\u0105, ale r\u00f3wnie\u017c zaanga\u017cowan\u0105 spo\u0142eczniczk\u0105. Gwiazda od lat anga\u017cuje si\u0119 w dzia\u0142ania na rzecz bezpiecze\u0144stwa na drogach oraz inicjatyw maj\u0105cych chroni\u0107 \u017cycie i zdrowie innych. Niedawno w rozmowie z Radiem RDC wspomnia\u0142a o dramatycznym wypadku sprzed lat, kt\u00f3ry ukszta\u0142towa\u0142 jej spo\u0142eczn\u0105 aktywno\u015b\u0107.\u00a0<\/p>\n<p>\n    Zobacz wideo Dorota Stali\u0144ska o oburzaj\u0105cych s\u0142owach prezydenta. Nie gryzie si\u0119 w j\u0119zyk\n  <\/p>\n<p> Dorota Stali\u0144ska uleg\u0142a powa\u017cnemu wypadkowi. Policjant zwr\u00f3ci\u0142 si\u0119 do aktorki z dramatyczn\u0105 pro\u015bb\u0105\u00a0<\/p>\n<p class=\"art_paragraph\">Wyst\u0119puj\u0105c w audycji &#8222;Kobiety rakiety&#8221;, Stali\u0144ska przypomnia\u0142a tragiczn\u0105 sytuacj\u0119 z 1986 roku, kt\u00f3ra na zawsze zmieni\u0142a jej \u017cycie. &#8211; Ten straszny wypadek, w kt\u00f3rym ja by\u0142am tak strasznie poraniona i po\u0142amana, gdzie by\u0142am workiem ko\u015bci, m\u00f3wiono, \u017ce prawdopodobnie nie b\u0119d\u0119 ju\u017c chodzi\u0107. A na pewno nie przez rok czy dwa &#8211; wyzna\u0142a, wspominaj\u0105c dramatyczne chwile. Aktorka by\u0142a pasa\u017cerk\u0105 samochodu i doskonale pami\u0119ta dramatyczny moment.<\/p>\n<p class=\"art_paragraph\">Po wypadku szybko pojawili si\u0119 policjanci, kt\u00f3rzy nie kryli bezsilno\u015bci wobec stale powtarzaj\u0105cych si\u0119 drogowych tragedii w miejscu, w kt\u00f3rym ucierpia\u0142a aktorka. &#8211; Ja wtedy w\u0142a\u015bnie przysi\u0119g\u0142am, stoj\u0105c na tym skrzy\u017cowaniu, \u017ce zrobi\u0119 wszystko, \u017ceby ocali\u0107 innych &#8211; podkre\u015bli\u0142a. Jak doda\u0142a, rozmowa z jednym z funkcjonariuszy utwierdzi\u0142a j\u0105 w przekonaniu, \u017ce sama musi podj\u0105\u0107 dzia\u0142ania. &#8211; Jak pani czego\u015b nie zrobi, to nikt nie zrobi &#8211; us\u0142ysza\u0142a od jednego ze str\u00f3\u017c\u00f3w prawa.<\/p>\n<p class=\"art_paragraph\">Dzi\u0119ki determinacji Stali\u0144skiej wkr\u00f3tce potem uda\u0142o si\u0119 sprawi\u0107, \u017ce wybudowano sygnalizacj\u0119 \u015bwietln\u0105 na niebezpiecznym skrzy\u017cowaniu. &#8211; I rzeczywi\u015bcie w ci\u0105gu roku doprowadzi\u0142am do tej budowy \u015bwiate\u0142. I bardzo si\u0119 ciesz\u0119, \u017ce by\u0107 mo\u017ce ocali\u0142o to \u017cycie ilu\u015b tam jeszcze os\u00f3b &#8211; powiedzia\u0142a aktorka.<\/p>\n<p> Dorota Stali\u0144ska od lat anga\u017cuje si\u0119 spo\u0142ecznie. Fani doceniaj\u0105 starania aktorki<\/p>\n<p class=\"art_paragraph\">Spo\u0142eczna aktywno\u015b\u0107 Stali\u0144skiej nie przesz\u0142a niezauwa\u017cona w mediach spo\u0142eczno\u015bciowych. Pod fragmentem wywiadu zamieszczonym na Instagramie i Facebooku Radia RDC pojawi\u0142a si\u0119 lawina komentarzy\u00a0od internaut\u00f3w doceniaj\u0105cych jej dzia\u0142ania. &#8222;Wielki szacunek za wieloletni\u0105 prac\u0119 na rzecz bezpiecze\u0144stwa i widoczno\u015bci dzieci na drogach&#8221;,\u00a0 &#8222;Pami\u0119tam to. Pani Dorota walczy\u0142a jak lwica. Ile wtedy by\u0142o hejtu&#8221; &#8211; pisali fani.<\/p>\n<p class=\"art_paragraph\">Niekt\u00f3rzy zwracali uwag\u0119 na konkretne dzia\u0142ania Stali\u0144skiej. &#8222;To pi\u0119knie, \u017ce doprowadzi\u0142a pani do tego, \u017ce wybudowali w tamtym miejscu \u015bwiat\u0142a&#8221;, &#8222;Za walk\u0119 na rzecz widoczno\u015bci i bezpiecze\u0144stwa na drogach &#8211; brawo&#8221; &#8211; pisali fani zachwyceni aktywno\u015bci\u0105 Stali\u0144skiej.\u00a0<\/p>\n","protected":false},"excerpt":{"rendered":"Dorota Stali\u0144ska jest nie tylko cenion\u0105 aktork\u0105, ale r\u00f3wnie\u017c zaanga\u017cowan\u0105 spo\u0142eczniczk\u0105. Gwiazda od lat anga\u017cuje si\u0119 w dzia\u0142ania&hellip;\n","protected":false},"author":2,"featured_media":195497,"comment_status":"","ping_status":"","sticky":false,"template":"","format":"standard","meta":{"footnotes":""},"categories":[22],"tags":[122,42,38,40,39,41,123],"class_list":{"0":"post-195496","1":"post","2":"type-post","3":"status-publish","4":"format-standard","5":"has-post-thumbnail","7":"category-rozrywka","8":"tag-entertainment","9":"tag-pl","10":"tag-poland","11":"tag-polish","12":"tag-polska","13":"tag-polski","14":"tag-rozrywka"},"share_on_mastodon":{"url":"https:\/\/pubeurope.com\/@pl\/115864421185050583","error":""},"_links":{"self":[{"href":"https:\/\/www.europesays.com\/pl\/wp-json\/wp\/v2\/posts\/195496","targetHints":{"allow":["GET"]}}],"collection":[{"href":"https:\/\/www.europesays.com\/pl\/wp-json\/wp\/v2\/posts"}],"about":[{"href":"https:\/\/www.europesays.com\/pl\/wp-json\/wp\/v2\/types\/post"}],"author":[{"embeddable":true,"href":"https:\/\/www.europesays.com\/pl\/wp-json\/wp\/v2\/users\/2"}],"replies":[{"embeddable":true,"href":"https:\/\/www.europesays.com\/pl\/wp-json\/wp\/v2\/comments?post=195496"}],"version-history":[{"count":0,"href":"https:\/\/www.europesays.com\/pl\/wp-json\/wp\/v2\/posts\/195496\/revisions"}],"wp:featuredmedia":[{"embeddable":true,"href":"https:\/\/www.europesays.com\/pl\/wp-json\/wp\/v2\/media\/195497"}],"wp:attachment":[{"href":"https:\/\/www.europesays.com\/pl\/wp-json\/wp\/v2\/media?parent=195496"}],"wp:term":[{"taxonomy":"category","embeddable":true,"href":"https:\/\/www.europesays.com\/pl\/wp-json\/wp\/v2\/categories?post=195496"},{"taxonomy":"post_tag","embeddable":true,"href":"https:\/\/www.europesays.com\/pl\/wp-json\/wp\/v2\/tags?post=195496"}],"curies":[{"name":"wp","href":"https:\/\/api.w.org\/{rel}","templated":true}]}}