{"id":195505,"date":"2026-01-09T09:31:11","date_gmt":"2026-01-09T09:31:11","guid":{"rendered":"https:\/\/www.europesays.com\/pl\/195505\/"},"modified":"2026-01-09T09:31:11","modified_gmt":"2026-01-09T09:31:11","slug":"wpadka-na-wizji-programu-tvp-prowadzacy-szybko-zareagowal-2","status":"publish","type":"post","link":"https:\/\/www.europesays.com\/pl\/195505\/","title":{"rendered":"Wpadka na wizji programu TVP. Prowadz\u0105cy szybko zareagowa\u0142"},"content":{"rendered":"<p class=\"ods-c-paragraph \">Bartek Cebe\u0144ko jest prowadz\u0105cym &#8222;Teleexpress Extra&#8221;. Zadebiutowa\u0142 w programie informacyjnym 17 lutego 2024 r. Karier\u0119 rozpoczyna\u0142 w Gryfinie, pracuj\u0105c w mediach lokalnych, a w 2012 roku przeni\u00f3s\u0142 si\u0119 do Warszawy. Wcze\u015bniej by\u0142 zwi\u0105zany z Polsatem. W TVP mia\u0142 tak\u017ce okazj\u0119 poprowadzi\u0107 koncert &#8222;Debiuty&#8221; podczas ubieg\u0142orocznego festiwalu w Opolu.<\/p>\n<p>Dalszy ci\u0105g artyku\u0142u pod materia\u0142em wideo<br \/>\nWpadka na wizji programu TVP. Tak prowadz\u0105cy wybrn\u0105\u0142 z sytuacji<\/p>\n<p class=\"ods-c-paragraph \">W czwartkowym wydaniu &#8222;Teleexpressu Extra&#8221; dosz\u0142o do zaskakuj\u0105cej wpadki na wizji. Gdy Bartek Cebe\u0144ko zapowiada\u0142 prezentacj\u0119 &#8222;zdj\u0119cia dnia&#8221;, niespodziewanie pojawi\u0142 si\u0119 Mateusz J\u0119dra\u015b \u2014 dziennikarz, kt\u00f3ry zast\u0105pi\u0142 Marka Sierockiego w k\u0105ciku muzycznym.<\/p>\n<p class=\"ods-c-paragraph \">\u2014 Chocia\u017c za oknem mr\u00f3z, internet do czerwono\u015bci rozgrza\u0142a w ostatnich dniach pewna fotografia. Chodzi o narty&#8230; \u2014 rozpocz\u0105\u0142 prowadz\u0105cy i nagle si\u0119 zadziwi\u0142. \u2014 To Mateusz J\u0119dra\u015b \u2014 powiedzia\u0142, widz\u0105c wy\u015bwietlonego na ekranie koleg\u0119 z pracy.<\/p>\n<blockquote class=\"ods-o-quota\">\n<p class=\"ods-o-quota__paragraph\">Mateusza zdj\u0119cia te\u017c rozgrzewaj\u0105 internaut\u00f3w. No kto by si\u0119 opar\u0142 takiemu przystojnemu m\u0119\u017cczy\u017anie?<\/p>\n<\/blockquote>\n<p class=\"ods-c-paragraph \">\u2014 powiedzia\u0142 humorystycznie, po czym wr\u00f3ci\u0142 do tematu. \u2014 Ale chodzi o narty, takie ustawione (&#8230;) przed wej\u015bciem na wyci\u0105g, zanim jeszcze ten wyci\u0105g zosta\u0142 otwarty i to zdj\u0119cie uwieczni\u0142 pan Micha\u0142 w kompleksie Jasna Chopok na S\u0142owacji \u2014 m\u00f3wi\u0142, podczas gdy na ekranie wy\u015bwietla\u0142a si\u0119 poprawna fotografia.<\/p>\n<p>   <img decoding=\"async\" src=\"https:\/\/www.europesays.com\/pl\/wp-content\/uploads\/2026\/01\/ouEk9lBaHR0cHM6Ly9vY2RuLmV1L3B1bHNjbXMvTURBXy9mYzliOTNiNDA4YjNmMjM3OWZhNDhjZDU1ZDk1N2ZjYy5wbmeRlQLNB.jpeg\" height=\"476\" width=\"940\" alt=\"&quot;Teleexpress Extra&quot; \" loading=\"lazy\" class=\"ods-c-image__img ods-c-image__img--viewport-width\"\/><\/p>\n<p>&#8222;Teleexpress Extra&#8221;TVP<\/p>\n<p class=\"ods-c-paragraph \">Dzi\u0119kujemy, \u017ce przeczyta\u0142a\u015b\/e\u015b nasz artyku\u0142 do ko\u0144ca. W serwisie Plejada.pl ka\u017cdego dnia piszemy o najwa\u017cniejszych wydarzeniach show-biznesowych. B\u0105d\u017a na bie\u017c\u0105co! <a rel=\"nofollow noopener\" href=\"https:\/\/profile.google.com\/cp\/Cg0vZy8xMWJ6X19wdHBx\" id=\"f9a5b660-cb41-4415-aea8-b5de892ba0e9\" target=\"_blank\">Obserwuj<\/a> Plejad\u0119 w Google. Odwied\u017a nas tak\u017ce na <a rel=\"nofollow noopener\" href=\"https:\/\/www.facebook.com\/plejadapl\" id=\"1ed94c12-3da7-4ac2-921d-56a1c79e5e69\" target=\"_blank\">Facebooku<\/a>, <a rel=\"nofollow noopener\" href=\"https:\/\/www.instagram.com\/plejadapl\/\" id=\"f784cc26-fb8f-4c4e-9f30-fbeb20273db0\" target=\"_blank\">Instagramie<\/a>, <a rel=\"nofollow noopener\" href=\"https:\/\/www.youtube.com\/c\/plejada\" id=\"4fdff5f6-c2f2-4174-8609-440665d4b915\" target=\"_blank\">YouTubie<\/a> oraz <a rel=\"nofollow noopener\" href=\"https:\/\/www.tiktok.com\/@plejada_pl\" id=\"7b669714-b1eb-4721-8966-2ffe026edda3\" target=\"_blank\">TikToku<\/a>.<\/p>\n<p class=\"ods-c-paragraph \">Chcesz podzieli\u0107 si\u0119 ciekawym newsem lub zaproponowa\u0107 temat? Skontaktuj si\u0119 z nami, pisz\u0105c maila na adres: <a rel=\"nofollow noopener\" href=\"https:\/\/plejada.pl\/newsy\/wpadka-na-wizji-programu-tvp-prowadzacy-szybko-zareagowal\/mailto:plejada@redakcjaonet.pl\" id=\"90be99f3-205c-4a09-ada7-4ea31cb29e53\" target=\"_blank\">plejada@redakcjaon<\/a><a rel=\"nofollow noopener\" href=\"https:\/\/et.pl\/\" id=\"f2212d68-d583-4bfd-a782-6aa2c0b35eaa\" target=\"_blank\">et.pl<\/a>.<\/p>\n<p><script async src=\"\/\/www.instagram.com\/embed.js\"><\/script><script async src=\"\/\/www.tiktok.com\/embed.js\"><\/script><\/p>\n","protected":false},"excerpt":{"rendered":"Bartek Cebe\u0144ko jest prowadz\u0105cym &#8222;Teleexpress Extra&#8221;. Zadebiutowa\u0142 w programie informacyjnym 17 lutego 2024 r. Karier\u0119 rozpoczyna\u0142 w Gryfinie,&hellip;\n","protected":false},"author":2,"featured_media":195506,"comment_status":"","ping_status":"","sticky":false,"template":"","format":"standard","meta":{"footnotes":""},"categories":[22],"tags":[122,48,125,46,42,38,40,39,41,123,47,506],"class_list":{"0":"post-195505","1":"post","2":"type-post","3":"status-publish","4":"format-standard","5":"has-post-thumbnail","7":"category-rozrywka","8":"tag-entertainment","9":"tag-nat_styl","10":"tag-newsy","11":"tag-omp","12":"tag-pl","13":"tag-poland","14":"tag-polish","15":"tag-polska","16":"tag-polski","17":"tag-rozrywka","18":"tag-screening_general","19":"tag-tvp"},"share_on_mastodon":{"url":"https:\/\/pubeurope.com\/@pl\/115864448741062081","error":""},"_links":{"self":[{"href":"https:\/\/www.europesays.com\/pl\/wp-json\/wp\/v2\/posts\/195505","targetHints":{"allow":["GET"]}}],"collection":[{"href":"https:\/\/www.europesays.com\/pl\/wp-json\/wp\/v2\/posts"}],"about":[{"href":"https:\/\/www.europesays.com\/pl\/wp-json\/wp\/v2\/types\/post"}],"author":[{"embeddable":true,"href":"https:\/\/www.europesays.com\/pl\/wp-json\/wp\/v2\/users\/2"}],"replies":[{"embeddable":true,"href":"https:\/\/www.europesays.com\/pl\/wp-json\/wp\/v2\/comments?post=195505"}],"version-history":[{"count":0,"href":"https:\/\/www.europesays.com\/pl\/wp-json\/wp\/v2\/posts\/195505\/revisions"}],"wp:featuredmedia":[{"embeddable":true,"href":"https:\/\/www.europesays.com\/pl\/wp-json\/wp\/v2\/media\/195506"}],"wp:attachment":[{"href":"https:\/\/www.europesays.com\/pl\/wp-json\/wp\/v2\/media?parent=195505"}],"wp:term":[{"taxonomy":"category","embeddable":true,"href":"https:\/\/www.europesays.com\/pl\/wp-json\/wp\/v2\/categories?post=195505"},{"taxonomy":"post_tag","embeddable":true,"href":"https:\/\/www.europesays.com\/pl\/wp-json\/wp\/v2\/tags?post=195505"}],"curies":[{"name":"wp","href":"https:\/\/api.w.org\/{rel}","templated":true}]}}