{"id":195507,"date":"2026-01-09T09:33:13","date_gmt":"2026-01-09T09:33:13","guid":{"rendered":"https:\/\/www.europesays.com\/pl\/195507\/"},"modified":"2026-01-09T09:33:13","modified_gmt":"2026-01-09T09:33:13","slug":"indeks-wig20-spadl-o-236-na-zamknieciu-w-czwartek-inwestycje-pl","status":"publish","type":"post","link":"https:\/\/www.europesays.com\/pl\/195507\/","title":{"rendered":"Indeks WIG20 spad\u0142 o 2,36% na zamkni\u0119ciu w czwartek \u2013 Inwestycje.pl"},"content":{"rendered":"<p class=\"has-medium-font-size\">Indeks gie\u0142dowy WIG20 spad\u0142 o 2,36% wobec poprzedniego zamkni\u0119cia i osi\u0105gn\u0105\u0142 poziom 3\u00a0233,92 pkt w czwartek, 08 stycznia.<\/p>\n<p>Indeks WIG spad\u0142 o 2,01% wobec poprzedniego zamkni\u0119cia i osi\u0105gn\u0105\u0142 119\u00a0960,91 pkt.<\/p>\n<p>Indeks mWIG40 spad\u0142 o 1,15% i osi\u0105gn\u0105\u0142 poziom 8\u00a0549,63 pkt, za\u015b sWIG80 spad\u0142 o 0,49% do 30\u00a0883,73 pkt.<\/p>\n<p>Obroty na rynku akcji wynios\u0142y 2718,99 mln z\u0142; najwi\u0119ksze zosta\u0142y zanotowane przez KGHM POLSKA MIED\u0179 \u2013 438,13 mln z\u0142.<\/p>\n<p>Na GPW wzros\u0142y ceny akcji 117 sp\u00f3\u0142ek, 210 spad\u0142y, a 72 nie zmieni\u0142y si\u0119.<\/p>\n<p>\u0179r\u00f3d\u0142o: ISBnews<\/p>\n","protected":false},"excerpt":{"rendered":"Indeks gie\u0142dowy WIG20 spad\u0142 o 2,36% wobec poprzedniego zamkni\u0119cia i osi\u0105gn\u0105\u0142 poziom 3\u00a0233,92 pkt w czwartek, 08 stycznia.&hellip;\n","protected":false},"author":2,"featured_media":195508,"comment_status":"","ping_status":"","sticky":false,"template":"","format":"standard","meta":{"footnotes":""},"categories":[16],"tags":[113,112,42,38,40,39,41,37861,37862,37863],"class_list":{"0":"post-195507","1":"post","2":"type-post","3":"status-publish","4":"format-standard","5":"has-post-thumbnail","7":"category-biznes","8":"tag-biznes","9":"tag-business","10":"tag-pl","11":"tag-poland","12":"tag-polish","13":"tag-polska","14":"tag-polski","15":"tag-wig","16":"tag-wig20","17":"tag-wig30"},"share_on_mastodon":{"url":"https:\/\/pubeurope.com\/@pl\/115864456554752255","error":""},"_links":{"self":[{"href":"https:\/\/www.europesays.com\/pl\/wp-json\/wp\/v2\/posts\/195507","targetHints":{"allow":["GET"]}}],"collection":[{"href":"https:\/\/www.europesays.com\/pl\/wp-json\/wp\/v2\/posts"}],"about":[{"href":"https:\/\/www.europesays.com\/pl\/wp-json\/wp\/v2\/types\/post"}],"author":[{"embeddable":true,"href":"https:\/\/www.europesays.com\/pl\/wp-json\/wp\/v2\/users\/2"}],"replies":[{"embeddable":true,"href":"https:\/\/www.europesays.com\/pl\/wp-json\/wp\/v2\/comments?post=195507"}],"version-history":[{"count":0,"href":"https:\/\/www.europesays.com\/pl\/wp-json\/wp\/v2\/posts\/195507\/revisions"}],"wp:featuredmedia":[{"embeddable":true,"href":"https:\/\/www.europesays.com\/pl\/wp-json\/wp\/v2\/media\/195508"}],"wp:attachment":[{"href":"https:\/\/www.europesays.com\/pl\/wp-json\/wp\/v2\/media?parent=195507"}],"wp:term":[{"taxonomy":"category","embeddable":true,"href":"https:\/\/www.europesays.com\/pl\/wp-json\/wp\/v2\/categories?post=195507"},{"taxonomy":"post_tag","embeddable":true,"href":"https:\/\/www.europesays.com\/pl\/wp-json\/wp\/v2\/tags?post=195507"}],"curies":[{"name":"wp","href":"https:\/\/api.w.org\/{rel}","templated":true}]}}