{"id":195509,"date":"2026-01-09T09:36:15","date_gmt":"2026-01-09T09:36:15","guid":{"rendered":"https:\/\/www.europesays.com\/pl\/195509\/"},"modified":"2026-01-09T09:36:15","modified_gmt":"2026-01-09T09:36:15","slug":"nadkomisarz-grzegorz-boron-objal-obowiazki-komendanta-miejskiego-policji-w-tarnobrzegu-aktualnosci","status":"publish","type":"post","link":"https:\/\/www.europesays.com\/pl\/195509\/","title":{"rendered":"Nadkomisarz Grzegorz Boro\u0144 obj\u0105\u0142 obowi\u0105zki Komendanta Miejskiego Policji w Tarnobrzegu &#8211; Aktualno\u015bci"},"content":{"rendered":"<p>&#13;<\/p>\n<p>    Nadkomisarz Grzegorz Boro\u0144 obj\u0105\u0142 obowi\u0105zki Komendanta Miejskiego Policji w Tarnobrzegu    <\/p>\n<p class=\"intro\">Dzisiaj przed po\u0142udniem, odby\u0142a si\u0119 uroczysta zbi\u00f3rka z okazji zdania i obj\u0119cia obowi\u0105zk\u00f3w s\u0142u\u017cbowych na stanowisku Komendanta Miejskiego Policji w Tarnobrzegu. Ze sztandarem tarnobrzeskiej komendy po\u017cegna\u0142 si\u0119 m\u0142. insp. Rajmund Murek. Jego obowi\u0105zki przej\u0105\u0142 dotychczasowy Zast\u0119pca Komendanta Miejskiego Policji w Tarnobrzegu nadkom. Grzegorz Boro\u0144. W uroczysto\u015bci wzi\u0105\u0142 udzia\u0142 Komendant Wojew\u00f3dzki Policji w Rzeszowie nadinsp. Andrzej Patrza\u0142ek.<\/p>\n<p>   &#13;<\/p>\n<p>Uroczysta zbi\u00f3rka z okazji zdania i obj\u0119cia obowi\u0105zk\u00f3w s\u0142u\u017cbowych na stanowisku Komendanta Miejskiego Policji w Tarnobrzegu, rozpocz\u0119\u0142a si\u0119 przyj\u0119ciem przez Komendanta Wojew\u00f3dzkiego Policji w Rzeszowie nadinsp. Andrzeja Patrza\u0142ka, meldunku od dow\u00f3dcy uroczysto\u015bci Naczelnika Wydzia\u0142u Prewencji KMP w Tarnobrzegu kom. Karola Krzemi\u0144skiego.<\/p>\n<p>&#13;<br \/>\n&#13;<\/p>\n<p>W spotkaniu udzia\u0142 wzi\u0119li: Starosta Tarnobrzeski Pawe\u0142 Bartoszek, Prezydent Miasta Tarnobrzega \u0141ukasz Nowak, Burmistrz Miasta i Gminy Baran\u00f3w Sandomierski Marek Mazur, Burmistrz Miasta i Gminy Nowa D\u0119ba Wies\u0142aw Ordon, W\u00f3jt Gminy Gorzyce Leszek Surdy, W\u00f3jt Gminy Gr\u0119b\u00f3w Kazimierz Sk\u00f3ra. Obecni byli te\u017c przedstawiciele wymiaru sprawiedliwo\u015bci: Kierownik I Wydzia\u0142u \u015aledczego Prokuratury Okr\u0119gowej w Tarnobrzegu Marcin Kurdziel, Prokurator Rejonowa w Tarnobrzegu Katarzyna Ma\u0144kowska &#8211; Lis. Byli r\u00f3wnie\u017c: Komendant Miejski Pa\u0144stwowej Stra\u017cy Po\u017carnej w Tarnobrzegu bryg. Daniel Myszka, Komendant Stra\u017cy Miejskiej Rober K\u0119dziora, Rektor Pa\u0144stwowej Akademii Nauk Stosowanych im. prof. Stanis\u0142awa Tarnowskiego w Tarnobrzegu dr hab. Pawe\u0142 Maciaszczyk, Kapelan Komendy Miejskiej Policji w Tarnobrzegu ks. Dziekan Adam Marek, emeryci policyjni, karda kierownicza, policjantki, policjanci oraz pracownicy jednostki.<\/p>\n<p>&#13;<br \/>\n&#13;<\/p>\n<p>Podczas uroczysto\u015bci m\u0142. insp. Rajmund Murek po\u017cegna\u0142 si\u0119 ze sztandarem jednostki oraz z\u0142o\u017cy\u0142 Komendantowi Wojew\u00f3dzkiemu Policji w Rzeszowie nadinsp. Andrzejowi Patrza\u0142kowi, meldunek o zdaniu stanowiska Komendanta Miejskiego Policji w Tarnobrzegu. W czasie swojej 30-letniej s\u0142u\u017cby w tarnobrzeskiej jednostce by\u0142 wielokrotnie odznaczany i nagradzany m. in.: Srebrnym Medalem za \u201eD\u0142ugoletni\u0105 S\u0142u\u017cb\u0119\u201d, Z\u0142ot\u0105 Odznak\u0105 &#8222;Zas\u0142u\u017cony Policjant&#8221;.<\/p>\n<p>&#13;<br \/>\n&#13;<\/p>\n<p>Komendant Wojew\u00f3dzki Policji w Rzeszowie nadinsp. Andrzej Patrza\u0142ek powierzy\u0142 pe\u0142nienie obowi\u0105zk\u00f3w s\u0142u\u017cbowych na stanowisku Komendanta Miejskiego Policji w Tarnobrzegu nadkom. Grzegorzowi Boroniowi, kt\u00f3ry do 8 stycznia br., pe\u0142ni\u0142 obowi\u0105zki Zast\u0119pcy Komendanta Miejskiego Policji w Tarnobrzegu.<\/p>\n<p>&#13;<br \/>\n&#13;<\/p>\n<p>Po uroczystej ceremonii po\u017cegnania i przywitania ze Sztandarem Komendy Miejskiej Policji w Tarnobrzegu, wyg\u0142oszono okoliczno\u015bciowe przem\u00f3wienia.<\/p>\n<p>&#13;<br \/>\n&#13;<\/p>\n<p>Jako pierwszy g\u0142os zabra\u0142 Komendant Wojew\u00f3dzki Policji w Rzeszowie nadinsp. Andrzej Patrza\u0142ek, kt\u00f3ry powiedzia\u0142 \u201eSzanowi Pa\u0144stwo, po 30 latach pe\u0142nienia s\u0142u\u017cby w Komendzie Miejskiej Policji w Tarnobrzegu i rocznym kierowaniu t\u0105 jednostk\u0105 powierzam m\u0142.insp. Rajmundowi Murkowi pe\u0142nienie obowi\u0105zk\u00f3w s\u0142u\u017cbowych na stanowisku Komendanta Powiatowego Policji w Nisku. Jako Komendant Wojew\u00f3dzki Policji stawiam na nowoczesn\u0105 Policj\u0119 i dbam aby garnizon podkarpacki odnosi\u0142 wysokie wyniki w zakresie bezpiecze\u0144stwa i porz\u0105dku publicznego w ka\u017cdym powiecie. Dzi\u0119kuj\u0119 Panu Komendantowi za te lata s\u0142u\u017cby tutaj, \u017cycz\u0119 wytrwa\u0142o\u015bci i podejmowania samych trafnych decyzji. Z uwagi na bardzo wysoko ocenian\u0105 prac\u0119 pionu prewencji i ruchu drogowego w tarnobrzeskiej jednostce, powierzam pe\u0142nienie obowi\u0105zk\u00f3w s\u0142u\u017cbowych na stanowisku Komendanta Miejskiego Policji w Tarnobrzegu nadkom. Grzegorzowi Boroniowi.&#8221;<\/p>\n<p>&#13;<br \/>\n&#13;<\/p>\n<p>W dalszej cz\u0119\u015bci uroczystej zbi\u00f3rki, zaproszeni go\u015bcie sk\u0142adali podzi\u0119kowania za wieloletni\u0105 wsp\u00f3\u0142prac\u0119 z samorz\u0105dem miasta i powiatu tarnobrzeskiego oraz wsp\u00f3lne dzia\u0142ania na rzecz poprawy bezpiecze\u0144stwa lokalnej spo\u0142eczno\u015bci.<\/p>\n<p>&#13;<br \/>\n&#13;<\/p>\n<p>Obejmuj\u0105cy stanowisko Komendanta Miejskiego Policji w Tarnobrzegu nadkom. Grzegorz Boro\u0144 podzi\u0119kowa\u0142\u00a0za okazane zaufanie, a odbieraj\u0105c gratulacje zapewni\u0142 o wsp\u00f3\u0142pracy z przedstawicielami samorz\u0105d\u00f3w, wymiaru sprawiedliwo\u015bci m\u00f3wi\u0105c \u201eDeklaruj\u0119 ch\u0119\u0107 wsp\u00f3\u0142pracy z w\u0142adzami samorz\u0105dowymi na rzecz bezpiecze\u0144stwa mieszka\u0144c\u00f3w powiatu tarnobrzeskiego. Dzi\u0119kuj\u0119 mojemu poprzednikowi oraz kadrze kierowniczej za realizacj\u0119 zada\u0144 s\u0142u\u017cbowych. Zapewniam, \u017ce moim celem jest skuteczne realizowanie ustawowych zada\u0144 Policji, dba\u0142o\u015b\u0107 o wysoki poziom dyscypliny, profesjonalizmu oraz gotowo\u015bci do s\u0142u\u017cby. Tylko zdyscyplinowany i zgodny zesp\u00f3\u0142 jest w stanie sprosta\u0107 oczekiwaniom spo\u0142ecze\u0144stwa.\u201d<\/p>\n<p>&#13;<br \/>\n&#13;<\/p>\n<p>Nadkomisarz Grzegorz Boro\u0144 s\u0142u\u017cb\u0119 w Policji rozpocz\u0105\u0142 w 2002 roku w Komendzie Sto\u0142ecznej Policji. Jest absolwentem Wy\u017cszej Szko\u0142y Policji w Szczytnie oraz Akademii \u015awi\u0119tokrzyskiej. W czasie swojej s\u0142u\u017cby zosta\u0142 uhonorowany mi\u0119dzy innymi Srebrnym Medalem \u201eZa d\u0142ugoletni\u0105 s\u0142u\u017cb\u0119\u201d.<\/p>\n<p>&#13;<br \/>\n      &#13;<br \/>\n     &#13;<br \/>\n  &#13;<br \/>\n  &#13;<\/p>\n","protected":false},"excerpt":{"rendered":"&#13; Nadkomisarz Grzegorz Boro\u0144 obj\u0105\u0142 obowi\u0105zki Komendanta Miejskiego Policji w Tarnobrzegu Dzisiaj przed po\u0142udniem, odby\u0142a si\u0119 uroczysta zbi\u00f3rka&hellip;\n","protected":false},"author":2,"featured_media":195510,"comment_status":"","ping_status":"","sticky":false,"template":"","format":"standard","meta":{"footnotes":""},"categories":[5],"tags":[32,33,36,37,27,34,35,28,31,25,42,38,40,39,41,29,30,26],"class_list":{"0":"post-195509","1":"post","2":"type-post","3":"status-publish","4":"format-standard","5":"has-post-thumbnail","7":"category-naglowki","8":"tag-breaking-news","9":"tag-breakingnews","10":"tag-featured-news","11":"tag-featurednews","12":"tag-headlines","13":"tag-latest-news","14":"tag-latestnews","15":"tag-naglowki","16":"tag-najwazniejsze-artykuly","17":"tag-news","18":"tag-pl","19":"tag-poland","20":"tag-polish","21":"tag-polska","22":"tag-polski","23":"tag-top-stories","24":"tag-topstories","25":"tag-wiadomosci"},"share_on_mastodon":{"url":"https:\/\/pubeurope.com\/@pl\/115864468505996205","error":""},"_links":{"self":[{"href":"https:\/\/www.europesays.com\/pl\/wp-json\/wp\/v2\/posts\/195509","targetHints":{"allow":["GET"]}}],"collection":[{"href":"https:\/\/www.europesays.com\/pl\/wp-json\/wp\/v2\/posts"}],"about":[{"href":"https:\/\/www.europesays.com\/pl\/wp-json\/wp\/v2\/types\/post"}],"author":[{"embeddable":true,"href":"https:\/\/www.europesays.com\/pl\/wp-json\/wp\/v2\/users\/2"}],"replies":[{"embeddable":true,"href":"https:\/\/www.europesays.com\/pl\/wp-json\/wp\/v2\/comments?post=195509"}],"version-history":[{"count":0,"href":"https:\/\/www.europesays.com\/pl\/wp-json\/wp\/v2\/posts\/195509\/revisions"}],"wp:featuredmedia":[{"embeddable":true,"href":"https:\/\/www.europesays.com\/pl\/wp-json\/wp\/v2\/media\/195510"}],"wp:attachment":[{"href":"https:\/\/www.europesays.com\/pl\/wp-json\/wp\/v2\/media?parent=195509"}],"wp:term":[{"taxonomy":"category","embeddable":true,"href":"https:\/\/www.europesays.com\/pl\/wp-json\/wp\/v2\/categories?post=195509"},{"taxonomy":"post_tag","embeddable":true,"href":"https:\/\/www.europesays.com\/pl\/wp-json\/wp\/v2\/tags?post=195509"}],"curies":[{"name":"wp","href":"https:\/\/api.w.org\/{rel}","templated":true}]}}