{"id":195517,"date":"2026-01-09T09:43:08","date_gmt":"2026-01-09T09:43:08","guid":{"rendered":"https:\/\/www.europesays.com\/pl\/195517\/"},"modified":"2026-01-09T09:43:08","modified_gmt":"2026-01-09T09:43:08","slug":"wyszla-na-jaw-prawda-ws-marty-nawrockiej-stylistka-pierwszej-damy-zabrala-glos","status":"publish","type":"post","link":"https:\/\/www.europesays.com\/pl\/195517\/","title":{"rendered":"Wysz\u0142a na jaw prawda ws. Marty Nawrockiej. Stylistka pierwszej damy zabra\u0142a g\u0142os"},"content":{"rendered":"<p>Wysz\u0142a na jaw prawda ws. Marty Nawrockiej. Stylistka m\u00f3wi wprost<\/p>\n<p class=\"typography ids-typeset-body ids-typeset-body--preset-large link paragraph ids-paragraph ids-paragraph--default\"><a href=\"https:\/\/www.pomponik.pl\/gwiazdy-i-produkcje-marta-nawrocka,gsbi,6771\" target=\"_self\" rel=\"nofollow noopener\">Marta Nawrocka<\/a> obj\u0119\u0142a funkcj\u0119 pierwszej damy naszego kraju 6 sierpnia 2025 roku i od tego czasu niezmiennie wzbudza zainteresowanie wsz\u0119dzie tam, gdzie si\u0119 pojawi. Kobieta &#8211; jak uprzednio zapewnia\u0142a &#8211; jest aktywna i ch\u0119tnie anga\u017cuje si\u0119 w rozmaite przedsi\u0119wzi\u0119cia. Ka\u017cde jej publiczne wyst\u0105pienie jest szeroko komentowane w mediach. Dotyczy to zar\u00f3wno jej wypowiedzi, jak i stylizacji.<\/p>\n<p class=\"typography ids-typeset-body ids-typeset-body--preset-large link paragraph ids-paragraph ids-paragraph--default\">Prawd\u0119 na temat Marty Nawrockiej postanowi\u0142a wyjawi\u0107 jej stylistka, Magdalena Rycerska-Zdunek. W rozmowie z Super Expressem kobieta przyzna\u0142a, \u017ce nie s\u0105dzi\u0142a, \u017ce kreacje pierwszej damy wzbudz\u0105 takie poruszenie.<\/p>\n<p class=\"typography ids-typeset-body ids-typeset-body--preset-large link paragraph ids-paragraph ids-paragraph--default\">&#8222;Nie, absolutnie si\u0119 tego nie spodziewa\u0142am. Oczywi\u015bcie mia\u0142am \u015bwiadomo\u015b\u0107, \u017ce styl pierwszej damy b\u0119dzie poddawany nieustannej obserwacji i analizie, jednak intensywno\u015b\u0107 publikacji i emocji wok\u00f3\u0142 stylizacji by\u0142a dla mnie sporym zaskoczeniem. Jestem osob\u0105 spoza \u015bwiata medi\u00f3w. Pracuj\u0119 raczej 'za kulisami&#8217;. (\u2026) Wsp\u00f3\u0142praca z Mart\u0105 Nawrock\u0105 to dla mnie zaszczyt i wielkie wyr\u00f3\u017cnienie.\u00a0Fakt, \u017ce pierwsza dama obdarzy\u0142a mnie zaufaniem i wybra\u0142a w\u0142a\u015bnie mnie, traktuj\u0119 bardzo osobi\u015bcie (\u2026)&#8221; &#8211; podkre\u015bli\u0142a stylistka.<\/p>\n<p>Ewa Chodakowska o relacji z Lewandowsk\u0105. Co my\u015bli o diecie gwiazd?pomponik.pl<\/p>\n<p>Tego o pierwszej damie nikt nie wiedzia\u0142. Nawrocka sama projektuje stroje<\/p>\n<p class=\"typography ids-typeset-body ids-typeset-body--preset-large link paragraph ids-paragraph ids-paragraph--default\">Magdalena Rycerska-Zdunek nie ukrywa, \u017ce niekt\u00f3re komentarze dotycz\u0105ce kreacji pierwszej damy by\u0142y dla niej trudne. Stylistka nie s\u0105dzi\u0142a, \u017ce jej praca b\u0119dzie wywo\u0142ywa\u0107 tak skrajne opinie.<\/p>\n<p class=\"typography ids-typeset-body ids-typeset-body--preset-large link paragraph ids-paragraph ids-paragraph--default\">&#8222;(\u2026) Czyta\u0142am ka\u017cdy komentarz i ka\u017cdy artyku\u0142, staraj\u0105c si\u0119 zrozumie\u0107 odbi\u00f3r stylizacji. Bardzo prze\u017cywa\u0142am ka\u017cd\u0105 krytyk\u0119. Z ka\u017cdym miesi\u0105cem zacz\u0119\u0142am traktowa\u0107 j\u0105 jak warto\u015bciow\u0105 lekcj\u0119 &#8211; co\u015b, co pozwala si\u0119 rozwija\u0107 i uczy dystansu. Najwa\u017cniejsze jest dla mnie to, by pierwsza dama czu\u0142a si\u0119 dobrze i pewnie w tym, co nosi oraz by stylizacja by\u0142a adekwatna do okazji. (\u2026)&#8221; &#8211; m\u00f3wi\u0142a kobieta w rozmowie z Super Expressem.<\/p>\n<p class=\"typography ids-typeset-body ids-typeset-body--preset-large link paragraph ids-paragraph ids-paragraph--default\">Przy okazji ekspertka modowa zdradzi\u0142a, \u017ce Marta Nawrocka ma du\u017cy udzia\u0142 w projektowaniu stroj\u00f3w. Niekt\u00f3re z nich zosta\u0142y stworzone w ca\u0142o\u015bci z jej pomys\u0142u.<\/p>\n<p class=\"typography ids-typeset-body ids-typeset-body--preset-large link paragraph ids-paragraph ids-paragraph--default\">&#8222;Tak, pierwsza dama ma bardzo du\u017cy wk\u0142ad w tworzenie swoich stylizacji. Jest niezwykle \u015bwiadoma swojego stylu, ma doskona\u0142e wyczucie estetyki. Uwielbiam jej kreatywno\u015b\u0107. Cz\u0119sto \u017cartujemy w garderobie, \u017ce 'szefowa ma najlepsze pomys\u0142y&#8217;. (\u2026) W ka\u017cdym stroju jest jaki\u015b element jej w\u0142asnego pomys\u0142u &#8211; czasem to kolor tkaniny, czasem guzik, czy inne dodatki&#8221; &#8211; zaznaczy\u0142a Rycerska-Zdunek.<\/p>\n<p class=\"typography ids-typeset-body ids-typeset-body--preset-large link paragraph ids-paragraph ids-paragraph--default\">ZOBACZ TAK\u017bE:<\/p>\n<p class=\"typography ids-typeset-body ids-typeset-body--preset-large link paragraph ids-paragraph ids-paragraph--default\"><a href=\"https:\/\/www.pomponik.pl\/plotki\/news-doniesienia-ws-nawrockiej-potwierdzily-sie-po-czasie-jest-ta,nId,22506143\" target=\"_self\" rel=\"nofollow noopener\">Doniesienia ws. Nawrockiej potwierdzi\u0142y si\u0119 po czasie. Jest tak, jak ludzie my\u015bleli<\/a><\/p>\n<p class=\"typography ids-typeset-body ids-typeset-body--preset-large link paragraph ids-paragraph ids-paragraph--default\"><a href=\"https:\/\/www.pomponik.pl\/plotki\/news-nawrocka-w-swoja-piata-miesiecznice-pokazala-na-co-ja-stac-e,nId,22506020\" target=\"_self\" rel=\"nofollow noopener\">Nawrocka w swoj\u0105 pi\u0105t\u0105 miesi\u0119cznic\u0119 pokaza\u0142a, na co j\u0105 sta\u0107. Ekspertka ma ma proste wnioski<\/a><\/p>\n<p class=\"typography ids-typeset-body ids-typeset-body--preset-large link paragraph ids-paragraph ids-paragraph--default\"><a href=\"https:\/\/www.pomponik.pl\/porady-i-uroda\/news-w-swieta-zabral-glos-ws-marty-nawrockiej-tymi-slowami-rozwia,nId,22502844\" target=\"_self\" rel=\"nofollow noopener\">W \u015bwi\u0119ta zabra\u0142 g\u0142os ws. Marty Nawrockiej. Tymi s\u0142owami rozwia\u0142 wszelkie w\u0105tpliwo\u015bci<\/a><\/p>\n<p>Czytaj tak\u017ce:<a id=\"a-img\" class=\"hl-6\"><img class=\"hl-8\"\/><\/a><a id=\"a-main\" class=\"hl-9\"\/>Halo! Wejd\u017a na <a id=\"halo-text-a\" href=\"https:\/\/halotu.polsat.pl#parametr=link_halo\" rel=\"nofollow noopener\" target=\"_blank\">halotu.polsat.pl<\/a> i nie przegap naj\u015bwie\u017cszych informacji z poranka w Polsacie.<\/p>\n","protected":false},"excerpt":{"rendered":"Wysz\u0142a na jaw prawda ws. Marty Nawrockiej. Stylistka m\u00f3wi wprost Marta Nawrocka obj\u0119\u0142a funkcj\u0119 pierwszej damy naszego kraju&hellip;\n","protected":false},"author":2,"featured_media":195518,"comment_status":"","ping_status":"","sticky":false,"template":"","format":"standard","meta":{"footnotes":""},"categories":[5],"tags":[32,33,36,37,27,34,35,28,31,25,42,38,40,39,41,29,30,26],"class_list":{"0":"post-195517","1":"post","2":"type-post","3":"status-publish","4":"format-standard","5":"has-post-thumbnail","7":"category-naglowki","8":"tag-breaking-news","9":"tag-breakingnews","10":"tag-featured-news","11":"tag-featurednews","12":"tag-headlines","13":"tag-latest-news","14":"tag-latestnews","15":"tag-naglowki","16":"tag-najwazniejsze-artykuly","17":"tag-news","18":"tag-pl","19":"tag-poland","20":"tag-polish","21":"tag-polska","22":"tag-polski","23":"tag-top-stories","24":"tag-topstories","25":"tag-wiadomosci"},"share_on_mastodon":{"url":"https:\/\/pubeurope.com\/@pl\/115864496133053905","error":""},"_links":{"self":[{"href":"https:\/\/www.europesays.com\/pl\/wp-json\/wp\/v2\/posts\/195517","targetHints":{"allow":["GET"]}}],"collection":[{"href":"https:\/\/www.europesays.com\/pl\/wp-json\/wp\/v2\/posts"}],"about":[{"href":"https:\/\/www.europesays.com\/pl\/wp-json\/wp\/v2\/types\/post"}],"author":[{"embeddable":true,"href":"https:\/\/www.europesays.com\/pl\/wp-json\/wp\/v2\/users\/2"}],"replies":[{"embeddable":true,"href":"https:\/\/www.europesays.com\/pl\/wp-json\/wp\/v2\/comments?post=195517"}],"version-history":[{"count":0,"href":"https:\/\/www.europesays.com\/pl\/wp-json\/wp\/v2\/posts\/195517\/revisions"}],"wp:featuredmedia":[{"embeddable":true,"href":"https:\/\/www.europesays.com\/pl\/wp-json\/wp\/v2\/media\/195518"}],"wp:attachment":[{"href":"https:\/\/www.europesays.com\/pl\/wp-json\/wp\/v2\/media?parent=195517"}],"wp:term":[{"taxonomy":"category","embeddable":true,"href":"https:\/\/www.europesays.com\/pl\/wp-json\/wp\/v2\/categories?post=195517"},{"taxonomy":"post_tag","embeddable":true,"href":"https:\/\/www.europesays.com\/pl\/wp-json\/wp\/v2\/tags?post=195517"}],"curies":[{"name":"wp","href":"https:\/\/api.w.org\/{rel}","templated":true}]}}