{"id":195549,"date":"2026-01-09T10:00:09","date_gmt":"2026-01-09T10:00:09","guid":{"rendered":"https:\/\/www.europesays.com\/pl\/195549\/"},"modified":"2026-01-09T10:00:09","modified_gmt":"2026-01-09T10:00:09","slug":"z-czym-polska-przyjechala-na-ces-2026-widzialem-nasz-pawilon","status":"publish","type":"post","link":"https:\/\/www.europesays.com\/pl\/195549\/","title":{"rendered":"Z czym Polska przyjecha\u0142a na CES 2026? Widzia\u0142em nasz pawilon"},"content":{"rendered":"<p data-section=\"detail-body\">Ponad 140 tys. uczestnik\u00f3w i ok. 4,1 tys. wystawiaj\u0105cych si\u0119 firm i instytucji \u2014 to szacunkowe liczby o tegorocznych targach CES w Las Vegas \u2014 najwa\u017cniejszej imprezie technologicznej globu. To tu swoje nowo\u015bci i plany prezentuj\u0105 takie firmy jak Nvidia, Microsoft, Amazon, czy Meta. A w g\u0142\u00f3wnym holu, kt\u00f3rym musia\u0142 przej\u015b\u0107 prawie ka\u017cdy uczestnik tego wydarzenia, widnia\u0142a\u2026 reklama polskiego pawilonu.<\/p>\n<p class=\"article_p\" data-section=\"detail-body\">Dalsza cz\u0119\u015b\u0107 artyku\u0142u pod wideo:<\/p>\n<p class=\"article_p\" data-section=\"detail-body\">I to chyba najwi\u0119kszy z &#8222;fajerwerk\u00f3w&#8221;, o jakim mo\u017cna powiedzie\u0107 w kontek\u015bcie polskiej obecno\u015bci na CES. Nie oznacza to jednak, \u017ce nie mieli\u015bmy nic do zaoferowania.<\/p>\n<p class=\"article_p\" data-section=\"detail-body\">Sam pawilon, w kt\u00f3rego otwarciu wzi\u0105\u0142 udzia\u0142 m.in. Gary Shapiro, prezes Consumer Technology Association (organizatora CES), jest do\u015b\u0107 skromny \u2014 niewielkie ekrany informuj\u0105 o wystawiaj\u0105cych si\u0119 rodzimych przedsi\u0119biorstwach, w \u015brodku pozostawiono kilka stolik\u00f3w na networking. Pomys\u0142odawcy t\u0142umacz\u0105 jednak, \u017ce to \u015bwiadomy zabieg.<\/p>\n<p>                    <img decoding=\"async\" loading=\"lazy\" class=\"article-image_container--img\" id=\"image_bcc1072b-a9ed-401e-977f-40cbed9fe76b\" alt=\"Polski pawilon podczas CES 2026\" src=\"https:\/\/www.europesays.com\/pl\/wp-content\/uploads\/2026\/01\/a5lk9kpTURBXy9hNjc5NTAwYmE0YTBlMmE1MTFiMjM0ZmRkMzJjNDRiNi5qcGeRkwLNA5gA3gACoTABoTEB.jpeg\"\/><\/p>\n<p>            Polski pawilon podczas CES 2026<\/p>\n<p>                    |<br \/>\n                    Grzegorz Kowalczyk \/ Grzegorz Kowalczyk<\/p>\n<p>            Czytaj tak\u017ce w BUSINESS INSIDER<\/p>\n<p class=\"article_p\" data-section=\"detail-body\">\u2014 Zamys\u0142em naszej obecno\u015bci podczas CES jest pomoc polskim firmom technologicznym w nawi\u0105zywaniu kontakt\u00f3w z graczami na ca\u0142ym \u015bwiecie, budowaniu swojej reputacji w poszczeg\u00f3lnych bran\u017cach. Nie przyjechali\u015bmy tu, by \u015bciga\u0107 si\u0119 na efekty wizualne z najbogatszymi firmami \u015bwiata. To by\u0142oby groteskowe \u2014 t\u0142umaczy Wojciech Gajewski, koordynator programu Brand HUB, odpowiadaj\u0105cy za sektor IT.<\/p>\n<p class=\"article_p\" data-section=\"detail-body\">Agencja w tym roku zadebiutowa\u0142a na CES, wcze\u015bniej za organizacj\u0119 odpowiada\u0142a Polska Agencja Inwestycji i Handlu. Na otwarciu nie by\u0142o \u017cadnego polskiego polityka \u2014 symboliczn\u0105 wst\u0119g\u0119 przecinali m.in. przedstawiciele 15 polskich firm.<\/p>\n<p>                    <img decoding=\"async\" loading=\"lazy\" class=\"article-image_container--img\" id=\"image_dec94cd8-965c-4e32-94ac-1e5c5760f441\" alt=\"Przecinanie wst\u0119gi otwieraj\u0105cej polski pawilon na CES 2026\" src=\"https:\/\/www.europesays.com\/pl\/wp-content\/uploads\/2026\/01\/GGwk9kpTURBXy80ZmRjMTg2MGIxMzZiNGM5MGI2YThlNWQ0N2FmMDYxYS5qcGeRkwLNA5gA3gACoTABoTEB.jpeg\"\/><\/p>\n<p>            Przecinanie wst\u0119gi otwieraj\u0105cej polski pawilon na CES 2026<\/p>\n<p>                    |<br \/>\n                    PARP \/ PARP<\/p>\n<p>        CES? To si\u0119 op\u0142aca, ale polskim firmom brakuje odwagi<\/p>\n<p class=\"article_p\" data-section=\"detail-body\">Do pocz\u0105tku grudnia PARP zbiera\u0142 zg\u0142oszenia zainteresowanych przedsi\u0119biorstw. Ostatecznie przy polskim stanowisku stawi\u0142o si\u0119 w\u0142a\u015bnie 15 z nich. Dodatkowe 10 wys\u0142a\u0142o swoje materia\u0142y informacyjne. Przedsi\u0119biorstwa nie p\u0142aci\u0142y za przestrze\u0144 ekspozycyjn\u0105, jednak musia\u0142y pokry\u0107 koszty logistyki \u2014 zakwaterowania i transportu. A trzeba pami\u0119ta\u0107, \u017ce organizacja stoiska na CES to wydatek przekraczaj\u0105cy nawet 500 tys. z\u0142.<\/p>\n<p class=\"article_p\" data-section=\"detail-body\">Maciej G\u00f3ralski, prezes Vasco Electronics, firmy odpowiedzialnej za urz\u0105dzenia do t\u0142umaczenia symultanicznego, kt\u00f3ra jako jedno z dw\u00f3ch polskich przedsi\u0119biorstw zdecydowa\u0142a si\u0119 na samodzielne stoisko, wskazuje, \u017ce polskie firmy boj\u0105 si\u0119 czasem zaryzykowa\u0107. Na CES jako polski samodzielny gracz, firma jest osamotniona \u2014 opr\u00f3cz niej osobny pawilon wystawi\u0142a <a href=\"https:\/\/www.fakt.pl\/pieniadze\/zakupy\/bardzo-tanie-telefony-z-klawiatura-dla-seniora\/qm4vd2h\" id=\"ef7dd6f7-ca77-44f2-a097-022d1e790247\" rel=\"nofollow noopener\" target=\"_blank\">Mudita promuj\u0105ca m.in. swoje minimalistyczne telefony.<\/a><\/p>\n<p>                    <img decoding=\"async\" loading=\"lazy\" class=\"article-image_container--img\" id=\"image_bfc93cc7-49ce-419e-bebe-4ffb6e15782a\" alt=\"Stoisko Vasco\" src=\"https:\/\/www.europesays.com\/pl\/wp-content\/uploads\/2026\/01\/qtak9kpTURBXy9hZmZlNTZhZDI1OGQ4NWUwNjYxYWRlNzE2ZDZmNmM4Yi5qcGeRkwLNA5gA3gACoTABoTEB.jpeg\"\/><\/p>\n<p>            Stoisko Vasco<\/p>\n<p>                    |<br \/>\n                    Grzegorz Kowalczyk \/ Grzegorz Kowalczyk<\/p>\n<p class=\"article_p\" data-section=\"detail-body\">\u2014 Uwa\u017cam, \u017ce Polska ma ogromny potencja\u0142, a Polakom umiej\u0119tno\u015bci z pewno\u015bci\u0105 nie brakuje, ale brakuje nam czasem odwagi i pewno\u015bci siebie. My\u015blimy sobie: ju\u017c wszystko zosta\u0142o wymy\u015blone, tu jest za p\u00f3\u017ano, tam ju\u017c kto\u015b nad tym pracuje. Ale nies\u0142usznie. Gdy my wchodzili\u015bmy na rynek, pojawia\u0142 si\u0119 t\u0142umacz Google. W bran\u017cy dzia\u0142a\u0142o te\u017c pi\u0119ciu innych, du\u017cych graczy. Ju\u017c ich tam nie ma, s\u0105 za to inne firmy, a my mamy siln\u0105 pozycj\u0119 \u2014 t\u0142umaczy G\u00f3ralski, czyli szef firmy, kt\u00f3ra sprzedaje ponad 100 tys. translator\u00f3w rocznie.<\/p>\n<p class=\"article_p\" data-section=\"detail-body\">I przekonuje, obecno\u015b\u0107 w takich miejscach ma bezpo\u015brednie prze\u0142o\u017cenie na biznes. \u2014 Pomaga dotrze\u0107 do nowych klient\u00f3w. Pozna\u0107 ich perspektyw\u0119 dzi\u0119ki rozmowom z aktualnymi u\u017cytkownikami naszych urz\u0105dze\u0144, jak i tymi potencjalnymi, kt\u00f3rzy zawsze s\u0105 dla nas \u017ar\u00f3d\u0142em licznych inspiracji. Ludzie znajduj\u0105 nasz produkt, a je\u015bli si\u0119 im podoba, kupuj\u0105 go albo podejmuj\u0105 rozmow\u0119. Po targach widzimy wzmo\u017cone zainteresowanie. Jednocze\u015bnie mamy te\u017c okazj\u0119 porozmawia\u0107 bezpo\u015brednio z wieloma klientami. Ich opinie s\u0105 nie do przecenienia \u2014 opowiada.<\/p>\n<p>        Kto stawi\u0142 si\u0119 w Las Vegas?<\/p>\n<p class=\"article_p\" data-section=\"detail-body\">Promuj\u0105ce si\u0119 w polskim pawilonie firmy mo\u017cna podzieli\u0107 na pi\u0119\u0107 kategorii \u2014 AI i przetwarzanie danych, internet rzeczy, blockchain, cyberbezpiecze\u0144stwo i hardware. Sk\u0105d ich decyzja o pojawieniu si\u0119 w Las Vegas? Jak przyznaj\u0105, kieruj\u0105 si\u0119 g\u0142\u00f3wnie ch\u0119ci\u0105 rozpoznania ameryka\u0144skiego rynku, budow\u0105 popularno\u015bci w swoich niszach i poszukiwaniem funduszy.<\/p>\n<p class=\"article_p\" data-section=\"detail-body\">Dla Carumy \u2014 firmy zajmuj\u0105cej si\u0119 tworzeniem <a href=\"https:\/\/www.fakt.pl\/pieniadze\/wody-polskie-wprowadzaja-e-zezwolenia-na-wedkowanie-rewolucja-dla-wedkarzy\/lwfttyw\" id=\"955e7521-4281-4063-bf26-84d054ef5a6b\" rel=\"nofollow noopener\" target=\"_blank\">cyfrowych paszport\u00f3w produkt\u00f3w<\/a> (ma to by\u0107 rozwi\u0105zanie obowi\u0105zkowe dla produkt\u00f3w sprowadzanych do UE od 2030 r.) z wykorzystaniem technologii blockchain \u2014 jej pierwsza edycja CES to okazja do znalezienia klient\u00f3w na ameryka\u0144skim rynku i poszukiwania potencjalnego inwestora. Jej prezes Maciej Bu\u0142kowski podkre\u015bla, \u017ce Stany Zjednoczone stanowi\u0105 papierek lakmusowy dla jego firmy \u2014 je\u015bli tutaj si\u0119 sprawdzi, innym rynkom globalnym b\u0119dzie \u0142atwiej zrozumie\u0107 potrzeb\u0119 cyfrowych paszport\u00f3w.<\/p>\n<p class=\"article_p\" data-section=\"detail-body\">\u2014 Strach mo\u017ce mie\u0107 wielkie oczy przy tak du\u017cym wydarzeniu, ale te firmy, kt\u00f3re tutaj s\u0105, nie \u017ca\u0142uj\u0105. Znacznie wi\u0119cej polskich przedsi\u0119biorstw mog\u0142oby pomy\u015ble\u0107 o takiej obecno\u015bci. Nigdy nie wiadomo, kiedy nawi\u0105zana rozmowa mo\u017ce sta\u0107 si\u0119 d\u017awigni\u0105, kt\u00f3ra zmieni ca\u0142y biznes. Kilka firm opowiada\u0142o nam ju\u017c, jak na targach wst\u0119pne zainteresowanie ich pomys\u0142ami wyrazi\u0142o paru globalnych graczy. Pozostaje trzyma\u0107 za nie kciuki \u2014 podsumowuje Wojciech Gajewski.<\/p>\n<p class=\"article_p\" data-section=\"detail-body\">Z Las Vegas, Grzegorz Kowalczyk dziennikarz Business Insider Polska<\/p>\n","protected":false},"excerpt":{"rendered":"Ponad 140 tys. uczestnik\u00f3w i ok. 4,1 tys. wystawiaj\u0105cych si\u0119 firm i instytucji \u2014 to szacunkowe liczby o&hellip;\n","protected":false},"author":2,"featured_media":195550,"comment_status":"","ping_status":"","sticky":false,"template":"","format":"standard","meta":{"footnotes":""},"categories":[20],"tags":[120,118,119,42,38,40,39,41,116,114,115,121,117],"class_list":{"0":"post-195549","1":"post","2":"type-post","3":"status-publish","4":"format-standard","5":"has-post-thumbnail","7":"category-nauka-i-technika","8":"tag-nauka","9":"tag-nauka-i-technika","10":"tag-naukatechnika","11":"tag-pl","12":"tag-poland","13":"tag-polish","14":"tag-polska","15":"tag-polski","16":"tag-science","17":"tag-science-and-technology","18":"tag-sciencetechnology","19":"tag-technika","20":"tag-technology"},"share_on_mastodon":{"url":"https:\/\/pubeurope.com\/@pl\/115864562922625397","error":""},"_links":{"self":[{"href":"https:\/\/www.europesays.com\/pl\/wp-json\/wp\/v2\/posts\/195549","targetHints":{"allow":["GET"]}}],"collection":[{"href":"https:\/\/www.europesays.com\/pl\/wp-json\/wp\/v2\/posts"}],"about":[{"href":"https:\/\/www.europesays.com\/pl\/wp-json\/wp\/v2\/types\/post"}],"author":[{"embeddable":true,"href":"https:\/\/www.europesays.com\/pl\/wp-json\/wp\/v2\/users\/2"}],"replies":[{"embeddable":true,"href":"https:\/\/www.europesays.com\/pl\/wp-json\/wp\/v2\/comments?post=195549"}],"version-history":[{"count":0,"href":"https:\/\/www.europesays.com\/pl\/wp-json\/wp\/v2\/posts\/195549\/revisions"}],"wp:featuredmedia":[{"embeddable":true,"href":"https:\/\/www.europesays.com\/pl\/wp-json\/wp\/v2\/media\/195550"}],"wp:attachment":[{"href":"https:\/\/www.europesays.com\/pl\/wp-json\/wp\/v2\/media?parent=195549"}],"wp:term":[{"taxonomy":"category","embeddable":true,"href":"https:\/\/www.europesays.com\/pl\/wp-json\/wp\/v2\/categories?post=195549"},{"taxonomy":"post_tag","embeddable":true,"href":"https:\/\/www.europesays.com\/pl\/wp-json\/wp\/v2\/tags?post=195549"}],"curies":[{"name":"wp","href":"https:\/\/api.w.org\/{rel}","templated":true}]}}