{"id":195594,"date":"2026-01-09T10:24:12","date_gmt":"2026-01-09T10:24:12","guid":{"rendered":"https:\/\/www.europesays.com\/pl\/195594\/"},"modified":"2026-01-09T10:24:12","modified_gmt":"2026-01-09T10:24:12","slug":"andrzej-duda-nie-mogl-powstrzymac-smiechu-wskazal-ulubiony-mem-pokladalem-sie","status":"publish","type":"post","link":"https:\/\/www.europesays.com\/pl\/195594\/","title":{"rendered":"Andrzej Duda nie m\u00f3g\u0142 powstrzyma\u0107 \u015bmiechu. Wskaza\u0142 ulubiony mem: pok\u0142ada\u0142em si\u0119"},"content":{"rendered":"<p class=\"Paragraph_desktopParagraph__U31Gm\">By\u0142y prezydent <a href=\"https:\/\/plejada.pl\/temat\/andrzej-duda-polski-prezydent\/v0k1rq4\" id=\"2f852412-068b-4953-890a-f7caa9f9851f\" rel=\"nofollow noopener\" target=\"_blank\">Andrzej Duda<\/a> podczas swojej dziesi\u0119cioletniej kadencji sta\u0142 si\u0119 jednym z najbardziej rozpoznawalnych bohater\u00f3w internetowych mem\u00f3w w polskiej polityce. Internet szybko reagowa\u0142 na jego wyst\u0105pienia, gesty, mimik\u0119 czy niekt\u00f3re wpadki komunikacyjne, tworz\u0105c z nich \u017cartobliwe obrazki i kr\u00f3tkie formy, kt\u00f3re rozchodzi\u0142y si\u0119 wiralowo. W czwartkowej rozmowie z <a href=\"https:\/\/plejada.pl\/newsy\/bogdan-rymanowski-znika-z-programu-polsatu-wydal-oswiadczenie\/hdtrpr5\" id=\"bccbb79c-5983-4cdc-9353-54e4e29d2e6e\" rel=\"nofollow noopener\" target=\"_blank\">Bogdanem Rymanowskim<\/a> w audycji &#8222;Go\u015b\u0107 Radia ZET&#8221; pad\u0142o pytanie o ten jeden, kt\u00f3ry rozbawi\u0142 go najbardziej. I wtedy w studiu wybuch\u0142a salwa \u015bmiechu.<\/p>\n<ul class=\"OchatFollowUps_wrapper__1ry7X\">\n<li class=\"OchatFollowUps_item__Dhyly OchatFollowUps_itemDesktop__R6aBv\">Jaki mem najbardziej rozbawi\u0142 Andrzeja Dud\u0119?<\/li>\n<li class=\"OchatFollowUps_item__Dhyly OchatFollowUps_itemDesktop__R6aBv\">Jakie by\u0142o reakcje na memy dotycz\u0105ce Dudy?<\/li>\n<li class=\"OchatFollowUps_item__Dhyly OchatFollowUps_itemDesktop__R6aBv\">Co m\u00f3wi\u0142 Duda o swojej s\u0142ynnej wypowiedzi?<\/li>\n<li class=\"OchatFollowUps_item__Dhyly OchatFollowUps_itemDesktop__R6aBv\">Czy Duda uwa\u017ca, \u017ce inni te\u017c si\u0119 \u015bmiej\u0105 z tych mem\u00f3w?<\/li>\n<\/ul>\n<p>Andrzej Duda nie m\u00f3g\u0142 powstrzyma\u0107 \u015bmiechu. Wskaza\u0142 sw\u00f3j ulubiony mem: pok\u0142ada\u0142em si\u0119 <\/p>\n<p class=\"Paragraph_desktopParagraph__U31Gm\">\u2014 Pami\u0119tam, by\u0142 taki mem, \u017ce id\u0119 z pani\u0105 premier Beat\u0105 Szyd\u0142o \u2013 jeszcze chyba jako prezydent elekt w 2015 r. \u2013 i wida\u0107, \u017ce tak \u017cywo rozmawiamy, i ja niby zadaj\u0119 jej pytanie: \u00bba jak facetka zapyta mnie, gdzie le\u017cy Polska?\u00ab&#8221; A pani premier z tak\u0105 surow\u0105 min\u0105 odpowiada: \u00bbPolska nie le\u017cy, Polska stoi dumnie wyprostowana!\u00ab&#8221; \u2014 opowiada\u0142 prezydent Andrzej Duda, nie kryj\u0105c rozbawienia. <\/p>\n<p><img decoding=\"async\" class=\"Image_image__0tuHp Image_autoHeight__f2n87 \" height=\"587\" width=\"330\" src=\"https:\/\/www.europesays.com\/pl\/wp-content\/uploads\/2026\/01\/_u2k9kpTURBXy85ZTU5YWRiZGFmYzIzYzc2MWUwOWFjMjIxN2Q2MTVmZi5qcGeSlQLNA6wAwsOVAgDNAkvCw94AA6EwAaExAaEzw.jpeg\" alt=\"Prezydent Andrzej Duda o najzabawniejszym memie z jego udzia\u0142em\" loading=\"lazy\" \/>instagram.com\/michalmarszal<\/p>\n<p>Prezydent Andrzej Duda o najzabawniejszym memie z jego udzia\u0142em<\/p>\n<p class=\"Paragraph_desktopParagraph__U31Gm\">Razem z by\u0142ym prezydentem \u015bmia\u0142 si\u0119 te\u017c prowadz\u0105cy, kt\u00f3ry dopytywa\u0142: &#8222;ciekaw jestem, czy z tego mem cieszy si\u0119 te\u017c pani premier?&#8221;. <\/p>\n<p class=\"Paragraph_desktopParagraph__U31Gm\">Andrzej Duda przyzna\u0142, \u017ce dla niego ten \u017cart by\u0142 absolutnym hitem:<\/p>\n<blockquote>\n<p class=\"Paragraph_desktopParagraph__U31Gm\">Nie wiem, ale ja po prostu jak to zobaczy\u0142em, to pami\u0119tam, \u017ce pok\u0142ada\u0142em si\u0119 ze \u015bmiechu. Mn\u00f3stwo by\u0142o tych mem\u00f3w \u015bmiesznych. Niekt\u00f3re by\u0142y bardzo pieprzne zreszt\u0105 te\u017c<\/p>\n<\/blockquote>\n<p class=\"Paragraph_desktopParagraph__U31Gm\">Prowadz\u0105cy przypomnia\u0142 r\u00f3wnie\u017c s\u0142ynn\u0105 wypowied\u017a by\u0142ego prezydenta o tym, \u017ce &#8222;prezydent musi by\u0107 twardy&#8221;, kt\u00f3ra tak\u017ce szybko zosta\u0142a obr\u00f3cona w sieci w \u017cart. Andrzej Duda przyzna\u0142, \u017ce potrafi \u015bmia\u0107 si\u0119 tak\u017ce z tego.<\/p>\n<blockquote>\n<p class=\"Paragraph_desktopParagraph__U31Gm\">Oj tak. To s\u0142ynna moja wypowied\u017a. Ja si\u0119 do dzisiaj \u015bmiej\u0119, co ja za nastr\u00f3j mia\u0142em wtedy, \u017ce by\u0142em taki bardzo sieriozny<\/p>\n<\/blockquote>\n<p class=\"Paragraph_desktopParagraph__U31Gm\">\u2014 komentowa\u0142, znowu wybuchaj\u0105c \u015bmiechem.<\/p>\n<p><img decoding=\"async\" class=\"Image_image__0tuHp Image_autoHeight__f2n87 \" height=\"587\" width=\"880\" src=\"https:\/\/www.europesays.com\/pl\/wp-content\/uploads\/2026\/01\/9e7k9kuTURBXy9hMzczNjk5ZS02MDNkLTQzY2EtYWY5Ny1iNTE5NGVkYjYwMGMuanBlZ5OVAwAAzQ-QzQpglQLNA6wAwsOVAgDNA.jpeg\" alt=\"Andrzej Duda\" loading=\"lazy\" \/>PAP\/Leszek Szyma\u0144ski<\/p>\n<p>Andrzej Duda<\/p>\n<p class=\"Paragraph_desktopParagraph__U31Gm\">Dzi\u0119kujemy, \u017ce przeczyta\u0142a\u015b\/e\u015b nasz artyku\u0142 do ko\u0144ca. W serwisie Plejada.pl ka\u017cdego dnia piszemy o najwa\u017cniejszych wydarzeniach show-biznesowych. B\u0105d\u017a na bie\u017c\u0105co! <a rel=\"nofollow noopener\" href=\"https:\/\/profile.google.com\/cp\/Cg0vZy8xMWJ6X19wdHBx\" id=\"ba003e2b-aefd-41e5-a44f-e02a0a33dbdc\" target=\"_blank\">Obserwuj<\/a> Plejad\u0119 w Google. Odwied\u017a nas tak\u017ce na <a rel=\"nofollow noopener\" href=\"https:\/\/www.facebook.com\/plejadapl\" id=\"7aaa17b0-4516-4eb6-b3b3-ea80421fc7ee\" target=\"_blank\">Facebooku<\/a>, <a rel=\"nofollow noopener\" href=\"https:\/\/www.instagram.com\/plejadapl\/\" id=\"c884b874-8aaa-4d1c-aeec-4e1c7e2bb34e\" target=\"_blank\">Instagramie<\/a>, <a rel=\"nofollow noopener\" href=\"https:\/\/www.youtube.com\/c\/plejada\" id=\"aad79994-0eb1-4d55-90ff-3700be7b5066\" target=\"_blank\">YouTubie<\/a> oraz <a rel=\"nofollow noopener\" href=\"https:\/\/www.tiktok.com\/@plejada_pl\" id=\"0a3c87ac-5f9f-43a1-9904-511737951e15\" target=\"_blank\">TikToku<\/a>.<\/p>\n<p class=\"Paragraph_desktopParagraph__U31Gm\">Chcesz podzieli\u0107 si\u0119 ciekawym newsem lub zaproponowa\u0107 temat? Skontaktuj si\u0119 z nami, pisz\u0105c maila na adres: <a href=\"https:\/\/www.onet.pl\/styl-zycia\/plejada\/andrzej-duda-nie-mogl-powstrzymac-smiechu-wskazal-ulubiony-mem-pokladalem-sie\/mailto:plejada@redakcjaonet.pl\" id=\"02ea468e-958a-4b62-a095-42275ebc700b\" rel=\"nofollow noopener\" target=\"_blank\">plejada@redakcjaon<\/a><a rel=\"nofollow noopener\" href=\"http:\/\/et.pl\" id=\"15342854-db7f-45f5-9223-c4bdfda43e88\" target=\"_blank\">et.pl<\/a>.<\/p>\n<p><script async src=\"\/\/www.instagram.com\/embed.js\"><\/script><script async src=\"\/\/www.tiktok.com\/embed.js\"><\/script><\/p>\n","protected":false},"excerpt":{"rendered":"By\u0142y prezydent Andrzej Duda podczas swojej dziesi\u0119cioletniej kadencji sta\u0142 si\u0119 jednym z najbardziej rozpoznawalnych bohater\u00f3w internetowych mem\u00f3w w&hellip;\n","protected":false},"author":2,"featured_media":195595,"comment_status":"","ping_status":"","sticky":false,"template":"","format":"standard","meta":{"footnotes":""},"categories":[12],"tags":[2204,25504,20189,32,33,244,36,37,27,67,261,34,35,37872,28,31,53,25,52,68,51,55,42,38,40,39,41,20418,47,29,30,65,50,26],"class_list":{"0":"post-195594","1":"post","2":"type-post","3":"status-publish","4":"format-standard","5":"has-post-thumbnail","7":"category-polska","8":"tag-andrzej_duda_polski_prezydent","9":"tag-beata_szydlo_premier","10":"tag-bogdan_rymanowski","11":"tag-breaking-news","12":"tag-breakingnews","13":"tag-ctr_tst","14":"tag-featured-news","15":"tag-featurednews","16":"tag-headlines","17":"tag-intextvideo_splayer","18":"tag-kultura","19":"tag-latest-news","20":"tag-latestnews","21":"tag-mem","22":"tag-naglowki","23":"tag-najwazniejsze-artykuly","24":"tag-new_header","25":"tag-news","26":"tag-onet3","27":"tag-onet3d","28":"tag-onet3d_2i","29":"tag-phx","30":"tag-pl","31":"tag-poland","32":"tag-polish","33":"tag-polska","34":"tag-polski","35":"tag-radio_zet","36":"tag-screening_general","37":"tag-top-stories","38":"tag-topstories","39":"tag-update_me","40":"tag-v2021","41":"tag-wiadomosci"},"share_on_mastodon":{"url":"","error":"Validation failed: Text character limit of 500 exceeded"},"_links":{"self":[{"href":"https:\/\/www.europesays.com\/pl\/wp-json\/wp\/v2\/posts\/195594","targetHints":{"allow":["GET"]}}],"collection":[{"href":"https:\/\/www.europesays.com\/pl\/wp-json\/wp\/v2\/posts"}],"about":[{"href":"https:\/\/www.europesays.com\/pl\/wp-json\/wp\/v2\/types\/post"}],"author":[{"embeddable":true,"href":"https:\/\/www.europesays.com\/pl\/wp-json\/wp\/v2\/users\/2"}],"replies":[{"embeddable":true,"href":"https:\/\/www.europesays.com\/pl\/wp-json\/wp\/v2\/comments?post=195594"}],"version-history":[{"count":0,"href":"https:\/\/www.europesays.com\/pl\/wp-json\/wp\/v2\/posts\/195594\/revisions"}],"wp:featuredmedia":[{"embeddable":true,"href":"https:\/\/www.europesays.com\/pl\/wp-json\/wp\/v2\/media\/195595"}],"wp:attachment":[{"href":"https:\/\/www.europesays.com\/pl\/wp-json\/wp\/v2\/media?parent=195594"}],"wp:term":[{"taxonomy":"category","embeddable":true,"href":"https:\/\/www.europesays.com\/pl\/wp-json\/wp\/v2\/categories?post=195594"},{"taxonomy":"post_tag","embeddable":true,"href":"https:\/\/www.europesays.com\/pl\/wp-json\/wp\/v2\/tags?post=195594"}],"curies":[{"name":"wp","href":"https:\/\/api.w.org\/{rel}","templated":true}]}}