{"id":195626,"date":"2026-01-09T10:40:07","date_gmt":"2026-01-09T10:40:07","guid":{"rendered":"https:\/\/www.europesays.com\/pl\/195626\/"},"modified":"2026-01-09T10:40:07","modified_gmt":"2026-01-09T10:40:07","slug":"diddy-prosi-trumpa-o-laske-padla-jasna-odpowiedz","status":"publish","type":"post","link":"https:\/\/www.europesays.com\/pl\/195626\/","title":{"rendered":"Diddy prosi Trumpa o \u0142ask\u0119. Pad\u0142a jasna odpowied\u017a"},"content":{"rendered":"<p>Sean &#8222;Diddy&#8221; Combs mia\u0142 spr\u00f3bowa\u0107 ostatniej deski ratunku. Jak informuje &#8222;New York Times&#8221;, skazany producent i\u00a0raper zwr\u00f3ci\u0142 si\u0119 do Donalda Trumpa z\u00a0pro\u015bb\u0105 o\u00a0u\u0142askawienie. Sam by\u0142y prezydent USA potwierdzi\u0142, \u017ce taka pro\u015bba faktycznie do niego trafi\u0142a w\u00a0formie listu, ale nie pozostawi\u0142 z\u0142udze\u0144 co do swojego stanowiska.<\/p>\n<p>Trump, zapytany o\u00a0szczeg\u00f3\u0142y przez dziennikarzy &#8222;NYT&#8221;, stwierdzi\u0142 wprost, \u017ce nie ma zamiaru interweniowa\u0107 w\u00a0sprawie Combsa. Cho\u0107 zasugerowa\u0142, \u017ce m\u00f3g\u0142by pokaza\u0107 otrzymany list, ostatecznie go nie ujawni\u0142. Bia\u0142y Dom potwierdzi\u0142 autentyczno\u015b\u0107 wypowiedzi by\u0142ego prezydenta, natomiast przedstawiciele muzyka odm\u00f3wili komentarza.<\/p>\n<p>Sprawa ci\u0105gnie si\u0119 od miesi\u0119cy. Combs zosta\u0142 skazany latem 2025 r. na podstawie federalnych zarzut\u00f3w zwi\u0105zanych z\u00a0prostytucj\u0105 i\u00a0w\u00a0pa\u017adzierniku us\u0142ysza\u0142 wyrok 50 miesi\u0119cy wi\u0119zienia. Cho\u0107 w\u00a0g\u0142o\u015bnym procesie zosta\u0142 uniewinniony z\u00a0najpowa\u017cniejszych zarzut\u00f3w \u2013\u00a0dotycz\u0105cych handlu lud\u017ami i\u00a0dzia\u0142alno\u015bci mafijnej \u2013\u00a0s\u0105d uzna\u0142 go winnym w\u00a0l\u017cejszych, ale wci\u0105\u017c obci\u0105\u017caj\u0105cych punktach aktu oskar\u017cenia.<\/p>\n<p>Relacja Trumpa i\u00a0Combsa ma d\u0142ug\u0105 histori\u0119. By\u0142y prezydent przyzna\u0142, \u017ce w\u00a0przesz\u0142o\u015bci utrzymywali kole\u017ce\u0144skie kontakty, jednak wszystko zmieni\u0142o si\u0119, gdy Trump wszed\u0142 do polityki. Wed\u0142ug niego Combs publicznie krytykowa\u0142 go podczas kampanii wyborczej w\u00a02016 r., co &#8211;\u00a0jak sam przyzna\u0142 &#8211;\u00a0nie u\u0142atwia dzi\u015b ewentualnych decyzji o\u00a0pomocy. &#8222;Jeste\u015bmy tylko lud\u017ami&#8221; &#8211;\u00a0skomentowa\u0142 Trump, sugeruj\u0105c, \u017ce dawne konflikty trudno ca\u0142kowicie oddzieli\u0107 od obecnych ocen.<\/p>\n<p>Zgodnie z\u00a0dokumentami Federalnego Biura Wi\u0119ziennictwa Sean Combs ma opu\u015bci\u0107 wi\u0119zienie w\u00a0maju 2028 r., po zaliczeniu odbytej ju\u017c cz\u0119\u015bci kary. Cho\u0107 temat u\u0142askawienia powraca\u0142 w\u00a0medialnych spekulacjach kilkukrotnie, wszystko wskazuje na to, \u017ce w\u00a0tym przypadku polityka, przesz\u0142e animozje i\u00a0ci\u0119\u017car wyroku zamykaj\u0105 mu drog\u0119 do prezydenckiej \u0142aski.<\/p>\n","protected":false},"excerpt":{"rendered":"Sean &#8222;Diddy&#8221; Combs mia\u0142 spr\u00f3bowa\u0107 ostatniej deski ratunku. Jak informuje &#8222;New York Times&#8221;, skazany producent i\u00a0raper zwr\u00f3ci\u0142 si\u0119&hellip;\n","protected":false},"author":2,"featured_media":195627,"comment_status":"","ping_status":"","sticky":false,"template":"","format":"standard","meta":{"footnotes":""},"categories":[24],"tags":[42,38,40,39,41,127,126],"class_list":{"0":"post-195626","1":"post","2":"type-post","3":"status-publish","4":"format-standard","5":"has-post-thumbnail","7":"category-sport","8":"tag-pl","9":"tag-poland","10":"tag-polish","11":"tag-polska","12":"tag-polski","13":"tag-sport","14":"tag-sports"},"share_on_mastodon":{"url":"https:\/\/pubeurope.com\/@pl\/115864720070397068","error":""},"_links":{"self":[{"href":"https:\/\/www.europesays.com\/pl\/wp-json\/wp\/v2\/posts\/195626","targetHints":{"allow":["GET"]}}],"collection":[{"href":"https:\/\/www.europesays.com\/pl\/wp-json\/wp\/v2\/posts"}],"about":[{"href":"https:\/\/www.europesays.com\/pl\/wp-json\/wp\/v2\/types\/post"}],"author":[{"embeddable":true,"href":"https:\/\/www.europesays.com\/pl\/wp-json\/wp\/v2\/users\/2"}],"replies":[{"embeddable":true,"href":"https:\/\/www.europesays.com\/pl\/wp-json\/wp\/v2\/comments?post=195626"}],"version-history":[{"count":0,"href":"https:\/\/www.europesays.com\/pl\/wp-json\/wp\/v2\/posts\/195626\/revisions"}],"wp:featuredmedia":[{"embeddable":true,"href":"https:\/\/www.europesays.com\/pl\/wp-json\/wp\/v2\/media\/195627"}],"wp:attachment":[{"href":"https:\/\/www.europesays.com\/pl\/wp-json\/wp\/v2\/media?parent=195626"}],"wp:term":[{"taxonomy":"category","embeddable":true,"href":"https:\/\/www.europesays.com\/pl\/wp-json\/wp\/v2\/categories?post=195626"},{"taxonomy":"post_tag","embeddable":true,"href":"https:\/\/www.europesays.com\/pl\/wp-json\/wp\/v2\/tags?post=195626"}],"curies":[{"name":"wp","href":"https:\/\/api.w.org\/{rel}","templated":true}]}}