{"id":195721,"date":"2026-01-09T11:33:11","date_gmt":"2026-01-09T11:33:11","guid":{"rendered":"https:\/\/www.europesays.com\/pl\/195721\/"},"modified":"2026-01-09T11:33:11","modified_gmt":"2026-01-09T11:33:11","slug":"ogromne-wzburzenie-w-usa-moja-zlosc-jest-tak-gleboka-ze-az-boli","status":"publish","type":"post","link":"https:\/\/www.europesays.com\/pl\/195721\/","title":{"rendered":"Ogromne wzburzenie w USA. &#8222;Moja z\u0142o\u015b\u0107 jest tak g\u0142\u0119boka, \u017ce a\u017c boli&#8221;"},"content":{"rendered":"<p>W Minneapolis nadal panuje stan wyj\u0105tkowy. Nad miastem licz\u0105cym 430 tys. mieszka\u0144c\u00f3w unosi si\u0119 szok, smutek i gniew. Atmosfera jest niezwykle napi\u0119ta. Dzie\u0144 po <a href=\"https:\/\/kobieta.onet.pl\/wiadomosci\/agent-ice-zastrzelil-37-latke-to-poetka-renee-nicole-good\/5v9nxn5\" id=\"825acff5-a1c2-4f4a-bd5e-1fbe066c1a5a\" rel=\"nofollow noopener\" target=\"_blank\">\u015bmiertelnym postrzeleniu Renee Good<\/a> przez funkcjonariusza Urz\u0119du Imigracyjnego i Celnego (ICE) w mie\u015bcie wybucha z\u0142o\u015b\u0107.<\/p>\n<p>Wed\u0142ug ameryka\u0144skiego Departamentu Bezpiecze\u0144stwa Krajowego 37-letnia matka tr\u00f3jki dzieci protestowa\u0142a przeciwko dzia\u0142aniom funkcjonariuszy ICE. Inni \u015bwiadkowie zaprzeczaj\u0105 tej wersji wydarze\u0144 i twierdz\u0105, \u017ce kobieta po prostu wraca\u0142a do domu. Faktem jest, \u017ce kiedy podjecha\u0142a samochodem pod budynek, blokuj\u0105c jezdni\u0119, funkcjonariusz otworzy\u0142 ogie\u0144.<\/p>\n<p class=\"Paragraph_desktopParagraph__U31Gm\">Good pozostawi\u0142a troje dzieci z dw\u00f3ch ma\u0142\u017ce\u0144stw \u2014 maj\u0105 odpowiednio 15, 12 i sze\u015b\u0107 lat. Po powrocie Trumpa do Bia\u0142ego Domu rodzina wyjecha\u0142a do Kanady, ale po o\u015bmiu miesi\u0105cach wr\u00f3ci\u0142a do USA \u2014 do Minneapolis. W \u015brod\u0119 rano Good zawioz\u0142a swojego sze\u015bcioletniego syna do szko\u0142y, wr\u00f3ci\u0142a i natkn\u0119\u0142a si\u0119 na ICE. Nied\u0142ugo po tym zgin\u0119\u0142a.<\/p>\n<p class=\"Paragraph_desktopParagraph__U31Gm\">Czy funkcjonariusz, kt\u00f3ry odda\u0142 strza\u0142y, dzia\u0142a\u0142 impulsywnie, czy rzeczywi\u015bcie ba\u0142 si\u0119 o swoje \u017cycie, bo samoch\u00f3d jecha\u0142 prosto w jego kierunku? Ta kwestia dzieli Amerykan\u00f3w. Prezydent Donald Trump odnosz\u0105c si\u0119 do tego wydarzenia, wspomnia\u0142 co prawda o &#8222;strasznych&#8221; scenach w Minneapolis, ale stan\u0105\u0142 po stronie funkcjonariusza.<\/p>\n<p>&#8222;Moja z\u0142o\u015b\u0107 jest tak g\u0142\u0119boka, \u017ce a\u017c boli&#8221; <\/p>\n<p class=\"Paragraph_desktopParagraph__U31Gm\">Na miejscu zdarzenia panuje ponura atmosfera. Powsta\u0142o tam spontaniczne miejsce pami\u0119ci \u2014 zdobi\u0105 go kwiaty, \u015bwiece, tablice z napisami: &#8222;pok\u00f3j&#8221;, &#8222;sprawiedliwo\u015b\u0107&#8221; i &#8222;pami\u0119\u0107&#8221;. Rui M. zostawia tam kilka rzeczy od siebie, po czym wybucha p\u0142aczem. Dobrze zna\u0142 Renee \u2014 w jego oczach poetka by\u0142a empatyczn\u0105, zawsze radosn\u0105 osob\u0105. Wyobra\u017ca sobie moment horroru.<\/p>\n<p class=\"Paragraph_desktopParagraph__U31Gm\">\u2014 Na ile j\u0105 znam, mog\u0119 stwierdzi\u0107, \u017ce na widok broni musia\u0142a by\u0107 sparali\u017cowana strachem \u2014 m\u00f3wi. A przecie\u017c chcia\u0142a tylko chroni\u0107 swoich s\u0105siad\u00f3w. \u2014 Moja z\u0142o\u015b\u0107 jest tak g\u0142\u0119boka, \u017ce a\u017c boli \u2014 m\u00f3wi m\u0142ody m\u0119\u017cczyzna z Gwatemali.<\/p>\n<p class=\"Paragraph_desktopParagraph__U31Gm\">\u2014 Nie patrz\u0105 nawet na szko\u0142y \u2014 m\u00f3wi Anisa Ali, kt\u00f3ra mieszka w Minnesocie od 25 lat, przyjecha\u0142a tam z Somalii w wieku 13 lat. Zachowanie funkcjonariuszy ICE przypomina jej &#8222;\u017co\u0142nierzy na wojnie&#8221;. W jej dzielnicy, zamieszka\u0142ej przez wielu Somalijczyk\u00f3w, panuje strach, ulice s\u0105 jak wymar\u0142e.<\/p>\n<p class=\"Paragraph_desktopParagraph__U31Gm\">K\u0142opoty w regionie zacz\u0119\u0142y si\u0119 od skandalu dotycz\u0105cego cz\u0119\u015bci mieszka\u0144c\u00f3w Minnesoty pochodzenia somalijskiego. Mieszka tam najwi\u0119ksza spo\u0142eczno\u015b\u0107 somalijska w USA. Po wykryciu oszustw finansowych pope\u0142nianych przez podatnik\u00f3w z tej grupy nast\u0105pi\u0142y zakrojone na szerok\u0105 skal\u0119 <a href=\"https:\/\/wiadomosci.onet.pl\/swiat\/naloty-ice-na-farmy-w-kalifornii-200-imigrantow-w-rekach-sluzb\/yxltrt7\" id=\"df0c73da-1edf-4e9d-b0fe-7f06c7f263b1\" rel=\"nofollow noopener\" target=\"_blank\">naloty ICE<\/a> \u2014 z udzia\u0142em 2000 funkcjonariuszy, najwi\u0119ksze jak dot\u0105d w kraju.<\/p>\n<p>&#8222;Wyno\u015bcie si\u0119 st\u0105d&#8221;, &#8222;mordercy&#8221;! <\/p>\n<p class=\"Paragraph_desktopParagraph__U31Gm\">W czwartek, po \u015bmiertelnych strza\u0142ach, Minneapolis sprawia wra\u017cenie wyczerpanego. Nie ma zbyt wielu powod\u00f3w do rado\u015bci. Jedynym, niewielkim pocieszeniem jest to, \u017ce obecne protesty s\u0105 znacznie mniejsze ni\u017c zamieszki po <a href=\"https:\/\/www.onet.pl\/informacje\/onetwiadomosci\/smierc-georgea-floyda-ujawniono-pelne-nagranie\/c70m2re,79cfc278\" id=\"0d5c050e-79bb-411b-b16c-d57a7cfd8131\" rel=\"nofollow noopener\" target=\"_blank\">\u015bmierci George&#8217;a Floyda<\/a>. Ale r\u00f3wnie\u017c trwaj\u0105.<\/p>\n<p class=\"Paragraph_desktopParagraph__U31Gm\">Aktywi\u015bci blokuj\u0105 ulice w pobli\u017cu miejsce \u017ca\u0142oby. Ludzie ogrzewaj\u0105 si\u0119 w mro\u017an\u0105 zim\u0119 przy ognisku, rozdawana jest darmowa pizza i przek\u0105ski. Inni maluj\u0105 transparenty, cz\u0119sto z ostrymi has\u0142ami przeciwko <a href=\"https:\/\/www.onet.pl\/informacje\/deutsche-welle\/aresztowania-i-deportacje-czyli-polityka-migracyjna-trumpa\/3fklyyw,0666d3f1\" id=\"5bd85034-4251-49cc-b8c2-41ac4638ed73\" rel=\"nofollow noopener\" target=\"_blank\">twardej polityce migracyjnej Trumpa<\/a> \u2014 zw\u0142aszcza przeciwko s\u0142u\u017cbom imigracyjnym ICE. Sceneria przypomina oddalone o zaledwie kilometr miejsce pami\u0119ci utworzone w 2020 r. po zab\u00f3jstwie George&#8217;a Floyda.<\/p>\n<p class=\"Paragraph_desktopParagraph__U31Gm\">W\u015br\u00f3d mieszka\u0144c\u00f3w Minneapolis panuje r\u00f3wnie\u017c paranoja. Jedna z aktywistek ostrzega zebranych na miejscu, by zanim udziel\u0105 wywiadu, sprawdzili, czy nie stoj\u0105 za nim konserwatywne media. Szczeg\u00f3lnie drea\u017cliwe reakcje wywo\u0142uje tu nazwa &#8222;Fox News&#8221; \u2014 mieszka\u0144cy Minneapolis wiedz\u0105, \u017ce nie nale\u017cy rozmawia\u0107 z przedstawicielami tej stacji.<\/p>\n<p><img decoding=\"async\" class=\"Image_image__0tuHp Image_autoHeight__f2n87 \" height=\"587\" width=\"884\" src=\"https:\/\/www.europesays.com\/pl\/wp-content\/uploads\/2026\/01\/b64k9kpTURBXy9hZmI1OGNiZmE2NTUwY2FjYTk4N2MwNmY3NDBhZmRmYS5qcGeSlQLNA6wAwsOVAgDNAkvCw94AA6EwAaExAaEzw.jpeg\" alt=\"Miejsce, w pobli\u017cu kt\u00f3rego zamordowana zosta\u0142a Renee Nicole Good, Minneapolis, 8 stycznia 2026 r.\" loading=\"lazy\" \/>Stephen Maturen \/ Stringer \/ Getty Images<\/p>\n<p>Miejsce, w pobli\u017cu kt\u00f3rego zamordowana zosta\u0142a Renee Nicole Good, Minneapolis, 8 stycznia 2026 r.<\/p>\n<p class=\"Paragraph_desktopParagraph__U31Gm\">Punktem zapalnym jest r\u00f3wnie\u017c siedziba ICE w pobli\u017cu lotniska. Falanga ci\u0119\u017cko uzbrojonych funkcjonariuszy policji federalnej blokuje wej\u015bcie do budynku. Demonstranci prowokuj\u0105 okrzykami i plakatami. Gniew si\u0119ga zenitu. &#8222;Wyno\u015bcie si\u0119 st\u0105d!&#8221;. &#8222;Mordercy! Mordercy!&#8221; \u2014 s\u0142ycha\u0107 z t\u0142umu. S\u0142u\u017cby bezpiecze\u0144stwa chroni\u0105 funkcjonariuszy ICE \u2014 u\u017cywaj\u0105 gazu \u0142zawi\u0105cego, dochodzi do aresztowa\u0144. Tego dnia, pomimo du\u017cego napi\u0119cia, beczka prochu nie wybucha \u2014 na razie.<\/p>\n<p class=\"Paragraph_desktopParagraph__U31Gm\">Chocia\u017c \u015bmiertelna interwencja ICE zosta\u0142a szczeg\u00f3\u0142owo udokumentowana na filmach, jej interpretacje s\u0105 bardzo rozbie\u017cne. Liberalny i konserwatywny nar\u00f3d wydaje si\u0119 widzie\u0107 dwie r\u00f3\u017cne wersje tej samej tragedii.<\/p>\n<p class=\"Paragraph_desktopParagraph__U31Gm\">Trump, jego zast\u0119pca J.D. Vance i sekretarz bezpiecze\u0144stwa krajowego Kristi Noem szybko obarczyli win\u0105 ofiar\u0119 \u2014 stwierdzili, \u017ce \u015bciga\u0142a funkcjonariuszy i u\u017cywa\u0142a swojego samochodu jako broni. Nazwali to aktem &#8222;terroryzmu&#8221;. W ich opinii funkcjonariusz, kt\u00f3ry zastrzeli\u0142 kobiet\u0119, dzia\u0142a\u0142 w obronie w\u0142asnej. Tym samym sprawa zosta\u0142a zamkni\u0119ta, przynajmniej dla Bia\u0142ego Domu.<\/p>\n<p class=\"Paragraph_desktopParagraph__U31Gm\">Ludzie na ulicach Minneapolis postrzegaj\u0105 to jednak inaczej. Dla nich Good zosta\u0142a zamordowana z zimn\u0105 krwi\u0105 \u2014 przez zamaskowanego, impulsywnego funkcjonariusza ICE.<\/p>\n","protected":false},"excerpt":{"rendered":"W Minneapolis nadal panuje stan wyj\u0105tkowy. Nad miastem licz\u0105cym 430 tys. mieszka\u0144c\u00f3w unosi si\u0119 szok, smutek i gniew.&hellip;\n","protected":false},"author":2,"featured_media":195722,"comment_status":"","ping_status":"","sticky":false,"template":"","format":"standard","meta":{"footnotes":""},"categories":[14],"tags":[56,32,33,27,67,34,35,409,37515,28,31,53,25,52,68,51,55,40,41,47,59,80,29,30,50,26,82,83,84],"class_list":{"0":"post-195721","1":"post","2":"type-post","3":"status-publish","4":"format-standard","5":"has-post-thumbnail","7":"category-swiat","8":"tag-article_premium","9":"tag-breaking-news","10":"tag-breakingnews","11":"tag-headlines","12":"tag-intextvideo_splayer","13":"tag-latest-news","14":"tag-latestnews","15":"tag-migracja","16":"tag-minneapolis","17":"tag-naglowki","18":"tag-najwazniejsze-artykuly","19":"tag-new_header","20":"tag-news","21":"tag-onet3","22":"tag-onet3d","23":"tag-onet3d_2i","24":"tag-phx","25":"tag-polish","26":"tag-polski","27":"tag-screening_general","28":"tag-stany_zjednoczone_usa","29":"tag-swiat","30":"tag-top-stories","31":"tag-topstories","32":"tag-v2021","33":"tag-wiadomosci","34":"tag-world","35":"tag-world-news","36":"tag-worldnews"},"share_on_mastodon":{"url":"https:\/\/pubeurope.com\/@pl\/115864928476150881","error":""},"_links":{"self":[{"href":"https:\/\/www.europesays.com\/pl\/wp-json\/wp\/v2\/posts\/195721","targetHints":{"allow":["GET"]}}],"collection":[{"href":"https:\/\/www.europesays.com\/pl\/wp-json\/wp\/v2\/posts"}],"about":[{"href":"https:\/\/www.europesays.com\/pl\/wp-json\/wp\/v2\/types\/post"}],"author":[{"embeddable":true,"href":"https:\/\/www.europesays.com\/pl\/wp-json\/wp\/v2\/users\/2"}],"replies":[{"embeddable":true,"href":"https:\/\/www.europesays.com\/pl\/wp-json\/wp\/v2\/comments?post=195721"}],"version-history":[{"count":0,"href":"https:\/\/www.europesays.com\/pl\/wp-json\/wp\/v2\/posts\/195721\/revisions"}],"wp:featuredmedia":[{"embeddable":true,"href":"https:\/\/www.europesays.com\/pl\/wp-json\/wp\/v2\/media\/195722"}],"wp:attachment":[{"href":"https:\/\/www.europesays.com\/pl\/wp-json\/wp\/v2\/media?parent=195721"}],"wp:term":[{"taxonomy":"category","embeddable":true,"href":"https:\/\/www.europesays.com\/pl\/wp-json\/wp\/v2\/categories?post=195721"},{"taxonomy":"post_tag","embeddable":true,"href":"https:\/\/www.europesays.com\/pl\/wp-json\/wp\/v2\/tags?post=195721"}],"curies":[{"name":"wp","href":"https:\/\/api.w.org\/{rel}","templated":true}]}}