{"id":195723,"date":"2026-01-09T11:34:07","date_gmt":"2026-01-09T11:34:07","guid":{"rendered":"https:\/\/www.europesays.com\/pl\/195723\/"},"modified":"2026-01-09T11:34:07","modified_gmt":"2026-01-09T11:34:07","slug":"sporna-ustawa-na-biurku-prezydenta-nawrockiego-beda-kategoryczne-decyzje","status":"publish","type":"post","link":"https:\/\/www.europesays.com\/pl\/195723\/","title":{"rendered":"Sporna ustawa na biurku prezydenta Nawrockiego. &#8222;B\u0119d\u0105 kategoryczne decyzje&#8221;"},"content":{"rendered":"<p> Dlaczego to wa\u017cne? <\/p>\n<p class=\"ods-c-paragraph \">21 listopada ub. roku Sejm uchwali\u0142 nowelizacj\u0119 ustawy o \u015bwiadczeniu us\u0142ug drog\u0105 elektroniczn\u0105. Nowela ma zapewni\u0107 skuteczne stosowanie w Polsce przepis\u00f3w unijnego Aktu o us\u0142ugach cyfrowych (DSA), dotycz\u0105cego m.in. blokowania nielegalnych tre\u015bci w internecie.<\/p>\n<p class=\"ods-c-paragraph \">Ustawa przewiduje mo\u017cliwo\u015b\u0107 usuwania tre\u015bci zawieraj\u0105cych m.in. gro\u017aby karalne, namow\u0119 do pope\u0142nienia samob\u00f3jstwa, pochwalanie zachowa\u0144 o charakterze pedofilskim, propagowanie ideologii totalitarnych, a tak\u017ce nawo\u0142ywanie do nienawi\u015bci i zniewa\u017canie na tle r\u00f3\u017cnic narodowo\u015bciowych, etnicznych, rasowych, wyznaniowych.<\/p>\n<p> Jakie ustawy rozpatrzy Karol Nawrocki? <\/p>\n<p> Co s\u0105dz\u0105 politycy opozycji o noweli ustawy? <\/p>\n<p> Co przewiduje nowela ustawy o \u015bwiadczeniu us\u0142ug drog\u0105 elektroniczn\u0105? <\/p>\n<p> Jakie decyzje podejmie prezydent w pi\u0105tek? <\/p>\n<p>   Co powiedzia\u0142 Zbigniew Bogucki? <\/p>\n<p class=\"ods-c-paragraph \">Informacj\u0119 o tym, \u017ce prezydent w pi\u0105tek podejmie decyzje w sprawie 11 ustaw, kt\u00f3re trafi\u0142y do jego kancelarii, Bogucki przekaza\u0142 w pi\u0105tek w radiu Wnet. Jak doda\u0142, w\u015br\u00f3d nich znalaz\u0142a si\u0119 m.in. nowela ustawy o \u015bwiadczeniu us\u0142ug drog\u0105 elektroniczn\u0105.<\/p>\n<p class=\"ods-c-paragraph \">\u2014 Na pewno b\u0119dzie dzisiaj komunikat pana prezydenta i kancelarii, kt\u00f3re ustawy zosta\u0142y podpisane, a co do kt\u00f3rych, by\u0107 mo\u017ce, pan prezydent odm\u00f3wi podpisu \u2014 poinformowa\u0142 szef prezydenckiej kancelarii. Zapewni\u0142, \u017ce w pi\u0105tek na pewno te decyzje &#8222;ostateczne, kategoryczne&#8221; b\u0119d\u0105.<\/p>\n<p> Co o ustawie m\u00f3wi\u0142 Karol Nawrocki? <\/p>\n<p class=\"ods-c-paragraph \">Prezydent Karol Nawrocki oceni\u0142 pod koniec listopada ub.r., \u017ce ustawa w sprawie blokowania nielegalnych tre\u015bci w internecie jest &#8222;nadregulacj\u0105&#8221; unijnych przepis\u00f3w i d\u0105\u017cy do zabierania Polakom mo\u017cliwo\u015bci dzielenia si\u0119 w sieci swoimi opiniami. Politycy opozycji regularnie podnosz\u0105 te\u017c argument, \u017ce \u2014 w ich ocenie \u2014 ustawa ma wprowadzi\u0107 cenzur\u0119.<\/p>\n<p class=\"ods-c-paragraph \">Przeczytaj tak\u017ce:<\/p>\n","protected":false},"excerpt":{"rendered":"Dlaczego to wa\u017cne? 21 listopada ub. roku Sejm uchwali\u0142 nowelizacj\u0119 ustawy o \u015bwiadczeniu us\u0142ug drog\u0105 elektroniczn\u0105. Nowela ma&hellip;\n","protected":false},"author":2,"featured_media":195724,"comment_status":"","ping_status":"","sticky":false,"template":"","format":"standard","meta":{"footnotes":""},"categories":[12],"tags":[32,33,36,37,27,43,49,34,35,28,31,48,25,46,42,38,40,6571,39,41,47,29,30,70,26,788],"class_list":{"0":"post-195723","1":"post","2":"type-post","3":"status-publish","4":"format-standard","5":"has-post-thumbnail","7":"category-polska","8":"tag-breaking-news","9":"tag-breakingnews","10":"tag-featured-news","11":"tag-featurednews","12":"tag-headlines","13":"tag-karol_nawrocki","14":"tag-kraj","15":"tag-latest-news","16":"tag-latestnews","17":"tag-naglowki","18":"tag-najwazniejsze-artykuly","19":"tag-nat_styl","20":"tag-news","21":"tag-omp","22":"tag-pl","23":"tag-poland","24":"tag-polish","25":"tag-polityka_politycy","26":"tag-polska","27":"tag-polski","28":"tag-screening_general","29":"tag-top-stories","30":"tag-topstories","31":"tag-w_skrocie","32":"tag-wiadomosci","33":"tag-zbigniew_bogucki"},"share_on_mastodon":{"url":"https:\/\/pubeurope.com\/@pl\/115864932469992498","error":""},"_links":{"self":[{"href":"https:\/\/www.europesays.com\/pl\/wp-json\/wp\/v2\/posts\/195723","targetHints":{"allow":["GET"]}}],"collection":[{"href":"https:\/\/www.europesays.com\/pl\/wp-json\/wp\/v2\/posts"}],"about":[{"href":"https:\/\/www.europesays.com\/pl\/wp-json\/wp\/v2\/types\/post"}],"author":[{"embeddable":true,"href":"https:\/\/www.europesays.com\/pl\/wp-json\/wp\/v2\/users\/2"}],"replies":[{"embeddable":true,"href":"https:\/\/www.europesays.com\/pl\/wp-json\/wp\/v2\/comments?post=195723"}],"version-history":[{"count":0,"href":"https:\/\/www.europesays.com\/pl\/wp-json\/wp\/v2\/posts\/195723\/revisions"}],"wp:featuredmedia":[{"embeddable":true,"href":"https:\/\/www.europesays.com\/pl\/wp-json\/wp\/v2\/media\/195724"}],"wp:attachment":[{"href":"https:\/\/www.europesays.com\/pl\/wp-json\/wp\/v2\/media?parent=195723"}],"wp:term":[{"taxonomy":"category","embeddable":true,"href":"https:\/\/www.europesays.com\/pl\/wp-json\/wp\/v2\/categories?post=195723"},{"taxonomy":"post_tag","embeddable":true,"href":"https:\/\/www.europesays.com\/pl\/wp-json\/wp\/v2\/tags?post=195723"}],"curies":[{"name":"wp","href":"https:\/\/api.w.org\/{rel}","templated":true}]}}