{"id":195727,"date":"2026-01-09T11:36:09","date_gmt":"2026-01-09T11:36:09","guid":{"rendered":"https:\/\/www.europesays.com\/pl\/195727\/"},"modified":"2026-01-09T11:36:09","modified_gmt":"2026-01-09T11:36:09","slug":"gromy-pod-adresem-gwiazdy-realu-madryt-prezentuje-sie-skandalicznie-slabo","status":"publish","type":"post","link":"https:\/\/www.europesays.com\/pl\/195727\/","title":{"rendered":"Gromy pod adresem gwiazdy Realu Madryt. &#8222;Prezentuje si\u0119 skandalicznie s\u0142abo&#8221;"},"content":{"rendered":"<p>Projekt pt. \u201cReal Madryt Xabiego Alonso\u201d zale\u017cy w\u0142a\u015bnie od takich mecz\u00f3w. \u201cKr\u00f3lewscy\u201d wygrywaj\u0105c w p\u00f3\u0142finale Superpucharu Hiszpanii z Atletico 2:1 ponownie obronili pi\u0142k\u0119 meczow\u0105, kt\u00f3ra mog\u0142a wyautowa\u0107 baskijskiego trenera ze stanowiska. To nie znaczy jednak, \u017ce ciemne chmury zosta\u0142y przegonione.<\/p>\n<p>Mini-turniej rozgrywany jest w Arabii Saudyjskiej po raz sz\u00f3sty i od czasu zmiany formatu oraz lokalizacji Real Madryt triumfowa\u0142 w nim trzykrotnie. Na drodze do czwartego tytu\u0142u stan\u0119\u0142o Atletico i to jeszcze w p\u00f3\u0142finale. Nie ma \u017cadnej tajemnicy w tym, \u017ce dla \u201cKr\u00f3lewskich\u201d ich rywale zza miedzy to za ka\u017cdym razem twardy orzech do zgryzienia. Do\u015b\u0107 powiedzie\u0107, \u017ce \u201cLos Blancos\u201d w ostatnich dziesi\u0119ciu spotkaniach zanotowali tylko trzy zwyci\u0119stwa, trzy razy przegrali i cztery razy pad\u0142 remis. A kibice wicemistrz\u00f3w Hiszpanii bardzo dobrze pami\u0119taj\u0105 klap\u0119 z si\u00f3dmej kolejki La Liga, gdy po sze\u015bciu kolejnych wygranych zostali brutalnie sprowadzeni na ziemi\u0119 przez ekip\u0119 Diego Simeone.<\/p>\n<p>Dalsza cz\u0119\u015b\u0107 tekstu pod wideo<\/p>\n<p>Dla trenera Xabiego Alonso, kt\u00f3ry wci\u0105\u017c znajduje si\u0119 na gor\u0105cym fotelu (chocia\u017c ostatnie, bardzo przekonuj\u0105ce zwyci\u0119stwo 5:1 nad Betisem nieco oddali\u0142o widmo zwolnienia Baska), derbowe starcie musia\u0142o by\u0107 trudnym sprawdzianem, tym bardziej \u017ce zn\u00f3w nie m\u00f3g\u0142 skorzysta\u0107 z Kyliana Mbappe, kt\u00f3ry by\u0142 jedynym jasnym punktem dru\u017cyny w ostatnim starciu z \u201cLos Colchoneros\u201d. Dru\u017cyna zda\u0142a egzamin. Ledwo. Z wynikiem \u201cdopuszczaj\u0105cy\u201d.<\/p>\n<p>Kapitan \u015bwieci\u0142 przyk\u0142adem<\/p>\n<p>Gdy nie ma naturalnego lidera, na boisku zazwyczaj wyrastaj\u0105 nieoczywi\u015bci bohaterowie. Tak by\u0142o i tym razem. Fede Valverde niejednokrotnie pokazywa\u0142, \u017ce dowozi w wielkich meczach. W p\u00f3\u0142finale Urugwajczyk odda\u0142 ca\u0142\u0105 swoj\u0105 dusz\u0119, a nawet wi\u0119cej. Zaczynaj\u0105c od kapitalnego uderzenia z rzutu wolnego a\u2019la Roberto Carlos, poprzez doskona\u0142\u0105 asyst\u0119 przy bramce Rodrygo, a\u017c po rozgrywanie i wielki wyst\u0119p w defensywie. Po raz kolejny udowodni\u0142, \u017ce mo\u017ce nie jest stworzony do biegania na prawej stronie, nie maj\u0105c nikogo za sob\u0105, ale kiedy trenerzy tego potrzebuj\u0105, kapitan Realu nie p\u0119ka na robocie.<\/p>\n<p>Drugi du\u017cy plus to wspomniany Brazylijczyk. Niewielu graczy z Santiago Bernabeu zaliczy\u0142o bardziej rozczarowuj\u0105cy miniony rok ni\u017c reprezentant \u201cCanarinhos\u201d. Rodrygo kopa\u0142 si\u0119 po czole i nie potrafi\u0142 trafi\u0107 do siatki od marca. Ostatni miesi\u0105c jednak by\u0142 dla niego prze\u0142omem (kt\u00f3rym to ju\u017c w jego karierze?), a derbowy pojedynek przyni\u00f3s\u0142 mu gola po \u015bwietnej kontrze, poprawiaj\u0105c bilans z ostatnich pi\u0119ciu mecz\u00f3w. Na koncie ma trzy bramki i trzy asysty.<\/p>\n<p>Podczas gdy na lewym skrzydle Vinicius prezentuje si\u0119 skandalicznie s\u0142abo, walcz\u0105c raczej z w\u0142asnymi demonami ni\u017c z przeciwnikami, a Mbappe chwilowo si\u0119 kuruje i \u0142aduje baterie na kluczowy fragment sezonu, Rodrygo wzi\u0105\u0142 na siebie du\u017c\u0105 cz\u0119\u015b\u0107 odpowiedzialno\u015bc za gr\u0119 ofensywn\u0105 i wykorzystuje zaufanie szkoleniowca. To jeden z niewielu zawodnik\u00f3w z bia\u0142ej cz\u0119\u015bci Madrytu, kt\u00f3ry potrafi przej\u0105\u0107 inicjatyw\u0119, poholowa\u0107 pi\u0142k\u0119, przedryblowa\u0107 rywala, wej\u015b\u0107 odwa\u017cnie w pole karne i skutecznie uderzy\u0107. Je\u015bli chodzi o Viniciusa, to z trybun zn\u00f3w us\u0142ysza\u0142 gwizdy i wielu kibic\u00f3w mog\u0142oby sobie \u017cyczy\u0107, by dzia\u0142acze zostawili go w Arabii i nie wpuszczali na pok\u0142ad samolotu, kt\u00f3ry w niedziel\u0119 wr\u00f3ci do Madrytu. Takie nasta\u0142y dziwne czasy.<\/p>\n<p>Ostatnim zas\u0142uguj\u0105cym na pochwa\u0142y powinien by\u0107 Antonio Ruediger. Niemiec rozegra\u0142 \u201cpartidazo\u201d pomimo b\u00f3lu i mo\u017cna tylko zastanawia\u0107 si\u0119, czy Xabi nie przeszar\u017cowa\u0142 z tym pokerowym zagraniem, bo Niemiec finalnie nie doko\u0144czy\u0142 spotkania. Stoper niestrudzenie walczy\u0142 z Alexandrem Sorlothem, organizowa\u0142 ca\u0142\u0105 defensyw\u0119. Teraz ca\u0142a nadzieja w sztabie medycznym, by na fina\u0142 postawi\u0107 obro\u0144c\u0119 do pionu.<\/p>\n<p>Wszystko wskazuje na Barcelon\u0119<\/p>\n<p>Czy Real poprawi si\u0119 po ostatnich fatalnych derbach Madrytu &#8211; to pytanie najg\u0142o\u015bniej wybrzmiewa\u0142o przed spotkaniem w D\u017cuddzie. Po 90 minutach odpowied\u017a wcale nie jest jednoznaczna. Owszem, wynik wskazuje na to, \u017ce Xabi wyci\u0105gn\u0105\u0142 wnioski, ale sam styl nie wymaza\u0142 licznych znak\u00f3w zapytania. Zwyci\u0119stwo to zwyci\u0119stwo, jednak hiszpa\u0144ski mened\u017cer po prostu nie mo\u017ce by\u0107 w pe\u0142ni zadowolony z tego, co zobaczy\u0142 w czwartkowy wiecz\u00f3r.<\/p>\n<p>W pierwszej fazie meczu pressing dzia\u0142a\u0142 dobrze, ale to nie trwa\u0142o d\u0142ugo. \u201cKr\u00f3lewscy\u201d jeszcze przed pierwsz\u0105 przerw\u0105 na nawodnienie zacz\u0119li oddawa\u0107 \u015brodek pola i na dobr\u0105 spraw\u0119 nie uda\u0142o si\u0119 go odzyska\u0107 do ostatniego gwizdka. Strzeleckie okazje kreowali sobie albo przy sta\u0142ych fragmentach, albo w kontratakach. Dok\u0142adnie to samo widzieli\u015bmy w schy\u0142kowym okresie kadencji Carlo Ancelottiego. Liczenie na indywidualne popisy, odrobin\u0119 szcz\u0119\u015bcia oraz swojego bramkarza. D\u0142ugo si\u0119 na tym nie poci\u0105gnie.<\/p>\n<p>Atletico \u0142atwo dochodzi\u0142o do sytuacji, rozgo\u015bci\u0142o si\u0119 na obu skrzyd\u0142ach i dobrze wykorzystywa\u0142o Sorlotha jako centraln\u0105 posta\u0107 w polu karnym. To oznacza, \u017ce pi\u0142karze \u201cCholo\u201d robili dok\u0142adnie to samo, na co pozwalali im \u201cLos Blancos\u201d we wrze\u015bniu. R\u00f3\u017cnica jest taka, \u017ce wtedy Atleti potrafi\u0142o wykorzysta\u0107 szanse, wczoraj szwankowa\u0142a skuteczno\u015b\u0107. No i trafili na kolejny bardzo dobry dzie\u0144 Thibaut Courtois.<\/p>\n<p>Jak b\u0119dzie w niedzielnym finale? \u201cKr\u00f3lewscy\u201d po zako\u0144czeniu gry wygl\u0105dali na totalnie wyprutych fizycznie, niekt\u00f3rzy padali wyczerpani na ziemi\u0119. Barcelona szybko rozstrzygn\u0119\u0142a sw\u00f3j p\u00f3\u0142fina\u0142 i w drugiej po\u0142owie oszcz\u0119dza\u0142a si\u0142y. Ale to wci\u0105\u017c El Clasico. Wydarzenie, podczas kt\u00f3rego dzieje si\u0119 niemo\u017cliwe.<\/p>\n<p>Real, nie b\u0119d\u0105c w uprzywilejowanej sytuacji, odni\u00f3s\u0142 przekonuj\u0105ce zwyci\u0119stwo nad \u201cBlaugran\u0105\u201d jesieni\u0105, jednak to w\u0142a\u015bnie po tamtym starciu wszystko zacz\u0119\u0142o si\u0119 psu\u0107 i par\u0119 ran nadal pozostaje otwartych. Niekt\u00f3re, jak postawa Viniciusa, wr\u0119cz ropiej\u0105. Bior\u0105c pod uwag\u0119 ten fakt oraz brak francuskiego superstrzelca, \u0142atwo wskaza\u0107 faworyta. B\u0119dzie nim obro\u0144ca tytu\u0142u.<\/p>\n","protected":false},"excerpt":{"rendered":"Projekt pt. \u201cReal Madryt Xabiego Alonso\u201d zale\u017cy w\u0142a\u015bnie od takich mecz\u00f3w. \u201cKr\u00f3lewscy\u201d wygrywaj\u0105c w p\u00f3\u0142finale Superpucharu Hiszpanii z&hellip;\n","protected":false},"author":2,"featured_media":195728,"comment_status":"","ping_status":"","sticky":false,"template":"","format":"standard","meta":{"footnotes":""},"categories":[24],"tags":[42,38,40,39,41,127,126],"class_list":{"0":"post-195727","1":"post","2":"type-post","3":"status-publish","4":"format-standard","5":"has-post-thumbnail","7":"category-sport","8":"tag-pl","9":"tag-poland","10":"tag-polish","11":"tag-polska","12":"tag-polski","13":"tag-sport","14":"tag-sports"},"share_on_mastodon":{"url":"https:\/\/pubeurope.com\/@pl\/115864940326520552","error":""},"_links":{"self":[{"href":"https:\/\/www.europesays.com\/pl\/wp-json\/wp\/v2\/posts\/195727","targetHints":{"allow":["GET"]}}],"collection":[{"href":"https:\/\/www.europesays.com\/pl\/wp-json\/wp\/v2\/posts"}],"about":[{"href":"https:\/\/www.europesays.com\/pl\/wp-json\/wp\/v2\/types\/post"}],"author":[{"embeddable":true,"href":"https:\/\/www.europesays.com\/pl\/wp-json\/wp\/v2\/users\/2"}],"replies":[{"embeddable":true,"href":"https:\/\/www.europesays.com\/pl\/wp-json\/wp\/v2\/comments?post=195727"}],"version-history":[{"count":0,"href":"https:\/\/www.europesays.com\/pl\/wp-json\/wp\/v2\/posts\/195727\/revisions"}],"wp:featuredmedia":[{"embeddable":true,"href":"https:\/\/www.europesays.com\/pl\/wp-json\/wp\/v2\/media\/195728"}],"wp:attachment":[{"href":"https:\/\/www.europesays.com\/pl\/wp-json\/wp\/v2\/media?parent=195727"}],"wp:term":[{"taxonomy":"category","embeddable":true,"href":"https:\/\/www.europesays.com\/pl\/wp-json\/wp\/v2\/categories?post=195727"},{"taxonomy":"post_tag","embeddable":true,"href":"https:\/\/www.europesays.com\/pl\/wp-json\/wp\/v2\/tags?post=195727"}],"curies":[{"name":"wp","href":"https:\/\/api.w.org\/{rel}","templated":true}]}}