{"id":195766,"date":"2026-01-09T11:56:08","date_gmt":"2026-01-09T11:56:08","guid":{"rendered":"https:\/\/www.europesays.com\/pl\/195766\/"},"modified":"2026-01-09T11:56:08","modified_gmt":"2026-01-09T11:56:08","slug":"atp-brisbane-daniil-miedwiediew-kamil-majchrzak-relacja-na-zywo-przeglad-sportowy-onet","status":"publish","type":"post","link":"https:\/\/www.europesays.com\/pl\/195766\/","title":{"rendered":"ATP Brisbane: Danii\u0142 Miedwiediew &#8211; Kamil Majchrzak [RELACJA NA \u017bYWO] &#8211; Przegl\u0105d Sportowy Onet"},"content":{"rendered":"<ol>\n<li><a href=\"https:\/\/news.google.com\/rss\/articles\/CBMitgFBVV95cUxOdUl6NVlGYUUtOFE3S1ZjRXFSUjRCY2FFc0RDVWFFSG1WTnVHbnpxNF9jOWpiNDBBSk50RUY3S0xIS0Z4WVljU1E0TnNpcmRvSmo0RmtVYW0wTHhUTkowN0NVTkhfZnlDY0g1bHJiVnQxNGJkQTlLZ296ZmJzdURFSDY1dXVrX3Z3cTZpakpqX0JOajEtUC1oZ0dKRDA1WnpwNEVHQ09Vc2dScHF6NDNyVHlIZVh3QQ?oc=5\" target=\"_blank\" rel=\"nofollow noopener\">ATP Brisbane: Danii\u0142 Miedwiediew &#8211; Kamil Majchrzak [RELACJA NA \u017bYWO]<\/a>&nbsp;&nbsp;Przegl\u0105d Sportowy Onet<\/li>\n<li><a href=\"https:\/\/news.google.com\/rss\/articles\/CBMirgFBVV95cUxNbWg3eWh5LTlsclRTSC1kUk5KRDRRZnR1V09LX3ZXUUNRUlc5T2txNENlcVUzWU9wUlF3MklvaERhdFhkX0hhRlFaV2lzX2ZPM2ZrWkgyRFdKVzVaUnR0Mk03Vm1NcTdpa2ZVcTVmSmtKQl95TzVCYWFCY0xwZVcxYzBsa1lVMnhfaWh2MHp4TllnXzRrWDhUelFVZDFfTWZybElWSERsTHluMzU0T3c?oc=5\" target=\"_blank\" rel=\"nofollow noopener\">Danii\u0142 Miedwiediew &#8211; Kamil Majchrzak w 1\/4 fina\u0142u ATP Brisbane<\/a>&nbsp;&nbsp;Sport w INTERIA.PL<\/li>\n<li><a href=\"https:\/\/news.google.com\/rss\/articles\/CBMirAFBVV95cUxNRlpHYlo5WWczOHcxYjB6SzloUlE4MDJRdDV1b0FvTHU3R29fcXNMWGRYRUd1RjFCc3prZmppMDM2UkZIRlNfRFFQaTNnUUU0NG9FaVNUQTNtSnl2SVROUk5zNnJhLVBmUU5zLVlnUG51ME5Ia25jMlpkcHdPSHUzMFlua3prM2d3VS1JZktBdllGZWlrUjEyUkZCYjNvbzRvUmhNVWFrZHhnaTNO?oc=5\" target=\"_blank\" rel=\"nofollow noopener\">Trzy tie-breaki i trzy pi\u0142ki meczowe! Absolutne szale\u0144stwo w meczu Majchrzaka Tenis<\/a>&nbsp;&nbsp;Sport.pl<\/li>\n<li><a href=\"https:\/\/news.google.com\/rss\/articles\/CBMitgFBVV95cUxQN1pLOFJnVVlpYzVlcWZLcDNCMElac0FPU3FVTEhHQmNISk1acDRGejNlN3d1d3BSR1UyR0tUN3AyS1BOam1tVnRKa083eE56MExJM3F0TzN5UGotNE1ySUNXcENzRklVVzM2aHdSMnhfZndnWXRDX2I5aUhoSVVNNFBjeFJWWUJSNXFlaEZlSW5id3ZKeXZZb0V2RklRZEstcjVpZ184VTQxVE5TV3FoVG9WbDdNQQ?oc=5\" target=\"_blank\" rel=\"nofollow noopener\">Kamil Majchrzak zagra z Miedwiediewem o p\u00f3\u0142fina\u0142. O kt\u00f3rej mecz? [TRANSMISJA]<\/a>&nbsp;&nbsp;Polskie Radio 24<\/li>\n<li><a href=\"https:\/\/news.google.com\/rss\/articles\/CBMimwFBVV95cUxQeWFmRGJqbzlMeVBLa19ndWFMSXpWcUZadkp3QzFGZ1BFSzJ2X1o5MnFJUmxBVWpjN0l6Wm5mS3NKNlFMdjU0WXVUWVlfejBTVTBFQW9FWXBlT3IwV0gwdVE0Y2JlWG9KVHEzREJYUnB2U2JsR3ZSNjk0OW50WkkzdVhkZ2tUUk5naWFuZ1lyNEJJSUdnWTJoaGUyQQ?oc=5\" target=\"_blank\" rel=\"nofollow noopener\">Dani\u0142 Miedwiediew &#8211; Kamil Majchrzak relacja na \u017cywo<\/a>&nbsp;&nbsp;SportoweFakty<\/li>\n<\/ol>\n","protected":false},"excerpt":{"rendered":"ATP Brisbane: Danii\u0142 Miedwiediew &#8211; Kamil Majchrzak [RELACJA NA \u017bYWO]&nbsp;&nbsp;Przegl\u0105d Sportowy Onet Danii\u0142 Miedwiediew &#8211; Kamil Majchrzak w&hellip;\n","protected":false},"author":2,"featured_media":195767,"comment_status":"","ping_status":"","sticky":false,"template":"","format":"standard","meta":{"footnotes":""},"categories":[5],"tags":[32,33,36,37,27,34,35,188,37883,4212,186,28,31,25,42,38,40,39,41,136,128,47,135,156,29,30,26,130],"class_list":{"0":"post-195766","1":"post","2":"type-post","3":"status-publish","4":"format-standard","5":"has-post-thumbnail","7":"category-naglowki","8":"tag-breaking-news","9":"tag-breakingnews","10":"tag-featured-news","11":"tag-featurednews","12":"tag-headlines","13":"tag-latest-news","14":"tag-latestnews","15":"tag-liveblog","16":"tag-marta_kostjuk","17":"tag-mirra_andriejewa","18":"tag-na_zywo","19":"tag-naglowki","20":"tag-najwazniejsze-artykuly","21":"tag-news","22":"tag-pl","23":"tag-poland","24":"tag-polish","25":"tag-polska","26":"tag-polski","27":"tag-ps_detal_new","28":"tag-psv2","29":"tag-screening_general","30":"tag-sport_sport","31":"tag-tenis","32":"tag-top-stories","33":"tag-topstories","34":"tag-wiadomosci","35":"tag-wiadomosci_sportowe"},"share_on_mastodon":{"url":"https:\/\/pubeurope.com\/@pl\/115865019044000061","error":""},"_links":{"self":[{"href":"https:\/\/www.europesays.com\/pl\/wp-json\/wp\/v2\/posts\/195766","targetHints":{"allow":["GET"]}}],"collection":[{"href":"https:\/\/www.europesays.com\/pl\/wp-json\/wp\/v2\/posts"}],"about":[{"href":"https:\/\/www.europesays.com\/pl\/wp-json\/wp\/v2\/types\/post"}],"author":[{"embeddable":true,"href":"https:\/\/www.europesays.com\/pl\/wp-json\/wp\/v2\/users\/2"}],"replies":[{"embeddable":true,"href":"https:\/\/www.europesays.com\/pl\/wp-json\/wp\/v2\/comments?post=195766"}],"version-history":[{"count":0,"href":"https:\/\/www.europesays.com\/pl\/wp-json\/wp\/v2\/posts\/195766\/revisions"}],"wp:featuredmedia":[{"embeddable":true,"href":"https:\/\/www.europesays.com\/pl\/wp-json\/wp\/v2\/media\/195767"}],"wp:attachment":[{"href":"https:\/\/www.europesays.com\/pl\/wp-json\/wp\/v2\/media?parent=195766"}],"wp:term":[{"taxonomy":"category","embeddable":true,"href":"https:\/\/www.europesays.com\/pl\/wp-json\/wp\/v2\/categories?post=195766"},{"taxonomy":"post_tag","embeddable":true,"href":"https:\/\/www.europesays.com\/pl\/wp-json\/wp\/v2\/tags?post=195766"}],"curies":[{"name":"wp","href":"https:\/\/api.w.org\/{rel}","templated":true}]}}