{"id":195776,"date":"2026-01-09T12:01:07","date_gmt":"2026-01-09T12:01:07","guid":{"rendered":"https:\/\/www.europesays.com\/pl\/195776\/"},"modified":"2026-01-09T12:01:07","modified_gmt":"2026-01-09T12:01:07","slug":"sensacja-wsrod-ornitologow-ten-ptak-byl-w-polsce-tylko-dwa-razy","status":"publish","type":"post","link":"https:\/\/www.europesays.com\/pl\/195776\/","title":{"rendered":"Sensacja w\u015br\u00f3d ornitolog\u00f3w. Ten ptak by\u0142 w Polsce tylko dwa razy"},"content":{"rendered":"<p><a href=\"https:\/\/naturalnie.wp.pl\" rel=\"nofollow noopener\" target=\"_blank\">naturalnie<\/a><\/p>\n<p>Materia\u0142 powsta\u0142 w ramach akcji ekologicznej<\/p>\n<p>W styczniowy dzie\u0144 Janusz Mendrala zauwa\u017cy\u0142 w\u00a0swoim karmniku w\u00a0Iwoniczu na Podkarpaciu niezwyk\u0142ego go\u015bcia. W\u015br\u00f3d znanych mu trznadli, jeden ptak wyr\u00f3\u017cnia\u0142 si\u0119 nietypowym ubarwieniem. Jak opisa\u0142, ptak mia\u0142 rdzawobr\u0105zowe upierzenie i\u00a0czysty, bia\u0142y sp\u00f3d cia\u0142a, co odr\u00f3\u017cnia\u0142o go od pospolitych trznadli. Upierzenie pozbawione by\u0142o \u017c\u00f3\u0142tego koloru. <\/p>\n<p>Podczas obserwacji Mendrala dostrzeg\u0142, \u017ce trznadel doskonale wtapia si\u0119 w\u00a0otoczenie \u015bnie\u017cnego krajobrazu, tworz\u0105c niemal iluzj\u0119 zlewania si\u0119 z\u00a0bia\u0142ym t\u0142em. Dzi\u0119ki dokumentacji fotograficznej potwierdzi\u0142, \u017ce widzi samic\u0119 trznadla bia\u0142og\u0142owego. To niezwykle rzadkie zjawisko wzbudzi\u0142o sensacj\u0119 w\u00a0\u015bwiecie mi\u0142o\u015bnik\u00f3w przyrody.<\/p>\n<p>O obserwacji doni\u00f3s\u0142 natychmiast m.in. bran\u017cowy portal Clanga.com oraz fanpage Birding Poland.<\/p>\n<p>Nagrania robi\u0105 wra\u017cenie. Takie widoki nie zdarzaj\u0105 si\u0119 cz\u0119sto <\/p>\n<p>Trznadel bia\u0142og\u0142owy jest gatunkiem w\u0119drownym, znanym z\u00a0Azji i\u00a0wschodnich skraj\u00f3w Europy, gniazduj\u0105cym na Syberii czy w\u00a0Mongolii. Zimuje m.in. w\u00a0Afganistanie, Nepalu, Iranie i\u00a0Japonii. Mo\u017ce mie\u0107 ok. 16\u201318 cm d\u0142ugo\u015bci, a\u00a0samce w\u00a0okresie godowym maj\u0105 charakterystyczn\u0105 bia\u0142\u0105 g\u0142ow\u0119. <\/p>\n<p>Trznadel bia\u0142og\u0142owy przybywa do Polski wyj\u0105tkowo rzadko \u2014\u00a0stwierdzono go tu tylko dwa razy, w\u00a01994 i\u00a02015 r. Pomimo tego, ptak jest obj\u0119ty \u015bcis\u0142\u0105 ochron\u0105. Je\u015bli Komisja Faunistyczna potwierdzi zgodno\u015b\u0107 gatunku, obserwacja Janusza Mendrali zapisze si\u0119 jako trzecia obserwacja tego ptaka w\u00a0Polsce.<\/p>\n<p>Obecno\u015b\u0107 trznadla bia\u0142og\u0142owego w\u00a0Polsce jest istotna nie tylko dla ochrony przyrody, ale tak\u017ce dla dokumentacji przyrodniczej. Obecno\u015b\u0107 tego gatunku na naszych terenach jest wyj\u0105tkowym wydarzeniem.<\/p>\n<p>Historia Janusza Mendrali i\u00a0jego karmnik sta\u0142y si\u0119 przyk\u0142adem na to, jak bliski kontakt z\u00a0natur\u0105 i\u00a0cierpliwe obserwacje mog\u0105 przynie\u015b\u0107 spektakularne odkrycia.<\/p>\n<p>Podkre\u015bla to, jak wa\u017cne jest dokarmianie ptak\u00f3w \u2013\u00a0drobna codzienna czynno\u015b\u0107 mo\u017ce prowadzi\u0107 do nieoczekiwanych i\u00a0znacz\u0105cych odkry\u0107 w\u00a0\u015bwiecie natury.<\/p>\n<p>\u0179r\u00f3d\u0142o: Birding Poland, National-geographic.pl<\/p>\n","protected":false},"excerpt":{"rendered":"naturalnie Materia\u0142 powsta\u0142 w ramach akcji ekologicznej W styczniowy dzie\u0144 Janusz Mendrala zauwa\u017cy\u0142 w\u00a0swoim karmniku w\u00a0Iwoniczu na Podkarpaciu&hellip;\n","protected":false},"author":2,"featured_media":195777,"comment_status":"","ping_status":"","sticky":false,"template":"","format":"standard","meta":{"footnotes":""},"categories":[14],"tags":[32,33,27,34,35,28,31,25,40,41,80,29,30,26,82,83,84],"class_list":{"0":"post-195776","1":"post","2":"type-post","3":"status-publish","4":"format-standard","5":"has-post-thumbnail","7":"category-swiat","8":"tag-breaking-news","9":"tag-breakingnews","10":"tag-headlines","11":"tag-latest-news","12":"tag-latestnews","13":"tag-naglowki","14":"tag-najwazniejsze-artykuly","15":"tag-news","16":"tag-polish","17":"tag-polski","18":"tag-swiat","19":"tag-top-stories","20":"tag-topstories","21":"tag-wiadomosci","22":"tag-world","23":"tag-world-news","24":"tag-worldnews"},"share_on_mastodon":{"url":"https:\/\/pubeurope.com\/@pl\/115865038644535306","error":""},"_links":{"self":[{"href":"https:\/\/www.europesays.com\/pl\/wp-json\/wp\/v2\/posts\/195776","targetHints":{"allow":["GET"]}}],"collection":[{"href":"https:\/\/www.europesays.com\/pl\/wp-json\/wp\/v2\/posts"}],"about":[{"href":"https:\/\/www.europesays.com\/pl\/wp-json\/wp\/v2\/types\/post"}],"author":[{"embeddable":true,"href":"https:\/\/www.europesays.com\/pl\/wp-json\/wp\/v2\/users\/2"}],"replies":[{"embeddable":true,"href":"https:\/\/www.europesays.com\/pl\/wp-json\/wp\/v2\/comments?post=195776"}],"version-history":[{"count":0,"href":"https:\/\/www.europesays.com\/pl\/wp-json\/wp\/v2\/posts\/195776\/revisions"}],"wp:featuredmedia":[{"embeddable":true,"href":"https:\/\/www.europesays.com\/pl\/wp-json\/wp\/v2\/media\/195777"}],"wp:attachment":[{"href":"https:\/\/www.europesays.com\/pl\/wp-json\/wp\/v2\/media?parent=195776"}],"wp:term":[{"taxonomy":"category","embeddable":true,"href":"https:\/\/www.europesays.com\/pl\/wp-json\/wp\/v2\/categories?post=195776"},{"taxonomy":"post_tag","embeddable":true,"href":"https:\/\/www.europesays.com\/pl\/wp-json\/wp\/v2\/tags?post=195776"}],"curies":[{"name":"wp","href":"https:\/\/api.w.org\/{rel}","templated":true}]}}