{"id":195806,"date":"2026-01-09T12:16:14","date_gmt":"2026-01-09T12:16:14","guid":{"rendered":"https:\/\/www.europesays.com\/pl\/195806\/"},"modified":"2026-01-09T12:16:14","modified_gmt":"2026-01-09T12:16:14","slug":"augustow-ojciec-wbil-noz-w-plecy-6-letniej-corki-dziecko-trafilo-do-szpitala-polska","status":"publish","type":"post","link":"https:\/\/www.europesays.com\/pl\/195806\/","title":{"rendered":"August\u00f3w. Ojciec wbi\u0142 n\u00f3\u017c w plecy 6-letniej c\u00f3rki. Dziecko trafi\u0142o do szpitala &#8211; Polska"},"content":{"rendered":"<p>August\u00f3w. Ojciec usi\u0142owa\u0142 zabi\u0107 c\u00f3rk\u0119. Zosta\u0142 zatrzymany<\/p>\n<p>Augustowscy policjanci zatrzymali 41-letniego m\u0119\u017cczyzn\u0119, podejrzanego o usi\u0142owanie zab\u00f3jstwa 6-letniej c\u00f3rki. <a href=\"https:\/\/polskieradio24.pl\/artykul\/3630095,warszawa-silowe-wejscie-do-mieszkania-w-srodku-martwe-niemowle\" rel=\"nofollow noopener\" target=\"_blank\">Dy\u017curny dosta\u0142 zg\u0142oszenie o tym<\/a>, \u017ce ojciec zaatakowa\u0142 dziecko no\u017cem. Na miejsce skierowano policyjny patrol, kt\u00f3ry ustali\u0142, \u017ce 41-latek przyszed\u0142 do mieszkania by\u0142ej partnerki &#8211; rzekomo, by odwiedzi\u0107 dzieci. Niespodziewanie chwyci\u0142 n\u00f3\u017c kuchenny i zaatakowa\u0142 swoj\u0105 6-letni\u0105 c\u00f3rk\u0119. Kobieta pr\u00f3bowa\u0142a go powstrzyma\u0107, ale m\u0119\u017cczyzn\u0119 zdo\u0142a\u0142 wbi\u0107 dziewczynce n\u00f3\u017c w plecy. Matka zabra\u0142a dzieci i uciek\u0142a z mieszkania, a 41-latek zamkn\u0105\u0142 si\u0119 w jednym z pokoj\u00f3w i i nie chcia\u0142 otworzy\u0107 drzwi.<\/p>\n<p>Policjanci musieli sforsowa\u0107 drzwi i wej\u015b\u0107 do mieszkania si\u0142\u0105. Napastnika zatrzymano, a ranna 6-latka trafi\u0142a do szpitala. M\u0119\u017cczyzna us\u0142ysza\u0142 zarzut usi\u0142owania zab\u00f3jstwa c\u00f3rki. Jest tymczasowo aresztowany i ze wzgl\u0119du na sw\u00f3j stan osadzony w zak\u0142adzie psychiatrycznym. Grozi mu nawet do\u017cywocie. Dziewczynka jest ju\u017c w domu pod opiek\u0105 matki.<\/p>\n<p>Czytaj tak\u017ce:<\/p>\n<p>\u0179r\u00f3d\u0142o: Polskie Radio\/mg<\/p>\n","protected":false},"excerpt":{"rendered":"August\u00f3w. Ojciec usi\u0142owa\u0142 zabi\u0107 c\u00f3rk\u0119. Zosta\u0142 zatrzymany Augustowscy policjanci zatrzymali 41-letniego m\u0119\u017cczyzn\u0119, podejrzanego o usi\u0142owanie zab\u00f3jstwa 6-letniej c\u00f3rki.&hellip;\n","protected":false},"author":2,"featured_media":195807,"comment_status":"","ping_status":"","sticky":false,"template":"","format":"standard","meta":{"footnotes":""},"categories":[12],"tags":[32,33,36,37,27,34,35,28,31,25,42,38,40,39,41,29,30,26],"class_list":{"0":"post-195806","1":"post","2":"type-post","3":"status-publish","4":"format-standard","5":"has-post-thumbnail","7":"category-polska","8":"tag-breaking-news","9":"tag-breakingnews","10":"tag-featured-news","11":"tag-featurednews","12":"tag-headlines","13":"tag-latest-news","14":"tag-latestnews","15":"tag-naglowki","16":"tag-najwazniejsze-artykuly","17":"tag-news","18":"tag-pl","19":"tag-poland","20":"tag-polish","21":"tag-polska","22":"tag-polski","23":"tag-top-stories","24":"tag-topstories","25":"tag-wiadomosci"},"share_on_mastodon":{"url":"https:\/\/pubeurope.com\/@pl\/115865097736643712","error":""},"_links":{"self":[{"href":"https:\/\/www.europesays.com\/pl\/wp-json\/wp\/v2\/posts\/195806","targetHints":{"allow":["GET"]}}],"collection":[{"href":"https:\/\/www.europesays.com\/pl\/wp-json\/wp\/v2\/posts"}],"about":[{"href":"https:\/\/www.europesays.com\/pl\/wp-json\/wp\/v2\/types\/post"}],"author":[{"embeddable":true,"href":"https:\/\/www.europesays.com\/pl\/wp-json\/wp\/v2\/users\/2"}],"replies":[{"embeddable":true,"href":"https:\/\/www.europesays.com\/pl\/wp-json\/wp\/v2\/comments?post=195806"}],"version-history":[{"count":0,"href":"https:\/\/www.europesays.com\/pl\/wp-json\/wp\/v2\/posts\/195806\/revisions"}],"wp:featuredmedia":[{"embeddable":true,"href":"https:\/\/www.europesays.com\/pl\/wp-json\/wp\/v2\/media\/195807"}],"wp:attachment":[{"href":"https:\/\/www.europesays.com\/pl\/wp-json\/wp\/v2\/media?parent=195806"}],"wp:term":[{"taxonomy":"category","embeddable":true,"href":"https:\/\/www.europesays.com\/pl\/wp-json\/wp\/v2\/categories?post=195806"},{"taxonomy":"post_tag","embeddable":true,"href":"https:\/\/www.europesays.com\/pl\/wp-json\/wp\/v2\/tags?post=195806"}],"curies":[{"name":"wp","href":"https:\/\/api.w.org\/{rel}","templated":true}]}}