{"id":195808,"date":"2026-01-09T12:17:09","date_gmt":"2026-01-09T12:17:09","guid":{"rendered":"https:\/\/www.europesays.com\/pl\/195808\/"},"modified":"2026-01-09T12:17:09","modified_gmt":"2026-01-09T12:17:09","slug":"od-marca-mozliwa-e-apelacja-sady-obawiaja-sie-problemow-kadrowych","status":"publish","type":"post","link":"https:\/\/www.europesays.com\/pl\/195808\/","title":{"rendered":"Od marca mo\u017cliwa e-apelacja; s\u0105dy obawiaj\u0105 si\u0119 problem\u00f3w kadrowych"},"content":{"rendered":"<p>Przypomnijmy, \u017ce od 1 marca 2026 r. zawodowi pe\u0142nomocnicy w sprawach cywilnych b\u0119d\u0105 mogli wnosi\u0107 do s\u0105du w formie elektronicznej przez portal informacyjny s\u0105du m.in. apelacje i za\u017calenia (poza za\u017caleniami do SN), a tak\u017ce pisma w post\u0119powaniu drugoinstancyjnym. Poza tym, tak\u017ce w I instancji, m.in.:<\/p>\n<ul>\n<li>zg\u0142oszenie si\u0119 do udzia\u0142u w sprawie,<\/li>\n<p>&#13;<\/p>\n<li>zawiadomienie o wypowiedzeniu pe\u0142nomocnictwa procesowego,<\/li>\n<p>&#13;<\/p>\n<li>zgod\u0119 na mediacj\u0119,<\/li>\n<p>&#13;<\/p>\n<li>wniosek o przeprowadzenie posiedzenia zdalnego,<\/li>\n<p>&#13;<\/p>\n<li>wniosek o uzasadnienie orzeczenia,<\/li>\n<p>&#13;<\/p>\n<li>wniosek o nadanie klauzuli wykonalno\u015bci.<\/li>\n<p>&#13;\n<\/ul>\n<p>Co wi\u0119cej, t\u0105 drog\u0105 \u2013 w przypadku pism procesowych wnoszonych do s\u0105du w inny spos\u00f3b ni\u017c za po\u015brednictwem portalu informacyjnego \u2013 adwokat, radca prawny, rzecznik patentowy lub Prokuratoria Generalna Rzeczypospolitej Polskiej b\u0119d\u0105 mogli dor\u0119cza\u0107 sobie nawzajem bezpo\u015brednio odpisy pism procesowych z za\u0142\u0105cznikami.<\/p>\n<p>Czytaj:<a data-linkseo=\"0\" href=\"https:\/\/www.prawo.pl\/prawnicy-sady\/od-marca-2026-r-e-apelacja-w-sprawach-cywilnych-ustawe-musi-podpisac-nowy-prezydent,534318.html\" target=\"_blank\" rel=\"nofollow noopener\">\u00a0Od marca 2026 r. e-apelacja w sprawach cywilnych? Ustaw\u0119 musi podpisa\u0107 nowy prezydent&gt;&gt;<\/a><\/p>\n<p>Zgodnie z nowelizacj\u0105 &#8211; art. 125 [2] Kodeksu post\u0119powania cywilnego &#8211; je\u015bli za\u0142\u0105cznik pisma procesowego ze wzgl\u0119du na jego w\u0142a\u015bciwo\u015bci nie b\u0119dzie m\u00f3g\u0142 zosta\u0107 skutecznie wniesiony wraz z tym pismem za po\u015brednictwem portalu informacyjnego, b\u0119dzie go mo\u017cna przes\u0142a\u0107 poczt\u0105, ale \u201euprawdopodobniaj\u0105c t\u0119 okoliczno\u015b\u0107 w terminie 3 dni od dnia wniesienia pisma&#8221;. W przypadku niedope\u0142nienia tych obowi\u0105zk\u00f3w s\u0105d pominie za\u0142\u0105cznik. Przewidziano tak\u017ce ewentualne problemy z portalem. I tak, w przypadku gdy w dniu, w kt\u00f3rym up\u0142ywa termin do wniesienia pisma procesowego, wyst\u0105pi\u0105 ograniczenia w dost\u0119pno\u015bci portalu informacyjnego, le\u017c\u0105ce po stronie s\u0105du, uniemo\u017cliwiaj\u0105ce wniesienie tego pisma, pismo b\u0119dzie mo\u017cna wnie\u015b\u0107 najp\u00f3\u017aniej w nast\u0119pnym dniu po dniu, w kt\u00f3rym przywr\u00f3cono dost\u0119pno\u015b\u0107 portalu (z wy\u0142\u0105czeniem dnia wolnego od pracy i soboty). W takim pi\u015bmie procesowym r\u00f3wnie\u017c trzeba b\u0119dzie uprawdopodobni\u0107 powy\u017csze okoliczno\u015bci.<\/p>\n<p>Z kolei je\u015bli chodzi o sprawy karne, to od 1 marca prokurator, obro\u0144ca lub pe\u0142nomocnik, b\u0119d\u0105cy adwokatem lub radc\u0105 prawnym, b\u0119d\u0105 mogli z\u0142o\u017cy\u0107 apelacj\u0119 i dalsze pisma w toku post\u0119powania odwo\u0142awczego przez umieszczenie ich tre\u015bci w portalu informacyjnym.<\/p>\n<p>Czytaj te\u017c w LEX:\u00a0<a data-linkseo=\"0\" href=\"https:\/\/sip.lex.pl\/komentarze-i-publikacje\/komentarze-praktyczne\/typowe-bledy-profesjonalnych-pelnomocnikow-w-pismach-470288720\" target=\"_blank\" rel=\"nofollow noopener\">Typowe b\u0142\u0119dy profesjonalnych pe\u0142nomocnik\u00f3w w pismach procesowych &gt;<\/a><\/p>\n<p>Modu\u0142 &#8222;Biuro podawcze&#8221;, rozmiar za\u0142\u0105cznika 100 MB<\/p>\n<p>W opiniowaniu jest obecnie pi\u0119\u0107 projekt\u00f3w rozporz\u0105dze\u0144: w sprawie portalu informacyjnego (B937), zmieniaj\u0105cy rozporz\u0105dzenie w sprawie dor\u0119czenia pism s\u0105dowych za po\u015brednictwem portalu informacyjnego w post\u0119powaniu cywilnym (B936), w sprawie okre\u015blenia trybu i sposobu wnoszenia pism procesowych w postaci elektronicznej za po\u015brednictwem portalu informacyjnego (A545), w sprawie bezpo\u015bredniego wzajemnego dor\u0119czania odpis\u00f3w pism procesowych z za\u0142\u0105cznikami pomi\u0119dzy adwokatami, radcami prawnymi, rzecznikami patentowymi lub Prokuratori\u0105 Generaln\u0105 Rzeczpospolitej Polskiej za po\u015brednictwem portalu informacyjnego w post\u0119powaniu cywilnym (A546) oraz w sprawie okre\u015blenia trybu i sposobu wnoszenia pism procesowych w postaci elektronicznej za po\u015brednictwem portalu informacyjnego (A544).<\/p>\n<p>Zgodnie z propozycjami, wniesienie pisma ma oznacza\u0107 wywo\u0142anie z konta funkcji \u201eZ\u0142\u00f3\u017c pismo&#8221; w module \u201eBiuro Podawcze&#8221;, s\u0142u\u017c\u0105cym do wnoszenia pism wraz z za\u0142\u0105cznikami. Za\u0142o\u017cono r\u00f3wnie\u017c elektroniczne potwierdzenie wniesienia pisma, kt\u00f3re ma by\u0107 dokumentem elektronicznym generowanym automatycznie przez system teleinformatyczny po skutecznym wniesieniu pisma. Ma to by\u0107 potwierdzenie, \u017ce dokument elektroniczny zosta\u0142 skutecznie wniesiony do s\u0105du; i ma te\u017c pe\u0142ni\u0107 funkcj\u0119 analogiczn\u0105 do stempla wp\u0142ywu w tradycyjnym obiegu dokument\u00f3w, mo\u017ce by\u0107 wykorzystane jako dow\u00f3d wniesienia pisma w terminie.<br \/>&#13;<br \/>\nData wniesienia pisma ma oznacza\u0107 dok\u0142adn\u0105 dat\u0119 wskazuj\u0105c\u0105 na rok, miesi\u0105c, dzie\u0144, godzin\u0119, minut\u0119 i sekund\u0119 utrwalenia pisma w portalu informacyjnym po wywo\u0142aniu funkcji \u201eZ\u0142\u00f3\u017c pismo&#8221;.<\/p>\n<p><a data-linkseo=\"0\" href=\"https:\/\/sip.lex.pl\/komentarze-i-publikacje\/poradniki\/jak-kupuje-sie-uslugi-i-produkty-prawnicze-w-erze-social-mediow-151531664\" target=\"_blank\" rel=\"nofollow noopener\">Jak kupuje si\u0119 us\u0142ugi i produkty prawnicze w erze social medi\u00f3w? &#8211; czytaj w LEX &gt;<\/a><\/p>\n<p>Pisma wnoszone za po\u015brednictwem portalu informacyjnego maj\u0105 by\u0107 sporz\u0105dzane w formacie A4. Z kolei rozmiar pojedynczego za\u0142\u0105cznika wnoszonego za po\u015brednictwem portalu nie mo\u017ce &#8211; jak wynika z projekt\u00f3w &#8211; przekracza\u0107 100 MB.<\/p>\n<p>Z kolei je\u015bli chodzi o wzajemne dor\u0119czenia pism i za\u0142\u0105cznik\u00f3w mi\u0119dzy u\u017cytkownikami za po\u015brednictwem portalu informacyjnego, to ma ono nast\u0119powa\u0107 poprzez umieszczenie pism w module \u201eMoje dor\u0119czenia&#8221;. I tak, zgodnie z projektem rozporz\u0105dzenia A546, w przypadku wskazanym w art. 132 par. 1[4] k.p.c. (dor\u0119czenia mi\u0119dzy pe\u0142nomocnikami profesjonalnymi) przekazanie pisma do modu\u0142u \u201eMoje dor\u0119czenia&#8221; adresata b\u0119dzie nast\u0119powa\u0107 automatycznie po dodaniu w metryce pisma w module \u201eBiura Podawczego&#8221; jako adresata w\u0142a\u015bciciela konta i wywo\u0142aniu funkcji \u201eZ\u0142\u00f3\u017c pismo&#8221; albo po wniesieniu pisma poprzez wyb\u00f3r adresata i wywo\u0142anie funkcji \u201ePrzeka\u017c pismo&#8221;.<\/p>\n<p><a data-linkseo=\"0\" href=\"https:\/\/sip.lex.pl\/strefa-szkolen\/szkolenia-online\/jak-budowac-wizerunek-prawnika-w-relacjach-z-klientami-1845497060\" target=\"_blank\" rel=\"nofollow noopener\">Jak budowa\u0107 wizerunek prawnika w relacjach z klientami? &#8211; zobacz w LEX &gt;<\/a><\/p>\n<p>\u00a0<\/p>\n<p>S\u0105dy maj\u0105 obawy kadrowe i finansowe<\/p>\n<p>Uwagi do projekt\u00f3w zg\u0142aszaj\u0105 ju\u017c m.in. s\u0105dy. W uwagach prezesa S\u0105du Apelacyjnego w Lublinie zwr\u00f3cono uwag\u0119 na ryzyko generowania znacznego obci\u0105\u017cenia prac\u0105 sekretariat\u00f3w wydzia\u0142\u00f3w.<\/p>\n<p>&#8211; Powstanie bowiem konieczno\u015b\u0107 drukowania pism, za\u0142\u0105cznik\u00f3w i do\u0142\u0105czania ich do akt, co b\u0119dzie wymaga\u0142o odpowiednich narz\u0119dzi, materia\u0142\u00f3w, a przede wszystkim wzmocnienia kadrowego sekretariat\u00f3w. Czynno\u015bci, kt\u00f3re do tej pory wykonywali profesjonalni pe\u0142nomocnicy, b\u0119d\u0105 przerzucone na s\u0105d, co poza nak\u0142adem pracy spowoduje tak\u017ce dodatkowe koszty tych technicznych czynno\u015bci (papier, drukarki, tonery itp.). Niew\u0105tpliwie nale\u017ca\u0142oby, w \u015blad za powy\u017cszym projektem, rozwa\u017cy\u0107 wzmocnienie etatowe urz\u0119dnik\u00f3w s\u0105dowych, kt\u00f3rzy b\u0119d\u0105 musieli realizowa\u0107 nowe, wskazane w projekcie zadania &#8211; wskazuje w swojej opinii do projektu rozporz\u0105dzenia A544 Barbara du Ch\u00e2teau, wiceprezes s\u0105du.<\/p>\n<p>\u00a0<\/p>\n<p>\u00a0<\/p>\n<p>Zwraca na to uwag\u0119 w swojej opinii\u00a0 r\u00f3wnie\u017c Pawe\u0142 Rygiel, prezes S\u0105du Apelacyjnego w Krakowie. Wskazuje, \u017ce czynno\u015bci, kt\u00f3re do tej pory wykonywali adwokaci lub radcowie prawni &#8211; drukowanie odpis\u00f3w pozwu i za\u0142\u0105cznik\u00f3w &#8211; b\u0119d\u0105 wykonywane przez s\u0105dy. &#8211; W zwi\u0105zku z tym znacznie zwi\u0119kszy si\u0119 obci\u0105\u017cenie prac\u0105 sekretariat\u00f3w s\u0105d\u00f3w i to s\u0105dy ponios\u0105 wysokie koszty tych technicznych czynno\u015bci (czas pracy pracownika, papier, drukarki itp.). Projekt doskona\u0142y z punktu widzenia zawod\u00f3w prawniczych (adwokat\u00f3w i radc\u00f3w prawnych), bowiem znacznie u\u0142atwiaj\u0105cy ich prac\u0119, w tym istotnie ograniczaj\u0105cy prac\u0119 biurow\u0105 kancelarii prawniczych zwi\u0105zan\u0105 z wydrukowaniem pism i za\u0142\u0105cznik\u00f3w dla strony przeciwnej (kt\u00f3re teraz b\u0119dzie mo\u017cna \u201emno\u017cy\u0107&#8221; bez ogranicze\u0144 zwi\u0105zanych z kosztami ich drukowania), a przede wszystkim ograniczaj\u0105cy koszty kancelarii, kt\u00f3re (niestety) w znacznej cz\u0119\u015bci zostaj\u0105 przerzucone na s\u0105dy &#8211; podsumowa\u0142.<\/p>\n<p><a data-linkseo=\"0\" href=\"https:\/\/sip.lex.pl\/komentarze-i-publikacje\/poradniki\/jakosc-uslug-pomocy-prawnej-jako-instrument-marketingowy-151527139\" target=\"_blank\" rel=\"nofollow noopener\">Jako\u015b\u0107 us\u0142ug pomocy prawnej jako instrument marketingowy kancelarii, czyli jak sprzeda\u0107 us\u0142ugi prawne &#8211; czytaj w LEX &gt;<\/a><\/p>\n<p>\u00a0<\/p>\n<p>Pracownicy s\u0105d\u00f3w sceptyczni &#8211; obawiaj\u0105 si\u0119 chaosu<\/p>\n<p>Dariusz Kadulski, wiceprzewodnicz\u0105cy NSZZ \u201eSolidarno\u015b\u0107&#8221; Pracownik\u00f3w S\u0105downictwa i Prokuratury, podkre\u015bla, \u017ce obawy, kt\u00f3re s\u0142ycha\u0107 w s\u0105dach, nie bior\u0105 si\u0119 z niech\u0119ci do elektronizacji ani z przywi\u0105zania do papieru. &#8211; One wynikaj\u0105 z do\u015bwiadczenia. Z bardzo konkretnego do\u015bwiadczenia ostatnich dwudziestu lat, w kt\u00f3rych kolejne rozwi\u0105zania informatyczne by\u0142y wdra\u017cane fragmentarycznie, niesp\u00f3jnie i bez realnego zabezpieczenia kadrowego. Z punktu widzenia sekretariat\u00f3w s\u0105dowych problemem nie s\u0105 same przepisy procesowe dopuszczaj\u0105ce wnoszenie pism przez portal informacyjny \u2013 tutaj cenne s\u0105 uwagi przedstawicieli zawod\u00f3w prawniczych. Tworzone procedury, w oderwaniu od praktyki, mog\u0105 wygl\u0105da\u0107 neutralnie, a nawet racjonalnie. Prawdziwe ryzyko le\u017cy gdzie indziej \u2013 w tym, jak to rozwi\u0105zanie zostanie opisane w przepisach wykonawczych, zarz\u0105dzeniach i instrukcjach oraz jak zostanie wdro\u017cone do codziennego stosowania &#8211; wskazuje.<\/p>\n<p>I dodaje, \u017ce s\u0105dy doskonale wiedz\u0105, czym w praktyce ko\u0144cz\u0105 si\u0119 \u201eprzej\u015bciowe&#8221; i \u201ecz\u0119\u015bciowe&#8221; rozwi\u0105zania. &#8211; Zamiast uproszcze\u0144 pojawia si\u0119 dodatkowa praca, nowe obowi\u0105zki kontrolne, drukowanie stos\u00f3w dokument\u00f3w przesy\u0142anych elektronicznie, r\u0119czna obs\u0142uga system\u00f3w, kt\u00f3re nie s\u0105 ze sob\u0105 zintegrowane. I wszystko to trafia na barki sekretariat\u00f3w, kt\u00f3re ju\u017c dzi\u015b funkcjonuj\u0105 na granicy wydolno\u015bci. Boj\u0119 si\u0119 nawet pomy\u015ble\u0107, jak b\u0119dzie wygl\u0105da\u0142 proces drukowania i rozsy\u0142ania obszernego pisma procesowego z licznymi za\u0142\u0105cznikami w sprawie, w kt\u00f3rej wyst\u0119puje kilkudziesi\u0119ciu uczestnik\u00f3w \u2013 a takich spraw cywilnych nie jest ma\u0142o. Bez dodatkowych etat\u00f3w i bez sensownej organizacji pracy ka\u017cda taka zmiana \u2013 w mojej ocenie \u2013 oznacza dalsze wyd\u0142u\u017cenie post\u0119powa\u0144 &#8211; podsumowuje.<\/p>\n<p>Wiceprzewodnicz\u0105cy przyznaje r\u00f3wnie\u017c, \u017ce w s\u0105dach jest silne poczucie, i\u017c zn\u00f3w pr\u00f3buje si\u0119 zbudowa\u0107 jedynie wra\u017cenie cyfryzacji. &#8211; Dlatego sceptycyzm pracownik\u00f3w s\u0105d\u00f3w jest zwykle uzasadniony. On wyrasta z codziennej praktyki, z brak\u00f3w kadrowych, z przeci\u0105\u017cenia sekretariat\u00f3w i z pami\u0119ci wcze\u015bniejszych reform, kt\u00f3re w za\u0142o\u017ceniach mia\u0142y usprawnia\u0107 post\u0119powania, a w rzeczywisto\u015bci generowa\u0142y chaos organizacyjny. Je\u015bli te realia zostan\u0105 pomini\u0119te, kolejne regulacje \u2013 nawet dobrze brzmi\u0105ce na papierze \u2013 zn\u00f3w oka\u017c\u0105 si\u0119 kosztowne i nieskuteczne &#8211; podkre\u015bla.<\/p>\n<p>Zobacz te\u017c w LEX:\u00a0<a data-linkseo=\"0\" href=\"https:\/\/sip.lex.pl\/strefa-szkolen\/szkolenia-online\/najnowsze-narzedzia-marketingu-prawnika-jak-byc-widocznym-w-1845498440\" target=\"_blank\" rel=\"nofollow noopener\">Najnowsze narz\u0119dzia marketingu prawnika &#8211; jak by\u0107 widocznym w Internecie? &gt;<\/a><\/p>\n<p>\u00a0<\/p>\n<p>Konieczne dostosowanie prokuratorskiego systemu<\/p>\n<p>Dariusz Korneluk, prokurator krajowy, w swojej opinii przekazuje r\u00f3wnie\u017c informacje Departamentu do Spraw Cyberprzest\u0119pczo\u015bci i Informatyzacji Prokuratury Krajowej. Wynika z niej, \u017ce obecnie wykorzystywany przez prokuratur\u0119 System PROK-SYS obs\u0142uguje z portalem informacyjnym s\u0105d\u00f3w powszechnych wymian\u0119 dokument\u00f3w tylko jednokierunkow\u0105, umo\u017cliwiaj\u0105c\u0105 powszechnym jednostkom organizacyjnym prokuratury odbieranie pism od s\u0105d\u00f3w.<\/p>\n<p>&#8211; Wysy\u0142anie przez prokuratury pism procesowych do ww. portalu wymaga modyfikacji Systemu PROK-SYS, kt\u00f3rej b\u0119dzie m\u00f3g\u0142 dokona\u0107 wykonawca Systemu dopiero po otrzymaniu od S\u0105du Apelacyjnego we Wroc\u0142awiu zaktualizowanej dokumentacji technicznej API portalu. Dopiero otrzymana z S\u0105du Apelacyjnego we Wroc\u0142awiu dokumentacja techniczna umo\u017cliwi wykonawcy Systemu PROK-SYS podj\u0119cie prac deweloperskich w systemie &#8211; wskazano. Dokumentacja mia\u0142a by\u0107 przekazana pod koniec 2025 r.<\/p>\n<p>Czytaj te\u017c w LEX:\u00a0<a data-linkseo=\"0\" href=\"https:\/\/sip.lex.pl\/komentarze-i-publikacje\/komentarze-praktyczne\/ubezpieczenia-oc-osob-wykonujacych-wybrane-zawody-470287064\" target=\"_blank\" rel=\"nofollow noopener\">Ubezpieczenia OC os\u00f3b wykonuj\u0105cych wybrane zawody prawnicze w kontek\u015bcie odpowiedzialno\u015bci za korzystanie z rozwi\u0105za\u0144 AI &gt;<\/a><\/p>\n<p>\u00a0<\/p>\n<p>\u00a0\n\t\t\t<\/p>\n<p>\t\t\t\t\t\t&#8212;&#8212;&#8212;&#8212;&#8212;&#8212;&#8212;&#8212;&#8212;&#8212;&#8212;&#8212;&#8212;&#8212;&#8212;&#8212;&#8212;&#8212;&#8212;&#8212;&#8212;&#8212;&#8212;&#8212;&#8212;&#8212;&#8212;&#8212;&#8212;&#8212;&#8212;&#8212;&#8212;&#8212;&#8212;&#8212;&#8212;&#8212;-<\/p>\n<p>\t\t\t\t\t\tLinki w tek\u015bcie artyku\u0142u mog\u0105 odsy\u0142a\u0107 bezpo\u015brednio do odpowiednich dokument\u00f3w w <a href=\"https:\/\/sip.lex.pl\/\" target=\"_blank\" rel=\"nofollow noopener\">programie LEX<\/a>. Aby m\u00f3c przegl\u0105da\u0107 te dokumenty, konieczne jest <a href=\"https:\/\/sip.lex.pl\/\" target=\"_blank\" rel=\"nofollow noopener\">zalogowanie si\u0119 do programu<\/a>. Dost\u0119p do tre\u015bci dokument\u00f3w w programie LEX jest zale\u017cny od posiadanych licencji.<\/p>\n","protected":false},"excerpt":{"rendered":"Przypomnijmy, \u017ce od 1 marca 2026 r. zawodowi pe\u0142nomocnicy w sprawach cywilnych b\u0119d\u0105 mogli wnosi\u0107 do s\u0105du w&hellip;\n","protected":false},"author":2,"featured_media":195809,"comment_status":"","ping_status":"","sticky":false,"template":"","format":"standard","meta":{"footnotes":""},"categories":[5],"tags":[32,33,36,37,27,34,35,28,31,25,42,38,40,39,41,31327,17019,29,30,26],"class_list":{"0":"post-195808","1":"post","2":"type-post","3":"status-publish","4":"format-standard","5":"has-post-thumbnail","7":"category-naglowki","8":"tag-breaking-news","9":"tag-breakingnews","10":"tag-featured-news","11":"tag-featurednews","12":"tag-headlines","13":"tag-latest-news","14":"tag-latestnews","15":"tag-naglowki","16":"tag-najwazniejsze-artykuly","17":"tag-news","18":"tag-pl","19":"tag-poland","20":"tag-polish","21":"tag-polska","22":"tag-polski","23":"tag-prawo-cywilne","24":"tag-prawo-karne","25":"tag-top-stories","26":"tag-topstories","27":"tag-wiadomosci"},"share_on_mastodon":{"url":"https:\/\/pubeurope.com\/@pl\/115865101636762325","error":""},"_links":{"self":[{"href":"https:\/\/www.europesays.com\/pl\/wp-json\/wp\/v2\/posts\/195808","targetHints":{"allow":["GET"]}}],"collection":[{"href":"https:\/\/www.europesays.com\/pl\/wp-json\/wp\/v2\/posts"}],"about":[{"href":"https:\/\/www.europesays.com\/pl\/wp-json\/wp\/v2\/types\/post"}],"author":[{"embeddable":true,"href":"https:\/\/www.europesays.com\/pl\/wp-json\/wp\/v2\/users\/2"}],"replies":[{"embeddable":true,"href":"https:\/\/www.europesays.com\/pl\/wp-json\/wp\/v2\/comments?post=195808"}],"version-history":[{"count":0,"href":"https:\/\/www.europesays.com\/pl\/wp-json\/wp\/v2\/posts\/195808\/revisions"}],"wp:featuredmedia":[{"embeddable":true,"href":"https:\/\/www.europesays.com\/pl\/wp-json\/wp\/v2\/media\/195809"}],"wp:attachment":[{"href":"https:\/\/www.europesays.com\/pl\/wp-json\/wp\/v2\/media?parent=195808"}],"wp:term":[{"taxonomy":"category","embeddable":true,"href":"https:\/\/www.europesays.com\/pl\/wp-json\/wp\/v2\/categories?post=195808"},{"taxonomy":"post_tag","embeddable":true,"href":"https:\/\/www.europesays.com\/pl\/wp-json\/wp\/v2\/tags?post=195808"}],"curies":[{"name":"wp","href":"https:\/\/api.w.org\/{rel}","templated":true}]}}