{"id":195820,"date":"2026-01-09T12:23:13","date_gmt":"2026-01-09T12:23:13","guid":{"rendered":"https:\/\/www.europesays.com\/pl\/195820\/"},"modified":"2026-01-09T12:23:13","modified_gmt":"2026-01-09T12:23:13","slug":"bryla-lodu-spadla-z-ciezarowki-na-samochod-na-sasiednim-pasie-pasazerka-trafila-do-szpitala","status":"publish","type":"post","link":"https:\/\/www.europesays.com\/pl\/195820\/","title":{"rendered":"Bry\u0142a lodu spad\u0142a z ci\u0119\u017car\u00f3wki na samoch\u00f3d na s\u0105siednim pasie. Pasa\u017cerka trafi\u0142a do szpitala"},"content":{"rendered":"<p class=\"Paragraph_desktopParagraph__U31Gm\">Jak wynika z ustale\u0144 funkcjonariuszy, kierowca samochodu osobowego marki Audi wyprzedza\u0142 ci\u0119\u017car\u00f3wk\u0119 lewym pasem jezdni. W pewnym momencie z wyprzedzanego pojazdu na szyb\u0119 osob\u00f3wki spad\u0142a bry\u0142a lodu, przebijaj\u0105c j\u0105. W wyniku zdarzenia pasa\u017cerka samochodu zosta\u0142a poszkodowana i z obra\u017ceniami twarzoczaszki trafi\u0142a do szpitala.<\/p>\n<p class=\"Paragraph_desktopParagraph__U31Gm\">Kierowca samochodu ci\u0119\u017carowego oddali\u0142 si\u0119 z miejsca zdarzenia, jednak jak zaznacza policja, mo\u017cliwe, \u017ce nie by\u0142 nawet \u015bwiadomy sytuacji.<\/p>\n<ul class=\"OchatFollowUps_wrapper__1ry7X\">\n<li class=\"OchatFollowUps_item__Dhyly OchatFollowUps_itemDesktop__R6aBv\">Gdzie mia\u0142o miejsce zdarzenie z bry\u0142\u0105 lodu?<\/li>\n<li class=\"OchatFollowUps_item__Dhyly OchatFollowUps_itemDesktop__R6aBv\">Jakie obra\u017cenia odnios\u0142a pasa\u017cerka?<\/li>\n<li class=\"OchatFollowUps_item__Dhyly OchatFollowUps_itemDesktop__R6aBv\">Co si\u0119 sta\u0142o z kierowc\u0105 ci\u0119\u017car\u00f3wki?<\/li>\n<li class=\"OchatFollowUps_item__Dhyly OchatFollowUps_itemDesktop__R6aBv\">Jakie konsekwencje prawne mog\u0105 grozi\u0107 kierowcy za nieod\u015bnie\u017cony pojazd?<\/li>\n<\/ul>\n<p class=\"Paragraph_desktopParagraph__U31Gm\">Trwa ustalanie to\u017csamo\u015bci kieruj\u0105cego. Jak przypomina policja, je\u015bli &#8222;nieod\u015bnie\u017cony pojazd przyczyni si\u0119 do spowodowania zagro\u017cenia bezpiecze\u0144stwa w ruchu drogowym innym uczestnikom ruchu lub pasa\u017cerom, kieruj\u0105cy nara\u017ca si\u0119 na konsekwencje prawne z artyku\u0142u 86 \u00a71 kodeksu wykrocze\u0144, kt\u00f3re przewiduj\u0105 mandat karny nie ni\u017cszy ni\u017c 1500 z\u0142otych lub sprawa mo\u017ce by\u0107 skierowana do s\u0105du. Kiedy pokrzywdzony poniesie powa\u017cne obra\u017cenia, a zdarzenie zostanie zakwalifikowane jako wypadek, sprawca odpowie za przest\u0119pstwo z artyku\u0142u 177 kodeksu karnego, za kt\u00f3re mo\u017ce grozi\u0107 do trzech lat, a gdy nast\u0119pstwem wypadku jest \u015bmier\u0107, nawet do o\u015bmiu lat.&#8221;<\/p>\n<p><img decoding=\"async\" class=\"Image_image__0tuHp Image_autoHeight__f2n87 \" height=\"587\" width=\"782\" src=\"https:\/\/www.europesays.com\/pl\/wp-content\/uploads\/2026\/01\/DhEk9kpTURBXy81NmI1ZDE4NGE2MGYxY2QxZDIwODU1YjlhNWQyMzY0YS5qcGeSlQLNA6wAwsOVAgDNAkvCw94AA6EwAaExAaEzw.jpeg\" alt=\"fot. KPP Gniezno\" loading=\"lazy\" \/>www.codziennypoznan.pl<\/p>\n<p>fot. KPP Gniezno<\/p>\n","protected":false},"excerpt":{"rendered":"Jak wynika z ustale\u0144 funkcjonariuszy, kierowca samochodu osobowego marki Audi wyprzedza\u0142 ci\u0119\u017car\u00f3wk\u0119 lewym pasem jezdni. W pewnym momencie&hellip;\n","protected":false},"author":2,"featured_media":195821,"comment_status":"","ping_status":"","sticky":false,"template":"","format":"standard","meta":{"footnotes":""},"categories":[12],"tags":[1009,32,33,1815,36,37,27,34,35,28,31,53,25,52,68,51,312,55,42,38,40,39,41,47,29,30,50,26],"class_list":{"0":"post-195820","1":"post","2":"type-post","3":"status-publish","4":"format-standard","5":"has-post-thumbnail","7":"category-polska","8":"tag-anejus","9":"tag-breaking-news","10":"tag-breakingnews","11":"tag-codziennypoznanpl","12":"tag-featured-news","13":"tag-featurednews","14":"tag-headlines","15":"tag-latest-news","16":"tag-latestnews","17":"tag-naglowki","18":"tag-najwazniejsze-artykuly","19":"tag-new_header","20":"tag-news","21":"tag-onet3","22":"tag-onet3d","23":"tag-onet3d_2i","24":"tag-pcz","25":"tag-phx","26":"tag-pl","27":"tag-poland","28":"tag-polish","29":"tag-polska","30":"tag-polski","31":"tag-screening_general","32":"tag-top-stories","33":"tag-topstories","34":"tag-v2021","35":"tag-wiadomosci"},"share_on_mastodon":{"url":"https:\/\/pubeurope.com\/@pl\/115865125141408144","error":""},"_links":{"self":[{"href":"https:\/\/www.europesays.com\/pl\/wp-json\/wp\/v2\/posts\/195820","targetHints":{"allow":["GET"]}}],"collection":[{"href":"https:\/\/www.europesays.com\/pl\/wp-json\/wp\/v2\/posts"}],"about":[{"href":"https:\/\/www.europesays.com\/pl\/wp-json\/wp\/v2\/types\/post"}],"author":[{"embeddable":true,"href":"https:\/\/www.europesays.com\/pl\/wp-json\/wp\/v2\/users\/2"}],"replies":[{"embeddable":true,"href":"https:\/\/www.europesays.com\/pl\/wp-json\/wp\/v2\/comments?post=195820"}],"version-history":[{"count":0,"href":"https:\/\/www.europesays.com\/pl\/wp-json\/wp\/v2\/posts\/195820\/revisions"}],"wp:featuredmedia":[{"embeddable":true,"href":"https:\/\/www.europesays.com\/pl\/wp-json\/wp\/v2\/media\/195821"}],"wp:attachment":[{"href":"https:\/\/www.europesays.com\/pl\/wp-json\/wp\/v2\/media?parent=195820"}],"wp:term":[{"taxonomy":"category","embeddable":true,"href":"https:\/\/www.europesays.com\/pl\/wp-json\/wp\/v2\/categories?post=195820"},{"taxonomy":"post_tag","embeddable":true,"href":"https:\/\/www.europesays.com\/pl\/wp-json\/wp\/v2\/tags?post=195820"}],"curies":[{"name":"wp","href":"https:\/\/api.w.org\/{rel}","templated":true}]}}