{"id":195824,"date":"2026-01-09T12:25:13","date_gmt":"2026-01-09T12:25:13","guid":{"rendered":"https:\/\/www.europesays.com\/pl\/195824\/"},"modified":"2026-01-09T12:25:13","modified_gmt":"2026-01-09T12:25:13","slug":"oskar-pietuszewski-wybral-dobrze-oto-co-czeka-go-w-fc-porto","status":"publish","type":"post","link":"https:\/\/www.europesays.com\/pl\/195824\/","title":{"rendered":"Oskar Pietuszewski wybra\u0142 dobrze. Oto co czeka go w FC Porto"},"content":{"rendered":"<p>29 sierpnia 2024 roku Oskar Pietuszewski zadebiutowa\u0142 w Jagiellonii w meczu kwalifikacji LE przeciwko Ajaksowi, kt\u00f3rego trenerem by\u0142 Francesco Farioli. Teraz 17-latek b\u0119dzie pracowa\u0142 z W\u0142ochem w FC Porto.<\/p>\n<p>Negocjacje pomi\u0119dzy Smokami a Jagielloni\u0105 trwa\u0142y ju\u017c od grudnia. Bia\u0142ostoczanie pocz\u0105tkowo chcieli, aby <a href=\"https:\/\/przegladsportowy.onet.pl\/pilka-nozna\/ekstraklasa\/oskar-pietuszewski-na-dluzej-w-jagiellonii-oto-najbardziej-prawdopodobny-scenariusz\/fxblnrf\" id=\"3d594f2a-b081-47ce-9d9c-318076c44c47\" rel=\"nofollow noopener\" target=\"_blank\">Pietuszewski pozosta\u0142 u nich do ko\u0144ca sezonu<\/a>, a dopiero potem przeni\u00f3s\u0142 si\u0119 do Portugalii. Determinacja Porto oraz samego zawodnika by\u0142a jednak na tyle du\u017ca, \u017ce transfer sfinalizowano ju\u017c teraz.<\/p>\n<p class=\"Paragraph_desktopParagraph__Fd2e9\">Oskar przeszed\u0142 w Jagiellonii d\u0142ug\u0105 drog\u0119 od dru\u017cyn dzieci\u0119cych przez juniorskie po pierwszy zesp\u00f3\u0142. Transfer jest zwie\u0144czeniem i ukoronowaniem tej drogi. \u2014 Podejmuj\u0105c t\u0119 decyzj\u0119, kierowali\u015bmy si\u0119 g\u0142\u00f3wnie szacunkiem wobec obranej \u015bcie\u017cki rozwoju Oskara oraz woli pi\u0142karza i jego najbli\u017cszego otoczenia \u2014 m\u00f3wi dyrektor sportowy Dumy Podlasia \u0141ukasz Mas\u0142owski. Jego s\u0142owa dotycz\u0105ce &#8222;\u015bcie\u017cki rozwoju&#8221; s\u0105 kluczowe, bo opr\u00f3cz Porto du\u017ce zainteresowanie skrzyd\u0142owym wykazywa\u0142y te\u017c hiszpa\u0144skie kluby, m.in. Atletico Madryt. Zar\u00f3wno Jagiellonia, jak i Pietuszewski zdawali sobie jednak spraw\u0119, \u017ce najlepsze mo\u017cliwo\u015bci do rozwoju m\u0142ody zawodnik b\u0119dzie mie\u0107 w\u0142a\u015bnie na Estadio do Dragao.<\/p>\n<p class=\"VideoPlayerText_videoPlayerText__zrtJk\">Dalszy ci\u0105g materia\u0142u pod wideo<\/p>\n<p class=\"Paragraph_desktopParagraph__Fd2e9\">I z tego powodu Jagiellonia nie pobi\u0142a te\u017c rekordu transferowego w PKO BP Ekstraklasie. Pietuszewski do Porto przeszed\u0142 za 10 mln euro, z czego podstaw\u0105 jest oko\u0142o 8\u20138,5 mln euro. Pozosta\u0142a cz\u0119\u015b\u0107 to bonusy, kt\u00f3re s\u0105 zale\u017cne od osi\u0105gni\u0119\u0107 sportowych zawodnika oraz jego nowego klubu. \u017b\u00f3\u0142to-Czerwoni zapewnili sobie te\u017c 10 proc. z zysku z przysz\u0142ej sprzeda\u017cy Pietuszewskiego. Jej wychowanek podpisa\u0142 z Porto trzyletni kontrakt z klauzul\u0105 wykupu wynosz\u0105c\u0105 60 mln euro.<\/p>\n<p>Cierpliwo\u015b\u0107 do m\u0142odych<\/p>\n<p class=\"Paragraph_desktopParagraph__Fd2e9\">Pietuszewski b\u0119dzie ju\u017c trzecim Polakiem w obecnej dru\u017cynie Porto po Janie Bednarku oraz Jakubie Kiwiorze. O to, z kim b\u0119dzie rywalizowa\u0142 o miejsce w sk\u0142adzie, pytamy Eryka Szprucha, komentatora ligi portugalskiej w stacji Eleven Sports.<\/p>\n<p class=\"Paragraph_desktopParagraph__Fd2e9\">\u2014 W Porto lubi si\u0119 p\u0142aci\u0107 za potencja\u0142. Przyk\u0142adem jest chocia\u017cby William Gomes, kt\u00f3ry z Sao Paulo zosta\u0142 sprowadzony za dziewi\u0119\u0107 mln euro i po roku od transferu w klubie nadal maj\u0105 do niego olbrzymi\u0105 cierpliwo\u015b\u0107. Obecnie podstawowymi skrzyd\u0142owymi s\u0105 Pepe Aquino oraz Borja Sainz. Gomes pozostaje jednym z g\u0142\u00f3wnych rezerwowych, ale te\u017c potrafi zagra\u0107 \u015bwietny mecz, jak chocia\u017cby w tej rundzie przeciwko Sportingowi, kiedy strzeli\u0142 gola. Z jednej strony Oskarowi nie b\u0119dzie \u0142atwo si\u0119 przebi\u0107, ale Porto ma ambitne plany zwi\u0105zane z Lig\u0105 Europy. W Portugalii ju\u017c teraz zwraca si\u0119 uwag\u0119, \u017ce Pietuszewski potrafi zagra\u0107 na obu stronach, a to przy grze na kilku frontach do ko\u0144ca sezonu b\u0119dzie bardzo istotne \u2014 m\u00f3wi Szpruch.<\/p>\n<p><img decoding=\"async\" src=\"https:\/\/www.europesays.com\/pl\/wp-content\/uploads\/2026\/01\/oskar-pietuszewski.jpeg\" alt=\"Oskar Pietuszewski\" width=\"944\" height=\"629\" loading=\"lazy\" class=\"\" \/>Oskar Pietuszewski (Foto: @FCPorto \/ BRAK)<\/p>\n<p class=\"Paragraph_desktopParagraph__Fd2e9\">Przywo\u0142any Farioli jest trenerem, kt\u00f3ry od pocz\u0105tku kadencji w Porto postawi\u0142 na \u017celazn\u0105 defensyw\u0119, czego dowodem s\u0105 zaledwie cztery stracone gole w siedemnastu spotkaniach ligowych. \u2014 Fariolemu przede wszystkim chodzi o to, aby rywale nie mieli wielu sytuacji bramkowych. A je\u017celi chodzi o ofensyw\u0119, to zazwyczaj wszystkie pi\u0142ki musz\u0105 przej\u015b\u0107 przez Victora Froholdta, \u015brodkowego pomocnika z Danii. Druga opcja to cz\u0119sta gra skrzyd\u0142ami, g\u0142\u00f3wnie lewym. Pi\u0142karze z boku maj\u0105 w Porto bardzo du\u017co swobody i z tego z pewno\u015bci\u0105 skorzysta te\u017c Pietuszewski \u2014 dodaje Szpruch.<\/p>\n<p>Nier\u00f3wny poziom<\/p>\n<p class=\"Paragraph_desktopParagraph__Fd2e9\">Porto jest liderem ligi portugalskiej z siedmioma punktami przewagi nad Sportingiem, z kolei w Lidze Europy zajmuje 8. miejsce. Ekipa Fariolego walczy tak\u017ce w Pucharze Portugalii i niewykluczone, \u017ce Pietuszewski zadebiutuje w\u0142a\u015bnie w tych rozgrywkach podczas klasyka przeciwko Benfice Lizbona, kt\u00f3ry zostanie rozegrany w \u015brod\u0119 14 stycznia na Estadio do Dragao.<\/p>\n<p class=\"Paragraph_desktopParagraph__Fd2e9\">\u2014 Lig\u0119 portugalsk\u0105 tak naprawd\u0119 mo\u017cna podzieli\u0107 na dwa poziomy, kt\u00f3re r\u00f3\u017cni przepa\u015b\u0107. Jeden z nich to Porto, Benfica, Sporting oraz czasami Braga, b\u0119d\u0105ca takim dodatkiem do tej wielkiej tr\u00f3jki. Spotkania mi\u0119dzy nimi stoj\u0105 na bardzo wysokim poziomie. Natomiast pozosta\u0142a cz\u0119\u015b\u0107 ligi to kluby o mikroskopijnym bud\u017cecie z ma\u0142ymi stadionami. Podczas mecz\u00f3w zazwyczaj pe\u0142ni\u0105 one rol\u0119 przeszkadzaj\u0105cych na boisku. Zazwyczaj spotkania tych wielkich z reszt\u0105 ligi polegaj\u0105 na tym, ile ten s\u0142abszy zesp\u00f3\u0142 wytrzyma bez straty bramki \u2014 ko\u0144czy nasz rozm\u00f3wca.<\/p>\n","protected":false},"excerpt":{"rendered":"29 sierpnia 2024 roku Oskar Pietuszewski zadebiutowa\u0142 w Jagiellonii w meczu kwalifikacji LE przeciwko Ajaksowi, kt\u00f3rego trenerem by\u0142&hellip;\n","protected":false},"author":2,"featured_media":195825,"comment_status":"","ping_status":"","sticky":false,"template":"","format":"standard","meta":{"footnotes":""},"categories":[24],"tags":[274,37890,5887,67,2477,5957,42,38,40,39,41,136,128,47,127,135,126,130],"class_list":{"0":"post-195824","1":"post","2":"type-post","3":"status-publish","4":"format-standard","5":"has-post-thumbnail","7":"category-sport","8":"tag-ekstraklasa","9":"tag-eleven","10":"tag-fc_porto","11":"tag-intextvideo_splayer","12":"tag-jagiellonia_bialystok","13":"tag-oskar_pietuszewski","14":"tag-pl","15":"tag-poland","16":"tag-polish","17":"tag-polska","18":"tag-polski","19":"tag-ps_detal_new","20":"tag-psv2","21":"tag-screening_general","22":"tag-sport","23":"tag-sport_sport","24":"tag-sports","25":"tag-wiadomosci_sportowe"},"share_on_mastodon":{"url":"https:\/\/pubeurope.com\/@pl\/115865133029527432","error":""},"_links":{"self":[{"href":"https:\/\/www.europesays.com\/pl\/wp-json\/wp\/v2\/posts\/195824","targetHints":{"allow":["GET"]}}],"collection":[{"href":"https:\/\/www.europesays.com\/pl\/wp-json\/wp\/v2\/posts"}],"about":[{"href":"https:\/\/www.europesays.com\/pl\/wp-json\/wp\/v2\/types\/post"}],"author":[{"embeddable":true,"href":"https:\/\/www.europesays.com\/pl\/wp-json\/wp\/v2\/users\/2"}],"replies":[{"embeddable":true,"href":"https:\/\/www.europesays.com\/pl\/wp-json\/wp\/v2\/comments?post=195824"}],"version-history":[{"count":0,"href":"https:\/\/www.europesays.com\/pl\/wp-json\/wp\/v2\/posts\/195824\/revisions"}],"wp:featuredmedia":[{"embeddable":true,"href":"https:\/\/www.europesays.com\/pl\/wp-json\/wp\/v2\/media\/195825"}],"wp:attachment":[{"href":"https:\/\/www.europesays.com\/pl\/wp-json\/wp\/v2\/media?parent=195824"}],"wp:term":[{"taxonomy":"category","embeddable":true,"href":"https:\/\/www.europesays.com\/pl\/wp-json\/wp\/v2\/categories?post=195824"},{"taxonomy":"post_tag","embeddable":true,"href":"https:\/\/www.europesays.com\/pl\/wp-json\/wp\/v2\/tags?post=195824"}],"curies":[{"name":"wp","href":"https:\/\/api.w.org\/{rel}","templated":true}]}}