{"id":195856,"date":"2026-01-09T12:44:16","date_gmt":"2026-01-09T12:44:16","guid":{"rendered":"https:\/\/www.europesays.com\/pl\/195856\/"},"modified":"2026-01-09T12:44:16","modified_gmt":"2026-01-09T12:44:16","slug":"krzyz-w-koszu-na-smieci-w-szkole-w-kielnie-na-pomorzu-barbara-nowacka-i-waldemar-zurek-komentuja-bulwersujacy-incydent","status":"publish","type":"post","link":"https:\/\/www.europesays.com\/pl\/195856\/","title":{"rendered":"Krzy\u017c w koszu na \u015bmieci w szkole w Kielnie na Pomorzu. Barbara Nowacka i Waldemar \u017burek komentuj\u0105 bulwersuj\u0105cy incydent"},"content":{"rendered":"<p>&#8222;Bez wzgl\u0119du na to, w co kto wierzy, ka\u017cdy ma prawo do poszanowania godno\u015bci swojej wiary. To wydaje mi si\u0119 fundamentalne. Nauczyciele o tym doskonale wiedz\u0105&#8221; &#8211; tak minister edukacji Barbara Nowacka skomentowa\u0142a w TVN24 bulwersuj\u0105cy incydent w Szkole Podstawowej w Kielnie na Pomorzu. Nauczycielka z tej plac\u00f3wki mia\u0142a wrzuci\u0107 krzy\u017c do kosza na \u015bmieci. &#8222;Uwa\u017cam, \u017ce trzeba szanowa\u0107 polsk\u0105 tradycj\u0119, trzeba szanowa\u0107 uczucia religijne&#8221; &#8211; podkre\u015bla\u0142 w Polsat News minister sprawiedliwo\u015bci Waldemar \u017burek. <\/p>\n<p>                         &#13;<br \/>\n        &#13;<\/p>\n<p>                                        &#13;<br \/>\n                        &#13;<br \/>\n                            <img decoding=\"async\" src=\"https:\/\/www.europesays.com\/pl\/wp-content\/uploads\/2026\/01\/000M64X1SQFU3U3U-C123-F4.jpg\" title=\"Krzy\u017c w szkolnym koszu na \u015bmieci. Nowacka i \u017burek komentuj\u0105\" alt=\"Minister edukacji Barbara Nowacka \/Marcin Obara \/PAP\" class=\"img-responsive\"\/>&#13;<\/p>\n<p>                            &#13;<\/p>\n<p>      &#13;<br \/>\n                            Minister edukacji Barbara Nowacka&#13;<br \/>\n                                    \/Marcin Obara \/PAP  &#13;\n                                    <\/p>\n<p>&#13;<\/p>\n<ul class=\"bullet\">\n<li>W Szkole Podstawowej w Kielnie nauczycielka zdj\u0119\u0142a krzy\u017c ze \u015bciany i wyrzuci\u0142a go do kosza na \u015bmieci, co wywo\u0142a\u0142o spore kontrowersje.<\/li>\n<li>W\u00f3jt gminy Szemud zg\u0142osi\u0142 spraw\u0119 do prokuratury.\u00a0<\/li>\n<li>Minister edukacji Barbara Nowacka nazwa\u0142a zachowanie nauczycielki niedopuszczalnym. Jak podkre\u015bli\u0142a, wszcz\u0119to wobec niej post\u0119powanie dyscyplinarne.<\/li>\n<li>Minister sprawiedliwo\u015bci Waldemar \u017burek podkre\u015bli\u0142, \u017ce nie zna wszystkich fakt\u00f3w, ale przypomnia\u0142 o nadchodz\u0105cej zmianie prawa dotycz\u0105cej kary za obraz\u0119 uczu\u0107 religijnych.<\/li>\n<li>Wi\u0119cej informacji z kraju i ze \u015bwiata znajdziesz\u00a0<a href=\"https:\/\/www.rmf24.pl\/\" target=\"_blank\" rel=\"noreferrer noopener nofollow\">na stronie g\u0142\u00f3wnej rmf24.pl<\/a><\/li>\n<\/ul>\n<p>15 grudnia 2025 r. podczas lekcji j\u0119zyka angielskiego w Szkole Podstawowej w Kielnie nauczycielka mia\u0142a za\u017c\u0105da\u0107 od uczni\u00f3w zdj\u0119cia krzy\u017ca ze \u015bciany. Gdy m\u0142odzie\u017c odm\u00f3wi\u0142a, kobieta samodzielnie to zrobi\u0142a i wyrzuci\u0142a krzy\u017c do kosza na \u015bmieci.\u00a0<\/p>\n<p>W\u00f3jt gminy Szemud Ryszard Kalkowski z\u0142o\u017cy\u0142 do Prokuratury Rejonowej w Wejherowie zawiadomienie w tej sprawie. Metropolita Gda\u0144ski abp Tadeusz Wojda poinformowa\u0142, \u017ce oczekuje rzetelnych i wyczerpuj\u0105cych wyja\u015bnie\u0144 m.in. od dyrekcji szko\u0142y.<\/p>\n<p>&#8222;Krzy\u017c &#8211; znak ofiary, kt\u00f3r\u0105 z mi\u0142o\u015bci do ka\u017cdego cz\u0142owieka z\u0142o\u017cy\u0142 Jezus Chrystus &#8211; zajmuje szczeg\u00f3lne miejsce nie tylko w sercach ludzi wierz\u0105cych, ale tak\u017ce w naszej polskiej tradycji i kulturze. Ka\u017cdy akt jego zniewa\u017cenia rani uczucia religijne wiernych i budzi uzasadniony niepok\u00f3j i sprzeciw ludzi dobrej woli&#8221; &#8211; podkre\u015bli\u0142 hierarcha.\u00a0<\/p>\n<p>&#8222;Niech to bolesne do\u015bwiadczenie stanie si\u0119 dla nas wszystkich wezwaniem do pog\u0142\u0119bionej refleksji nad znaczeniem Ofiary Krzy\u017ca, do wzajemnego szacunku oraz wzmo\u017cenia troski o wychowanie m\u0142odego pokolenia w duchu odpowiedzialno\u015bci, dialogu i poszanowania warto\u015bci&#8221; &#8211; doda\u0142 abp Wojda.\u00a0<\/p>\n<p>W szkole zapewniono pomoc psychologiczn\u0105 i pedagogiczn\u0105 wszystkim uczniom, kt\u00f3rzy odczuwaj\u0105 tak\u0105 potrzeb\u0119. Z takiego wsparcia mog\u0105 tak\u017ce skorzysta\u0107 rodzice i opiekunowie.<\/p>\n<p>                    <a href=\"https:\/\/www.rmf24.pl\/regiony\/trojmiasto\/news-krzyz-w-szkolnym-koszu-na-smieci-biskupi-chca-zdecydowanych-,nId,8056448\" rel=\"nofollow noopener\" target=\"_blank\">Krzy\u017c w szkolnym koszu na \u015bmieci. Biskupi chc\u0105 &#8222;zdecydowanych dzia\u0142a\u0144&#8221;<\/a><\/p>\n<p>Minister edukacji Barbara Nowacka,\u00a0pytana o spraw\u0119 z Kielna w TVN24, przekaza\u0142a, \u017ce wobec nauczycielki wszcz\u0119to post\u0119powanie dyscyplinarne. Zachowanie kobiety oceni\u0142a jako &#8222;niedopuszczalne \u017cadn\u0105 norm\u0105 spo\u0142eczn\u0105&#8221;.<\/p>\n<p>To b\u0142\u0105d, kt\u00f3ry nie powinien mie\u0107 miejsca w szkole &#8211; powiedzia\u0142a szefowa MEN.<\/p>\n<p>Bez wzgl\u0119du na to, czy wierzymy, wiemy, \u017ce krzy\u017c jest wa\u017cnym symbolem. Trzeba szanowa\u0107 uczucia wi\u0119kszo\u015bci i mniejszo\u015bci &#8211; przekonywa\u0142a Nowacka.\u00a0<\/p>\n<p>    &#13;<br \/>\n        &#13;<\/p>\n<p>                                        &#13;<br \/>\n                        &#13;<br \/>\n                            <img decoding=\"async\" src=\"https:\/\/www.europesays.com\/pl\/wp-content\/uploads\/2026\/01\/000M65BM44A1COBM-C123-F4.jpg\" title=\"Krzy\u017c w szkolnym koszu na \u015bmieci. Nowacka i \u017burek komentuj\u0105\" alt=\"Minister sprawiedliwo\u015bci Waldemar \u017burek \/Marcin Obara \/PAP\" class=\"img-responsive\"\/>&#13;<\/p>\n<p>                            &#13;<\/p>\n<p>      &#13;<br \/>\n                            Minister sprawiedliwo\u015bci Waldemar \u017burek&#13;<br \/>\n                                    \/Marcin Obara \/PAP  &#13;\n                                    <\/p>\n<p>&#13;<\/p>\n<p>O wyrzucony do kosza krzy\u017c pytany by\u0142 w Polsat News minister sprawiedliwo\u015bci Waldemar \u017burek. Nie znam fakt\u00f3w. Lubi\u0119 si\u0119 wypowiada\u0107 wtedy, kiedy znam te fakty\u00a0&#8211; zaznaczy\u0142.<\/p>\n<p>O zdarzenia z Kielna \u017burek by\u0142 pytany w kontek\u015bcie szykowanego przez jego resort projektu nowelizacji Kodeksu karnego. Przewiduje on wykre\u015blenie kary pozbawienia wolno\u015bci z katalogu kar za przest\u0119pstwo obrazy uczu\u0107 religijnych.\u00a0<\/p>\n<p>Je\u017celi co\u015b takiego mia\u0142o miejsce, to w\u0142a\u015bnie ten przepis zadzia\u0142a w praktyce &#8211; t\u0142umaczy\u0142 minister sprawiedliwo\u015bci.\u00a0Je\u017celi ta pani zostanie skazana, nie musi dostawa\u0107 kary pozbawienia wolno\u015bci, ale b\u0119dzie osob\u0105 odnotowan\u0105 w rejestrze, zap\u0142aci grzywn\u0119, ona nie znajdzie ju\u017c miejsca pracy w wielu instytucjach publicznych, je\u017celi rzeczywi\u015bcie dosz\u0142o do takiej sytuacji &#8211; oceni\u0142 minister.<\/p>\n<p>\u017burek doda\u0142, \u017ce je\u015bli rodzice chc\u0105, aby w klasie wisia\u0142 krzy\u017c i wszyscy si\u0119 na to godz\u0105, nale\u017cy to szanowa\u0107.<\/p>\n<p>Uwa\u017cam, \u017ce trzeba szanowa\u0107 polsk\u0105 tradycj\u0119, trzeba szanowa\u0107 uczucia religijne, (&#8230;), ale to nie musi by\u0107 zagro\u017cenie kar\u0105 pozbawienia wolno\u015bci &#8211; podkre\u015bli\u0142 nast\u0119pca Adama Bodnara.<\/p>\n<p>Rzecznik Prokuratury Okr\u0119gowej w Gda\u0144sku prok. Mariusz Duszy\u0144ski przekaza\u0142, \u017ce wszcz\u0119te wczoraj post\u0119powanie dotyczy podejrzenia obrazy uczu\u0107 religijnych uczni\u00f3w Szko\u0142y Podstawowej w Kielnie poprzez publiczne zniewa\u017cenie przedmiotu czci religijnej \u2014 krzy\u017ca zawieszonego w sali lekcyjnej \u2014 polegaj\u0105ce na wrzuceniu go do kosza na \u015bmieci.<\/p>\n<p>Duszy\u0144ski przekaza\u0142, \u017ce w \u015brod\u0119 dyrektorka szko\u0142y zosta\u0142a przes\u0142uchana w charakterze \u015bwiadka.<\/p>\n<p> W toku dochodzenia zaplanowano wykonanie kolejnych czynno\u015bci procesowych, tj. przes\u0142uchanie w charakterze \u015bwiadk\u00f3w uczni\u00f3w b\u0119d\u0105cych \u015bwiadkami zdarzenia, nauczycieli oraz innych os\u00f3b, mog\u0105cych posiada\u0107 wiedz\u0119 na temat sprawy \u2014 poinformowa\u0142 rzecznik. Doda\u0142, \u017ce przeprowadzenie dochodzenia powierzono Komisariatowi Policji w Szemudzie.<\/p>\n<p>    &#13;<br \/>\n        &#13;<\/p>\n<p>                                        &#13;<br \/>\n                        &#13;<br \/>\n                            <img decoding=\"async\" src=\"https:\/\/www.europesays.com\/pl\/wp-content\/uploads\/2026\/01\/000M66LOKK9JWY5S-C123-F4.jpg\" title=\"Krzy\u017c w szkolnym koszu na \u015bmieci. Nowacka i \u017burek komentuj\u0105\" alt=\"Protest przed szko\u0142\u0105 w Kielnie \/Andrzej Jackowski \/PAP\" class=\"img-responsive\"\/>&#13;<\/p>\n<p>                            &#13;<\/p>\n<p>      &#13;<br \/>\n                            Protest przed szko\u0142\u0105 w Kielnie&#13;<br \/>\n                                    \/Andrzej Jackowski \/PAP  &#13;\n                                    <\/p>\n<p>&#13;<\/p>\n<p>Przed szko\u0142\u0105 w Kielnie odby\u0142 si\u0119 dzi\u015b protest, w kt\u00f3rym wzi\u0119li udzia\u0142 m.in. sympatycy &#8222;Gazety Polskiej&#8221; i Konfederacji Korony Polskiej oraz\u00a0przedstawiciele Ruchu Obrony Granic &#8211; w tym szef tej organizacji Robert B\u0105kiewicz.\u00a0<\/p>\n<p>    &#13;<br \/>\n        &#13;<\/p>\n<p>                                        &#13;<br \/>\n                        &#13;<br \/>\n                            <img decoding=\"async\" src=\"https:\/\/www.europesays.com\/pl\/wp-content\/uploads\/2026\/01\/000M66LS9CXR1RV2-C123-F4.jpg\" title=\"Krzy\u017c w szkolnym koszu na \u015bmieci. Nowacka i \u017burek komentuj\u0105\" alt=\"Robert B\u0105kiewicz w\u015br\u00f3d uczestnik\u00f3w protestu w Kielnie \/Andrzej Jackowski \/PAP\" class=\"img-responsive\"\/>&#13;<\/p>\n<p>                            &#13;<\/p>\n<p>      &#13;<br \/>\n                            Robert B\u0105kiewicz w\u015br\u00f3d uczestnik\u00f3w protestu w Kielnie&#13;<br \/>\n                                    \/Andrzej Jackowski \/PAP  &#13;\n                                    <\/p>\n<p>&#13;<\/p>\n<p>Na transparentach, kt\u00f3re przynie\u015bli protestuj\u0105cy, wida\u0107 m.in. has\u0142a &#8222;Stop edukacji Nowackiej&#8221;, &#8222;Wiara naszym fundamentem&#8221; i &#8222;Krzy\u017c &#8211; fundament naszej wiary&#8221;.\u00a0<\/p>\n<p>    &#13;<br \/>\n        &#13;<\/p>\n<p>                                        &#13;<br \/>\n                        &#13;<br \/>\n                            <img decoding=\"async\" src=\"https:\/\/www.europesays.com\/pl\/wp-content\/uploads\/2026\/01\/000M66Q4D4I8LBT8-C123-F4.jpg\" title=\"Krzy\u017c w szkolnym koszu na \u015bmieci. Nowacka i \u017burek komentuj\u0105\" alt=\"Protest przed szko\u0142\u0105 w Kielnie \/Andrzej Jackowski \/PAP\" class=\"img-responsive\"\/>&#13;<\/p>\n<p>                            &#13;<\/p>\n<p>      &#13;<br \/>\n                            Protest przed szko\u0142\u0105 w Kielnie&#13;<br \/>\n                                    \/Andrzej Jackowski \/PAP  &#13;\n                                    <\/p>\n<p>&#13;<\/p>\n<p>                    <a href=\"https:\/\/www.rmf24.pl\/polityka\/news-glupszego-weta-chyba-nie-bylo-szefowa-men-odpowiada-prezyden,nId,8052062\" rel=\"nofollow noopener\" target=\"_blank\">&#8222;G\u0142upszego weta chyba nie by\u0142o&#8221;. Szefowa MEN odpowiada prezydentowi<\/a><\/p>\n","protected":false},"excerpt":{"rendered":"&#8222;Bez wzgl\u0119du na to, w co kto wierzy, ka\u017cdy ma prawo do poszanowania godno\u015bci swojej wiary. To wydaje&hellip;\n","protected":false},"author":2,"featured_media":195857,"comment_status":"","ping_status":"","sticky":false,"template":"","format":"standard","meta":{"footnotes":""},"categories":[12],"tags":[32,33,36,37,27,34,35,28,31,25,42,38,40,39,41,29,30,26],"class_list":{"0":"post-195856","1":"post","2":"type-post","3":"status-publish","4":"format-standard","5":"has-post-thumbnail","7":"category-polska","8":"tag-breaking-news","9":"tag-breakingnews","10":"tag-featured-news","11":"tag-featurednews","12":"tag-headlines","13":"tag-latest-news","14":"tag-latestnews","15":"tag-naglowki","16":"tag-najwazniejsze-artykuly","17":"tag-news","18":"tag-pl","19":"tag-poland","20":"tag-polish","21":"tag-polska","22":"tag-polski","23":"tag-top-stories","24":"tag-topstories","25":"tag-wiadomosci"},"share_on_mastodon":{"url":"https:\/\/pubeurope.com\/@pl\/115865207949766451","error":""},"_links":{"self":[{"href":"https:\/\/www.europesays.com\/pl\/wp-json\/wp\/v2\/posts\/195856","targetHints":{"allow":["GET"]}}],"collection":[{"href":"https:\/\/www.europesays.com\/pl\/wp-json\/wp\/v2\/posts"}],"about":[{"href":"https:\/\/www.europesays.com\/pl\/wp-json\/wp\/v2\/types\/post"}],"author":[{"embeddable":true,"href":"https:\/\/www.europesays.com\/pl\/wp-json\/wp\/v2\/users\/2"}],"replies":[{"embeddable":true,"href":"https:\/\/www.europesays.com\/pl\/wp-json\/wp\/v2\/comments?post=195856"}],"version-history":[{"count":0,"href":"https:\/\/www.europesays.com\/pl\/wp-json\/wp\/v2\/posts\/195856\/revisions"}],"wp:featuredmedia":[{"embeddable":true,"href":"https:\/\/www.europesays.com\/pl\/wp-json\/wp\/v2\/media\/195857"}],"wp:attachment":[{"href":"https:\/\/www.europesays.com\/pl\/wp-json\/wp\/v2\/media?parent=195856"}],"wp:term":[{"taxonomy":"category","embeddable":true,"href":"https:\/\/www.europesays.com\/pl\/wp-json\/wp\/v2\/categories?post=195856"},{"taxonomy":"post_tag","embeddable":true,"href":"https:\/\/www.europesays.com\/pl\/wp-json\/wp\/v2\/tags?post=195856"}],"curies":[{"name":"wp","href":"https:\/\/api.w.org\/{rel}","templated":true}]}}