{"id":195858,"date":"2026-01-09T12:45:11","date_gmt":"2026-01-09T12:45:11","guid":{"rendered":"https:\/\/www.europesays.com\/pl\/195858\/"},"modified":"2026-01-09T12:45:11","modified_gmt":"2026-01-09T12:45:11","slug":"nowa-strefa-wolnego-handlu-ue-mercosur-spory-obawy-i-kulisy-negocjacji","status":"publish","type":"post","link":"https:\/\/www.europesays.com\/pl\/195858\/","title":{"rendered":"Nowa strefa wolnego handlu UE\u2013Mercosur. Spory, obawy i kulisy negocjacji"},"content":{"rendered":"<p data-section=\"detail-body\">Negocjacje handlowe mi\u0119dzy Uni\u0105 Europejsk\u0105 a Mercosur trwaj\u0105 od ko\u0144ca lat 90. XX wieku. Po ponad 25 latach rozm\u00f3w strony og\u0142osi\u0142y polityczne porozumienie o partnerstwie w grudniu 2024 r., kt\u00f3re ma stworzy\u0107 najwi\u0119ksz\u0105 stref\u0119 wolnego handlu \u0142\u0105cz\u0105c\u0105 ponad 700 mln konsument\u00f3w po obu stronach Atlantyku. W ko\u0144cu blokom <a href=\"https:\/\/businessinsider.com.pl\/gospodarka\/ambasadorowie-ue-glosowali-nad-umowa-z-mercosurem-protesty-rolnikow-nie-ustaly\/5tsxp1g\" id=\"29ded8f0-111b-420b-b282-d0f288a56e4e\" rel=\"nofollow noopener\" target=\"_blank\">uda\u0142o si\u0119 doj\u015b\u0107 do porozumienia i umowa zosta\u0142a podpisana.<\/a><\/p>\n<p class=\"article_p\" data-section=\"detail-body\">Dalsza cz\u0119\u015b\u0107 artyku\u0142u znajduje si\u0119 pod materia\u0142em wideo<\/p>\n<p class=\"article_p\" data-section=\"detail-body\">Umowa przewiduje stopniowe znoszenie ce\u0142 na wi\u0119kszo\u015b\u0107 towar\u00f3w oraz u\u0142atwienia handlowe i inwestycyjne, ale ca\u0142y proces ratyfikacji przez Parlament Europejski oraz pa\u0144stwa cz\u0142onkowskie UE nadal trwa i budzi silne kontrowersje.<\/p>\n<p class=\"article_p\" data-section=\"detail-body\">Debata publiczna wok\u00f3\u0142 umowy jest ostra: wiele pa\u0144stw cz\u0142onkowskich UE, <a href=\"https:\/\/businessinsider.com.pl\/gospodarka\/wlochy-zmieniaja-zdanie-w-sprawie-mercosuru-polska-i-francja-sa-osamotnione-analiza\/hqev8lf\" id=\"84b6456b-c21f-4fe7-be50-2c0e38aef859\" rel=\"nofollow noopener\" target=\"_blank\">w szczeg\u00f3lno\u015bci Francja i Polska<\/a>, wyra\u017ca obawy o skutki dla rolnictwa, standard\u00f3w \u015brodowiskowych oraz bezpiecze\u0144stwa sanitarnego produkt\u00f3w importowanych z pa\u0144stw Mercosur. Na \u0142amach <a href=\"https:\/\/businessinsider.com.pl\/gospodarka\/mercosur-dlaczego-rolnicy-boja-sie-umowy-wszystko-co-musisz-wiedziec\/h1p7x8q\" id=\"246252a4-e6c3-437f-b5ac-859810b4bfb9\" rel=\"nofollow noopener\" target=\"_blank\">Business Insider Polska pisali\u015bmy wielokrotnie,<\/a> na czym <a href=\"https:\/\/businessinsider.com.pl\/gospodarka\/za-i-przeciw-umowie-z-mercosur-szesc-rzeczy-ktore-dobrze-wiedziec\/67lfv80\" id=\"4b6cf0a5-ffd8-43cb-8b80-18ad9e387358\" rel=\"nofollow noopener\" target=\"_blank\">polegaj\u0105 spory dotycz\u0105ce podpisania umowy mi\u0119dzy dwoma blokami<\/a>.<\/p>\n<p>            Czytaj tak\u017ce w BUSINESS INSIDER<\/p>\n<p class=\"article_p\" data-section=\"detail-body\">Czytaj te\u017c: <a href=\"https:\/\/businessinsider.com.pl\/gospodarka\/czy-polska-moze-pozwolic-sobie-na-brak-umowy-z-mercosurem-ekspert-komentuje\/vy6yqyd\" id=\"b09f5689-f96c-4906-993f-b172c70d59b0\" rel=\"nofollow noopener\" target=\"_blank\">Co dla Polak\u00f3w oznacza ta g\u0142o\u015bna umowa mi\u0119dzynarodowa?<\/a><\/p>\n<p>        Czym jest Mercosur?<\/p>\n<p class=\"article_p\" data-section=\"detail-body\">Mercosur, czyli z hiszszpa\u0144skiego Mercado Com\u00fan del Sur (Po\u0142udniowy Wsp\u00f3lny Rynek), to blok gospodarczy pa\u0144stw Ameryki Po\u0142udniowej powo\u0142any w 1991 r. traktatem z Asunci\u00f3n, stolicy Paragwaju. Jego podstawowym celem od pocz\u0105tku by\u0142a liberalizacja handlu oraz znoszenie ce\u0142 pomi\u0119dzy pa\u0144stwami cz\u0142onkowskimi. Konstrukcyjnie Mercosur funkcjonuje jako unia celna, a wi\u0119c model integracji, w kt\u00f3rym kraje nie tylko obni\u017caj\u0105 bariery handlowe mi\u0119dzy sob\u0105, ale tak\u017ce stosuj\u0105 wsp\u00f3ln\u0105 zewn\u0119trzn\u0105 taryf\u0119 celn\u0105 wobec pa\u0144stw trzecich. To stawia Mercosur wy\u017cej ni\u017c jedynie lu\u017ana strefa wolnego handlu, lecz nadal znacz\u0105co ni\u017cej ni\u017c pe\u0142ny rynek wewn\u0119trzny czy unia gospodarczo-polityczna.<\/p>\n<p>        Status Wenezueli w Mercosur<\/p>\n<p class=\"article_p\" data-section=\"detail-body\">Do Mercosur pe\u0142noprawnie nale\u017c\u0105 cztery pa\u0144stwa: Brazylia, Argentyna, Paragwaj i Urugwaj. Wenezuela przyst\u0105pi\u0142a w 2012 r., jednak zosta\u0142a zawieszona w 2016 r. z powodu narusze\u0144 dwustronnych zobowi\u0105za\u0144 oraz zasad demokratycznych. Poza tym blok wsp\u00f3\u0142pracuje r\u00f3wnie\u017c z szeregiem pa\u0144stw stowarzyszonych, takich jak Chile, Peru, Kolumbia, Boliwia, Ekwador czy Surinam. Status ten umo\u017cliwia wsp\u00f3\u0142prac\u0119 handlow\u0105 bez pe\u0142nej integracji celnej, a w przypadku Boliwii trwa proces formalnej akcesji. Kraj ten dostosowuje obecnie swoje prawodawstwo do wymaga\u0144 Mercosur i powinien w pe\u0142ni do\u0142\u0105czy\u0107 do bloku w 2028 albo 2029 r.<\/p>\n<p>                    <img decoding=\"async\" loading=\"lazy\" class=\"article-image_container--img\" id=\"image_ea15495a-d595-41be-82c9-b90b007c168f\" alt=\"Pa\u0144stwa cz\u0142onkowskie Mercosur\" src=\"https:\/\/www.europesays.com\/pl\/wp-content\/uploads\/2026\/01\/8Glk9kpTURBXy8xYWU1MTVjMzFiNzU2ODc5M2M3MTQ2YmMyZjM0ZTFkMC5qcGeRkwLNA5gA3gACoTABoTEB.jpeg\"\/><\/p>\n<p>            Pa\u0144stwa cz\u0142onkowskie Mercosur<\/p>\n<p>                    |<br \/>\n                    Adam Ziemienowicz \/ PAP\/zdj\u0119cia<\/p>\n<p class=\"article_p\" data-section=\"detail-body\">Zakres integracji wewn\u0105trz Mercosur jest stosunkowo ograniczony. Blok zajmuje si\u0119 przede wszystkim polityk\u0105 celn\u0105 oraz u\u0142atwianiem przep\u0142ywu towar\u00f3w i us\u0142ug, a tak\u017ce koordynacj\u0105 cz\u0119\u015bci polityk gospodarczych. Brakuje jednak element\u00f3w charakterystycznych dla bardziej zaawansowanych projekt\u00f3w integracyjnych: Mercosur nie posiada wsp\u00f3lnej waluty, nie wprowadzi\u0142 pe\u0142nej swobody przep\u0142ywu os\u00f3b, a jego instytucje maj\u0105 raczej charakter mi\u0119dzyrz\u0105dowy ni\u017c ponadnarodowy. Innymi s\u0142owy \u2014 to forum wsp\u00f3\u0142pracy pa\u0144stw, a nie organizm z w\u0142asnym o\u015brodkiem decyzyjnym. Nie ma w Mercosur czego\u015b na kszta\u0142t unijnego traktatu lizbo\u0144skiego, ani w og\u00f3le dokumentu, kt\u00f3ry w podobny spos\u00f3b ustrojowo wzmocni\u0142by i scali\u0142 integracj\u0119.<\/p>\n<p class=\"article_p\" data-section=\"detail-body\">Czytaj te\u017c: <a href=\"https:\/\/businessinsider.com.pl\/gospodarka\/rolnicy-obawiaja-sie-mercosuru-czy-slusznie\/ndcr1kh\" id=\"2ae98783-adc8-4cda-897f-78e73631ba88\" rel=\"nofollow noopener\" target=\"_blank\">Dlatego rolnicy obawiaj\u0105 si\u0119 Mercosuru. Ale czy maj\u0105 racj\u0119?<\/a><\/p>\n<p>        Czym r\u00f3\u017cni si\u0119 Mercosur od Unii Europejskiej?<\/p>\n<p class=\"article_p\" data-section=\"detail-body\">Na tym tle r\u00f3\u017cnice wzgl\u0119dem Unii Europejskiej s\u0105 bardzo wyra\u017ane. UE jest obecnie jednym z najbardziej zaawansowanych projekt\u00f3w integracyjnych na \u015bwiecie, \u0142\u0105cz\u0105c elementy wsp\u00f3lnego rynku, unii celnej, unii gospodarczej, a miejscami nawet unii politycznej. W przeciwie\u0144stwie do Mercosur Unia dysponuje w\u0142asnym bud\u017cetem centralnym, rozbudowanymi politykami sektorowymi (np. roln\u0105, sp\u00f3jno\u015bciow\u0105, konkurencji), wsp\u00f3ln\u0105 walut\u0105 w cz\u0119\u015bci pa\u0144stw cz\u0142onkowskich oraz silnymi instytucjami ponadnarodowymi takimi jak Komisja Europejska, Trybuna\u0142 Sprawiedliwo\u015bci Unii Europejskiej czy Parlament Europejski. W UE swoboda przep\u0142ywu os\u00f3b jest pe\u0142na, a w Mercosur \u2014 jedynie cz\u0119\u015bciowa. W praktyce oznacza to, \u017ce Mercosur pozostaje projektem stricte handlowym, podczas gdy Unia Europejska jest z\u0142o\u017conym systemem ekonomiczno-prawnym z elementami wsp\u00f3lnej suwerenno\u015bci.<\/p>\n<p class=\"article_p\" data-section=\"detail-body\">Pod wzgl\u0119dem potencja\u0142u gospodarczego Mercosur obejmuje oko\u0142o 260\u2013270 mln konsument\u00f3w, podczas gdy UE liczy ok. 450 mln. R\u00f3\u017cnice pojawiaj\u0105 si\u0119 r\u00f3wnie\u017c w strukturach gospodarek: Mercosur to w du\u017cej mierze pot\u0119ga surowcowo-rolna (soja, wo\u0142owina, cukier, ropa), natomiast UE jest gospodark\u0105 wysoko przetworzon\u0105. Ta asymetria sprawia, \u017ce <a href=\"https:\/\/businessinsider.com.pl\/gospodarka\/bruksela-przed-wielkim-glosowaniem-umowa-z-mercosurem-wywoluje-polityczna-burze-w-ue\/vhrdq0j\" id=\"86d9f56e-2be5-4f1d-9972-85c506576fc5\" rel=\"nofollow noopener\" target=\"_blank\">negocjacje handlowe mi\u0119dzy oboma blokami skupiaj\u0105 si\u0119 wok\u00f3\u0142 spornych sektor\u00f3w<\/a>: z jednej strony dost\u0119p produkt\u00f3w rolnych z Ameryki Po\u0142udniowej na rynek europejski, z drugiej \u2014 dost\u0119p europejskich firm przemys\u0142owych (m.in. motoryzacyjnych) do rynku Mercosur. Do tego dochodz\u0105 kwestie \u015brodowiskowe, w tym szczeg\u00f3lnie deforestacja Amazonii, kt\u00f3re z perspektywy Unii zyska\u0142y w ostatnich latach charakter politycznego warunku.<\/p>\n<p class=\"article_p\" data-section=\"detail-body\">Przeciw umowie UE z Mercosur mocno <a href=\"https:\/\/businessinsider.com.pl\/gospodarka\/protesty-rolnikow-w-calej-polsce-sprzeciw-wobec-umowy-ue-z-mercosur\/fg73qs2\" id=\"bcd050b0-b1d1-45a5-afbe-7287e2d38ea5\" rel=\"nofollow noopener\" target=\"_blank\">protestuj\u0105 tak\u017ce polscy rolnicy<\/a>, kt\u00f3rzy zapowiedzieli demonstracje w ca\u0142ej Polsce, a <a href=\"https:\/\/businessinsider.com.pl\/wiadomosci\/warszawa-szykuje-sie-na-protest-rolnikow-utrudnienia-i-zmiany-w-ruchu\/k1y9qs3\" id=\"441031bb-f0dd-4256-bb52-d0a912586d16\" rel=\"nofollow noopener\" target=\"_blank\">tak\u017ce parali\u017c Warszawy.<\/a> <\/p>\n","protected":false},"excerpt":{"rendered":"Negocjacje handlowe mi\u0119dzy Uni\u0105 Europejsk\u0105 a Mercosur trwaj\u0105 od ko\u0144ca lat 90. XX wieku. Po ponad 25 latach&hellip;\n","protected":false},"author":2,"featured_media":195859,"comment_status":"","ping_status":"","sticky":false,"template":"","format":"standard","meta":{"footnotes":""},"categories":[5],"tags":[32,33,36,37,27,34,35,28,31,25,42,38,40,39,41,29,30,26],"class_list":{"0":"post-195858","1":"post","2":"type-post","3":"status-publish","4":"format-standard","5":"has-post-thumbnail","7":"category-naglowki","8":"tag-breaking-news","9":"tag-breakingnews","10":"tag-featured-news","11":"tag-featurednews","12":"tag-headlines","13":"tag-latest-news","14":"tag-latestnews","15":"tag-naglowki","16":"tag-najwazniejsze-artykuly","17":"tag-news","18":"tag-pl","19":"tag-poland","20":"tag-polish","21":"tag-polska","22":"tag-polski","23":"tag-top-stories","24":"tag-topstories","25":"tag-wiadomosci"},"share_on_mastodon":{"url":"https:\/\/pubeurope.com\/@pl\/115865211998462040","error":""},"_links":{"self":[{"href":"https:\/\/www.europesays.com\/pl\/wp-json\/wp\/v2\/posts\/195858","targetHints":{"allow":["GET"]}}],"collection":[{"href":"https:\/\/www.europesays.com\/pl\/wp-json\/wp\/v2\/posts"}],"about":[{"href":"https:\/\/www.europesays.com\/pl\/wp-json\/wp\/v2\/types\/post"}],"author":[{"embeddable":true,"href":"https:\/\/www.europesays.com\/pl\/wp-json\/wp\/v2\/users\/2"}],"replies":[{"embeddable":true,"href":"https:\/\/www.europesays.com\/pl\/wp-json\/wp\/v2\/comments?post=195858"}],"version-history":[{"count":0,"href":"https:\/\/www.europesays.com\/pl\/wp-json\/wp\/v2\/posts\/195858\/revisions"}],"wp:featuredmedia":[{"embeddable":true,"href":"https:\/\/www.europesays.com\/pl\/wp-json\/wp\/v2\/media\/195859"}],"wp:attachment":[{"href":"https:\/\/www.europesays.com\/pl\/wp-json\/wp\/v2\/media?parent=195858"}],"wp:term":[{"taxonomy":"category","embeddable":true,"href":"https:\/\/www.europesays.com\/pl\/wp-json\/wp\/v2\/categories?post=195858"},{"taxonomy":"post_tag","embeddable":true,"href":"https:\/\/www.europesays.com\/pl\/wp-json\/wp\/v2\/tags?post=195858"}],"curies":[{"name":"wp","href":"https:\/\/api.w.org\/{rel}","templated":true}]}}