{"id":195866,"date":"2026-01-09T12:52:15","date_gmt":"2026-01-09T12:52:15","guid":{"rendered":"https:\/\/www.europesays.com\/pl\/195866\/"},"modified":"2026-01-09T12:52:15","modified_gmt":"2026-01-09T12:52:15","slug":"tragedia-w-warszawskim-szpitalu-ciezarna-zmarla-po-podaniu-niewlasciwego-gazu","status":"publish","type":"post","link":"https:\/\/www.europesays.com\/pl\/195866\/","title":{"rendered":"Tragedia w warszawskim szpitalu. Ci\u0119\u017carna zmar\u0142a po podaniu niew\u0142a\u015bciwego gazu"},"content":{"rendered":"<ul class=\"UnorderedList_container__nmfSl\">\n<li class=\"UnorderedList_listElement__Py7xi\" data-id=\"ai-summary-link\">Du\u017co czytania, a ma\u0142o czasu? Sprawd\u017a\u00a0skr\u00f3t\u00a0artyku\u0142u<\/li>\n<\/ul>\n<p class=\"Paragraph_desktopParagraph__U31Gm\">Pracownik szpitala MSWiA w rozmowie z &#8222;Wyborcz\u0105&#8221; stwierdzi\u0142, \u017ce kobieta zosta\u0142a przywieziona do ich plac\u00f3wki bez realnych szans na ratunek.<\/p>\n<p class=\"VideoPlayerText_videoPlayerText__iDwyz\">Dalszy ci\u0105g materia\u0142u pod wideo<\/p>\n<p class=\"Paragraph_desktopParagraph__U31Gm\">Szpital przy Madali\u0144skiego uchodzi za jedn\u0105 z najnowocze\u015bniejszych plac\u00f3wek po\u0142o\u017cniczych i ginekologicznych w Warszawie. Kobieta zg\u0142osi\u0142a si\u0119 tam na rutynowy zabieg zwi\u0105zany z ci\u0105\u017c\u0105. Zabieg przeprowadzono w sali, gdzie niedawno zainstalowano now\u0105 aparatur\u0119 anestezjologiczn\u0105. Po jego zako\u0144czeniu podano jej mask\u0119 z tlenem, co jest standardow\u0105 procedur\u0105 przy wybudzaniu z narkozy. Wkr\u00f3tce po tym jej stan dramatycznie si\u0119 pogorszy\u0142.<\/p>\n<ul class=\"OchatFollowUps_wrapper__1ry7X\">\n<li class=\"OchatFollowUps_item__Dhyly OchatFollowUps_itemDesktop__R6aBv\">Gdzie zmar\u0142a ci\u0119\u017carna kobieta?<\/li>\n<li class=\"OchatFollowUps_item__Dhyly OchatFollowUps_itemDesktop__R6aBv\">Jakie by\u0142y okoliczno\u015bci jej stanu zdrowia?<\/li>\n<li class=\"OchatFollowUps_item__Dhyly OchatFollowUps_itemDesktop__R6aBv\">Kiedy rozpocz\u0119\u0142o si\u0119 post\u0119powanie prokuratorskie?<\/li>\n<li class=\"OchatFollowUps_item__Dhyly OchatFollowUps_itemDesktop__R6aBv\">Jakie konsekwencje mo\u017ce mie\u0107 b\u0142\u0119dne podanie gazu?<\/li>\n<\/ul>\n<p class=\"Paragraph_desktopParagraph__U31Gm\">Wed\u0142ug ustale\u0144, do pogorszenia stanu pacjentki dosz\u0142o, poniewa\u017c zamiast tlenu, do maski pod\u0142\u0105czono inny gaz. Lekarze byli przekonani, \u017ce kobieta otrzymuje tlen, jednak w rzeczywisto\u015bci by\u0142 to inny \u015brodek. Jeden z chirurg\u00f3w z warszawskiego szpitala wyja\u015bni\u0142 w rozmowie z &#8222;Wyborcz\u0105&#8221;, \u017ce na salach operacyjnych opr\u00f3cz tlenu u\u017cywa si\u0119 tak\u017ce innych gaz\u00f3w, takich jak podtlenek azotu, znany jako gaz rozweselaj\u0105cy, stosowany przy znieczuleniu i \u0142agodzeniu b\u00f3lu.<\/p>\n<p class=\"Paragraph_desktopParagraph__U31Gm\">Zaznaczy\u0142, \u017ce podany w czystej postaci lub w nieodpowiednim st\u0119\u017ceniu mo\u017ce prowadzi\u0107 do hipoksemii, czyli niedotlenienia tkanek, a w konsekwencji tak\u017ce m\u00f3zgu. Skutkiem g\u0142\u0119bokiego niedotlenienia s\u0105 nieodwracalne zmiany, kt\u00f3re ostatecznie prowadz\u0105 do \u015bmierci m\u00f3zgu.<\/p>\n<p>Prokuratorzy wstrz\u0105\u015bni\u0119ci spraw\u0105 \u015bmierci ci\u0119\u017carnej w szpitalu na Madali\u0144skiego <\/p>\n<p class=\"Paragraph_desktopParagraph__U31Gm\">Rzecznik Prokuratury Okr\u0119gowej w Warszawie, prokurator Piotr Antoni Skiba, poinformowa\u0142 w rozmowie z &#8222;Wyborcz\u0105&#8221;, \u017ce Prokuratura Rejonowa na Mokotowie od 15 grudnia 2025 r. prowadzi post\u0119powanie dotycz\u0105ce nara\u017cenia pacjentki na bezpo\u015brednie niebezpiecze\u0144stwo utraty \u017cycia lub ci\u0119\u017ckiego uszczerbku na zdrowiu. <\/p>\n<p class=\"Paragraph_desktopParagraph__U31Gm\">Zg\u0142oszenie w tej sprawie wp\u0142yn\u0119\u0142o do prokuratury 12 grudnia, a jego autorem by\u0142a dyrekcja szpitala im. \u015awi\u0119tej Rodziny. W trakcie trwania czynno\u015bci \u015bledczych kobieta zmar\u0142a, co najprawdopodobniej spowoduje zmian\u0119 kwalifikacji czynu i wszcz\u0119cie \u015bledztwa. Kobieta pozostawi\u0142a dwuletnie dziecko, a za kilka miesi\u0119cy mia\u0142o przyj\u015b\u0107 na \u015bwiat jej drugie.<\/p>\n","protected":false},"excerpt":{"rendered":"Du\u017co czytania, a ma\u0142o czasu? Sprawd\u017a\u00a0skr\u00f3t\u00a0artyku\u0142u Pracownik szpitala MSWiA w rozmowie z &#8222;Wyborcz\u0105&#8221; stwierdzi\u0142, \u017ce kobieta zosta\u0142a przywieziona&hellip;\n","protected":false},"author":2,"featured_media":195867,"comment_status":"","ping_status":"","sticky":false,"template":"","format":"standard","meta":{"footnotes":""},"categories":[5],"tags":[32,33,2516,36,37,27,67,34,35,28,31,53,25,52,68,51,55,42,38,40,39,41,47,511,5602,29,30,65,50,26],"class_list":{"0":"post-195866","1":"post","2":"type-post","3":"status-publish","4":"format-standard","5":"has-post-thumbnail","7":"category-naglowki","8":"tag-breaking-news","9":"tag-breakingnews","10":"tag-ciaza","11":"tag-featured-news","12":"tag-featurednews","13":"tag-headlines","14":"tag-intextvideo_splayer","15":"tag-latest-news","16":"tag-latestnews","17":"tag-naglowki","18":"tag-najwazniejsze-artykuly","19":"tag-new_header","20":"tag-news","21":"tag-onet3","22":"tag-onet3d","23":"tag-onet3d_2i","24":"tag-phx","25":"tag-pl","26":"tag-poland","27":"tag-polish","28":"tag-polska","29":"tag-polski","30":"tag-screening_general","31":"tag-smierc","32":"tag-szpital","33":"tag-top-stories","34":"tag-topstories","35":"tag-update_me","36":"tag-v2021","37":"tag-wiadomosci"},"share_on_mastodon":{"url":"https:\/\/pubeurope.com\/@pl\/115865239237415645","error":""},"_links":{"self":[{"href":"https:\/\/www.europesays.com\/pl\/wp-json\/wp\/v2\/posts\/195866","targetHints":{"allow":["GET"]}}],"collection":[{"href":"https:\/\/www.europesays.com\/pl\/wp-json\/wp\/v2\/posts"}],"about":[{"href":"https:\/\/www.europesays.com\/pl\/wp-json\/wp\/v2\/types\/post"}],"author":[{"embeddable":true,"href":"https:\/\/www.europesays.com\/pl\/wp-json\/wp\/v2\/users\/2"}],"replies":[{"embeddable":true,"href":"https:\/\/www.europesays.com\/pl\/wp-json\/wp\/v2\/comments?post=195866"}],"version-history":[{"count":0,"href":"https:\/\/www.europesays.com\/pl\/wp-json\/wp\/v2\/posts\/195866\/revisions"}],"wp:featuredmedia":[{"embeddable":true,"href":"https:\/\/www.europesays.com\/pl\/wp-json\/wp\/v2\/media\/195867"}],"wp:attachment":[{"href":"https:\/\/www.europesays.com\/pl\/wp-json\/wp\/v2\/media?parent=195866"}],"wp:term":[{"taxonomy":"category","embeddable":true,"href":"https:\/\/www.europesays.com\/pl\/wp-json\/wp\/v2\/categories?post=195866"},{"taxonomy":"post_tag","embeddable":true,"href":"https:\/\/www.europesays.com\/pl\/wp-json\/wp\/v2\/tags?post=195866"}],"curies":[{"name":"wp","href":"https:\/\/api.w.org\/{rel}","templated":true}]}}