{"id":195882,"date":"2026-01-09T13:08:09","date_gmt":"2026-01-09T13:08:09","guid":{"rendered":"https:\/\/www.europesays.com\/pl\/195882\/"},"modified":"2026-01-09T13:08:09","modified_gmt":"2026-01-09T13:08:09","slug":"przed-chwila-odeszli-z-t-love-niebywale-co-jan-benedek-i-sidney-polak-planuja","status":"publish","type":"post","link":"https:\/\/www.europesays.com\/pl\/195882\/","title":{"rendered":"Przed chwil\u0105 odeszli z T.Love. Niebywa\u0142e, co Jan Benedek i Sidney Polak planuj\u0105"},"content":{"rendered":"<p class=\"art_paragraph\">Pod koniec\u00a02025 roku\u00a0<a href=\"https:\/\/www.plotek.pl\/jan-benedek\" class=\"art_link\" rel=\"dofollow noopener\" target=\"_blank\">Jan Benedek<\/a> i <a href=\"https:\/\/www.plotek.pl\/sidney-polak\" class=\"art_link\" rel=\"dofollow noopener\" target=\"_blank\">Sidney Polak<\/a> oficjalnie zako\u0144czyli wsp\u00f3\u0142prac\u0119 z zespo\u0142em <a href=\"https:\/\/www.plotek.pl\/t-love\" class=\"art_link\" rel=\"nofollow noopener\" target=\"_blank\">T.Love<\/a>, co wywo\u0142a\u0142o spore poruszenie w\u015br\u00f3d fan\u00f3w. Teraz muzycy zapowiedzieli sw\u00f3j nowy projekt, kt\u00f3rym chc\u0105 udowodni\u0107, \u017ce potrafi\u0105 dzia\u0142a\u0107 niezale\u017cnie od formacji. Szczeg\u00f3\u0142y ujawnili w o\u015bwiadczeniu na Instagramie.<\/p>\n<p>\n    Zobacz wideo &#8222;Nie jestem takim kozakiem i pistoletem jak kiedy\u015b&#8221;. Wywiad z Mu\u0144kiem Staszczykiem\n  <\/p>\n<p> Jan Benedek i Sidney Polak zak\u0142adaj\u0105 nowy projekt po odej\u015bciu z T.Love<\/p>\n<p class=\"art_paragraph\">Druga po\u0142owa 2025 roku przynios\u0142a fanom T.Love\u00a0przykre informacje. W pa\u017adzierniku z zespo\u0142em po\u017cegna\u0142 si\u0119 gitarzysta i kompozytor Jan Benedek, wsp\u00f3\u0142tw\u00f3rca albumu &#8222;Hau, hau!&#8221; i kluczowa posta\u0107 w reaktywacji grupy. Zaledwie dwa miesi\u0105ce p\u00f3\u017aniej formacj\u0119 opu\u015bci\u0142 tak\u017ce Sidney Polak, perkusista zwi\u0105zany z T.Love przez 35 lat. Jak sam przyzna\u0142, o decyzji dowiedzia\u0142 si\u0119 w spos\u00f3b, kt\u00f3ry go rozczarowa\u0142\u00a0&#8211; mia\u0142 bowiem zosta\u0107 zwolniony przez wiadomo\u015b\u0107 SMS.\u00a0<\/p>\n<p class=\"art_paragraph\">Mimo odej\u015bcia z T.Love, Benedek i Polak nie zamierzaj\u0105 rezygnowa\u0107 z muzyki. Muzycy zapowiedzieli premier\u0119 wsp\u00f3lnego singla &#8222;Jestem z Polski&#8221;, kt\u00f3ry uka\u017ce si\u0119 14 stycznia. W projekcie bierze udzia\u0142 r\u00f3wnie\u017c Gabor Benedek, syn Jana Benedeka. &#8222;Nasz wsp\u00f3lny singiel Sidney Polak, BNDK 'Jestem z Polski&#8217; uka\u017ce si\u0119 14 stycznia! Muzyka, gitary, bas Jan Benedek, tekst, \u015bpiew i b\u0119bny moje. Utw\u00f3r \u015bpiewam wsp\u00f3lnie z Gaborem z BNDK! A oto ok\u0142adka&#8221;\u00a0&#8211; zapowiedzia\u0142 Polak w mediach spo\u0142eczno\u015bciowych. Fani ju\u017c teraz z niecierpliwo\u015bci\u0105 czekaj\u0105 na efekty wsp\u00f3\u0142pracy muzyk\u00f3w. &#8222;Nie mog\u0119 si\u0119 doczeka\u0107&#8221;, &#8222;Czekam&#8221; &#8211; pisz\u0105 internauci pod wpisem.\u00a0<\/p>\n<p> Muniek Staszczyk o odej\u015bciu Jana Benedeka i Sidneya Polaka z T.Love<\/p>\n<p class=\"art_paragraph\">Lider T.Love, Muniek Staszczyk w ostatnich wywiadach kilkakrotnie odnosi\u0142 si\u0119 do zwolnienia muzyk\u00f3w. Podkre\u015bli\u0142, \u017ce decyzje by\u0142y trudne, ale konieczne. &#8211; To by\u0142y dwie bardzo bolesne dla mnie decyzje i to nie jest jaka\u015b \u015bciema. Rozstali\u015bmy si\u0119 z Sidneyem, kt\u00f3ry gra\u0142 z nami 35 lat i z Janem Benedekiem, te\u017c moim kumplem, z kt\u00f3rym skomponowa\u0142em &#8222;Kinga&#8221; i &#8222;Warszaw\u0119&#8221;, czyli dwa najwi\u0119ksze hity. Ale czasem tak jest, \u017ce co\u015b musisz zrobi\u0107 dla dobra zespo\u0142u. S\u0105 osoby trudne, a bardzo te\u017c utalentowane. (&#8230;) Zesp\u00f3\u0142 to jest tak, \u017ce nie mo\u017ce gra\u0107 dziesi\u0119ciu Lewandowskich&#8221;\u00a0&#8211; m\u00f3wi\u0142 Muniek Staszczyk w rozmowie z Polsatem.<\/p>\n","protected":false},"excerpt":{"rendered":"Pod koniec\u00a02025 roku\u00a0Jan Benedek i Sidney Polak oficjalnie zako\u0144czyli wsp\u00f3\u0142prac\u0119 z zespo\u0142em T.Love, co wywo\u0142a\u0142o spore poruszenie w\u015br\u00f3d&hellip;\n","protected":false},"author":2,"featured_media":195883,"comment_status":"","ping_status":"","sticky":false,"template":"","format":"standard","meta":{"footnotes":""},"categories":[22],"tags":[122,42,38,40,39,41,123],"class_list":{"0":"post-195882","1":"post","2":"type-post","3":"status-publish","4":"format-standard","5":"has-post-thumbnail","7":"category-rozrywka","8":"tag-entertainment","9":"tag-pl","10":"tag-poland","11":"tag-polish","12":"tag-polska","13":"tag-polski","14":"tag-rozrywka"},"share_on_mastodon":{"url":"https:\/\/pubeurope.com\/@pl\/115865301966620686","error":""},"_links":{"self":[{"href":"https:\/\/www.europesays.com\/pl\/wp-json\/wp\/v2\/posts\/195882","targetHints":{"allow":["GET"]}}],"collection":[{"href":"https:\/\/www.europesays.com\/pl\/wp-json\/wp\/v2\/posts"}],"about":[{"href":"https:\/\/www.europesays.com\/pl\/wp-json\/wp\/v2\/types\/post"}],"author":[{"embeddable":true,"href":"https:\/\/www.europesays.com\/pl\/wp-json\/wp\/v2\/users\/2"}],"replies":[{"embeddable":true,"href":"https:\/\/www.europesays.com\/pl\/wp-json\/wp\/v2\/comments?post=195882"}],"version-history":[{"count":0,"href":"https:\/\/www.europesays.com\/pl\/wp-json\/wp\/v2\/posts\/195882\/revisions"}],"wp:featuredmedia":[{"embeddable":true,"href":"https:\/\/www.europesays.com\/pl\/wp-json\/wp\/v2\/media\/195883"}],"wp:attachment":[{"href":"https:\/\/www.europesays.com\/pl\/wp-json\/wp\/v2\/media?parent=195882"}],"wp:term":[{"taxonomy":"category","embeddable":true,"href":"https:\/\/www.europesays.com\/pl\/wp-json\/wp\/v2\/categories?post=195882"},{"taxonomy":"post_tag","embeddable":true,"href":"https:\/\/www.europesays.com\/pl\/wp-json\/wp\/v2\/tags?post=195882"}],"curies":[{"name":"wp","href":"https:\/\/api.w.org\/{rel}","templated":true}]}}