{"id":195888,"date":"2026-01-09T13:14:07","date_gmt":"2026-01-09T13:14:07","guid":{"rendered":"https:\/\/www.europesays.com\/pl\/195888\/"},"modified":"2026-01-09T13:14:07","modified_gmt":"2026-01-09T13:14:07","slug":"papszun-juz-po-debiucie-w-legii-po-i-polowie-byla-kompromitacja","status":"publish","type":"post","link":"https:\/\/www.europesays.com\/pl\/195888\/","title":{"rendered":"Papszun ju\u017c po debiucie w Legii. Po I po\u0142owie by\u0142a kompromitacja"},"content":{"rendered":"\n<p class=\"contentpart contentpart--default contentpart--text\" data-position=\"0\">Pi\u0105tkowy sparing Legii Warszawa z Pogoni\u0105 Grodzisk Mazowiecki rozegrano w systemie 2&#215;45 minut. Odby\u0142 si\u0119 w Legia Training Center na boisku z hal\u0105 pneumatyczn\u0105.<\/p>\n<p class=\"contentpart contentpart--default contentpart--text\" data-position=\"1\">Trener Marek Papszun chcia\u0142 si\u0119 przyjrze\u0107 jak najwi\u0119kszej liczbie zawodnik\u00f3w. Wynik oczywi\u015bcie mia\u0142 znaczenie drugorz\u0119dne, natomiast odnotujmy, \u017ce Legia wygra\u0142a 3:2 po golach Radovana Pankova, Antonio Colaka i Jakuba \u017bew\u0142akowa.<\/p>\n<p> <img role=\"presentation\" src=\"https:\/\/std.wpcdn.pl\/images\/adv\/placeholder_wp.svg\" loading=\"lazy\" alt=\"\" decoding=\"async\"\/>  <\/p>\n<p class=\"contentpart contentpart--default contentpart--text\" data-position=\"2\">Do przerwy prowadzili jednak podopieczni Piotra Stokowca &#8211; bramki dla pierwszoligowca zdobyli Rafa\u0142 Adamski i Aleksander Gajgier.<\/p>\n<p class=\"contentpart contentpart--default contentpart--text\" data-position=\"3\">W spotkaniu nie wzi\u0105\u0142 udzia\u0142u\u00a0Wojciech Urba\u0144ski, kt\u00f3ry &#8211; jak poinformowa\u0142 klub &#8211; dozna\u0142 lekkiego urazu g\u0142owy podczas jednego z trening\u00f3w. Do zaj\u0119\u0107 z dru\u017cyn\u0105 powr\u00f3ci za 2-3 dni.<\/p>\n<p class=\"contentpart contentpart--default contentpart--text\" data-position=\"4\">A ju\u017c w sobot\u0119 dru\u017cyna Legii uda si\u0119 na zgrupowanie do Hiszpanii.<\/p>\n<p class=\"contentpart contentpart--default contentpart--text\" data-position=\"5\">Dodajmy, \u017ce Papszun oficjalnie zadebiutuje w roli trenera Legii przy okazji meczu 19. kolejki Ekstraklasy z Koron\u0105 Kielce (1 lutego, godz. 17.30).<\/p>\n<p> <img role=\"presentation\" src=\"https:\/\/std.wpcdn.pl\/images\/adv\/placeholder_wp.svg\" loading=\"lazy\" alt=\"\" decoding=\"async\"\/>  <\/p>\n<p class=\"contentpart contentpart--default contentpart--text\" data-position=\"6\"><a href=\"https:\/\/sportowefakty.wp.pl\/pilka-nozna\/legia-warszawa\" rel=\"nofollow noopener\" target=\"_blank\">Legia Warszawa<\/a>\u00a0&#8211; <a href=\"https:\/\/sportowefakty.wp.pl\/pilka-nozna\/pogon-grodzisk-mazowiecki\" rel=\"nofollow noopener\" target=\"_blank\">Pogo\u0144 Grodzisk Mazowiecki<\/a>\u00a03:2 (1:2)<br \/>1:0 Radovan Pankov 5&#8242;<br \/>1:1 Rafa\u0142 Adamski 30&#8242;<br \/>1:2 Aleksander Gajgier 44&#8242;<br \/>2:2 Antonio Colak 63&#8242;<br \/>3:2 Jakub \u017bew\u0142akow 67&#8242;<\/p>\n<p class=\"contentpart contentpart--default contentpart--text\" data-position=\"7\">ZOBACZ WIDEO: #dziejesiewsporcie: Zobacz, co zrobi\u0142 bramkarz. To by\u0142 spektakularny gol!<\/p>\n","protected":false},"excerpt":{"rendered":"Pi\u0105tkowy sparing Legii Warszawa z Pogoni\u0105 Grodzisk Mazowiecki rozegrano w systemie 2&#215;45 minut. Odby\u0142 si\u0119 w Legia Training&hellip;\n","protected":false},"author":2,"featured_media":195889,"comment_status":"","ping_status":"","sticky":false,"template":"","format":"standard","meta":{"footnotes":""},"categories":[24],"tags":[3640,713,2221,269,1724,42,12048,38,40,39,41,127,126],"class_list":{"0":"post-195888","1":"post","2":"type-post","3":"status-publish","4":"format-standard","5":"has-post-thumbnail","7":"category-sport","8":"tag-betclic-i-liga","9":"tag-legia-warszawa","10":"tag-marek-papszun","11":"tag-pilka-nozna","12":"tag-pko-ekstraklasa","13":"tag-pl","14":"tag-pogon-grodzisk-mazowiecki","15":"tag-poland","16":"tag-polish","17":"tag-polska","18":"tag-polski","19":"tag-sport","20":"tag-sports"},"share_on_mastodon":{"url":"https:\/\/pubeurope.com\/@pl\/115865325726481462","error":""},"_links":{"self":[{"href":"https:\/\/www.europesays.com\/pl\/wp-json\/wp\/v2\/posts\/195888","targetHints":{"allow":["GET"]}}],"collection":[{"href":"https:\/\/www.europesays.com\/pl\/wp-json\/wp\/v2\/posts"}],"about":[{"href":"https:\/\/www.europesays.com\/pl\/wp-json\/wp\/v2\/types\/post"}],"author":[{"embeddable":true,"href":"https:\/\/www.europesays.com\/pl\/wp-json\/wp\/v2\/users\/2"}],"replies":[{"embeddable":true,"href":"https:\/\/www.europesays.com\/pl\/wp-json\/wp\/v2\/comments?post=195888"}],"version-history":[{"count":0,"href":"https:\/\/www.europesays.com\/pl\/wp-json\/wp\/v2\/posts\/195888\/revisions"}],"wp:featuredmedia":[{"embeddable":true,"href":"https:\/\/www.europesays.com\/pl\/wp-json\/wp\/v2\/media\/195889"}],"wp:attachment":[{"href":"https:\/\/www.europesays.com\/pl\/wp-json\/wp\/v2\/media?parent=195888"}],"wp:term":[{"taxonomy":"category","embeddable":true,"href":"https:\/\/www.europesays.com\/pl\/wp-json\/wp\/v2\/categories?post=195888"},{"taxonomy":"post_tag","embeddable":true,"href":"https:\/\/www.europesays.com\/pl\/wp-json\/wp\/v2\/tags?post=195888"}],"curies":[{"name":"wp","href":"https:\/\/api.w.org\/{rel}","templated":true}]}}