{"id":195905,"date":"2026-01-09T13:25:09","date_gmt":"2026-01-09T13:25:09","guid":{"rendered":"https:\/\/www.europesays.com\/pl\/195905\/"},"modified":"2026-01-09T13:25:09","modified_gmt":"2026-01-09T13:25:09","slug":"nato-rozwaza-zwiekszenie-bezpieczenstwa-w-arktyce","status":"publish","type":"post","link":"https:\/\/www.europesays.com\/pl\/195905\/","title":{"rendered":"NATO rozwa\u017ca zwi\u0119kszenie bezpiecze\u0144stwa w Arktyce"},"content":{"rendered":"<p> NATO rozwa\u017ca wzmocnienie bezpiecze\u0144stwa Arktyki<\/p>\n<p class=\"art_paragraph\">W czwartek, podczas zamkni\u0119tego spotkania\u00a032 ambasador\u00f3w\u00a0NATO w Brukseli, cz\u0142onkowie Sojuszu mieli przyzna\u0107, \u017ce konieczne jest wzmocnienie bezpiecze\u0144stwa w Arktyce &#8211; przekaza\u0142o trzech dyplomat\u00f3w NATO w rozmowie z Politico. W konsekwencji zwr\u00f3cono si\u0119 do Sojuszu w tej sprawie. &#8222;Dyplomaci sugerowali wykorzystanie zdolno\u015bci wywiadowczych do lepszego monitorowania regionu, zwi\u0119kszenie nak\u0142ad\u00f3w obronnych przeznaczanych na Arktyk\u0119, przesuni\u0119cie wi\u0119kszej ilo\u015bci sprz\u0119tu wojskowego do tego obszaru oraz organizacj\u0119 wi\u0119kszej liczby \u0107wicze\u0144 wojskowych w jego pobli\u017cu&#8221; &#8211; poinformowa\u0142 dziennik.\u00a0Na temat <a href=\"https:\/\/wiadomosci.gazeta.pl\/polityka\/7,198012,32491509,donald-trump-twierdzi-ze-musi-miec-grenlandie-radoslaw-sikorski.html#anchorLink\" rel=\"nofollow noopener\" target=\"_blank\">Grenlandii<\/a> dyskutowano tak\u017ce tego samego dnia na zamkni\u0119tym posiedzeniu ambasador\u00f3w UE ds. obrony i polityki zagranicznej mimo \u017ce nie planowano takiej dyskusji w oficjalnym porz\u0105dku obrad &#8211; przekaza\u0142o dw\u00f3ch dyplomat\u00f3w.<\/p>\n<p> Trump ws. Grenlandii<\/p>\n<p class=\"art_paragraph\">W rozmowie z mediami Donald <a href=\"https:\/\/wiadomosci.gazeta.pl\/donald-trump#anchorLink\" rel=\"nofollow noopener\" target=\"_blank\">Trump<\/a> przyzna\u0142, \u017ce mo\u017ce stan\u0105\u0107 przed wyborem &#8211; albo przej\u0119cie Grenlandii przez USA, albo dalsze istnienie NATO. W obszernym wywiadzie dla &#8222;New York Timesa&#8221; <a href=\"https:\/\/wiadomosci.gazeta.pl\/prezydent#anchorLink\" rel=\"nofollow noopener\" target=\"_blank\">prezydent<\/a> unikn\u0105\u0142 jednoznacznej odpowiedzi, co wybra\u0142by w takim przypadku. Podkre\u015bli\u0142 jednak, \u017ce przy\u0142\u0105czenie Grenlandii jest dla niego &#8222;bardzo wa\u017cne&#8221;, da\u0142 te\u017c do zrozumienia, \u017ce NATO bez Stan\u00f3w Zjednoczonych praktycznie nie istnieje.\u00a0Administracja prezydenta Trumpa potwierdzi\u0142a Polskiemu Radiu, \u017ce rozwa\u017ca r\u00f3\u017cne scenariusze przej\u0119cia Grenlandii, a u\u017cycie ameryka\u0144skiego wojska pozostaje jedn\u0105 z opcji. &#8211; Prezydent Trump jasno da\u0142 do zrozumienia, \u017ce przej\u0119cie Grenlandii jest priorytetem bezpiecze\u0144stwa narodowego Stan\u00f3w Zjednoczonych i ma kluczowe znaczenie dla powstrzymania naszych przeciwnik\u00f3w w regionie Arktyki &#8211; przekaza\u0142a Polskiemu Radiu rzeczniczka Bia\u0142ego Domu Karoline Leavitt. Doda\u0142a, \u017ce prezydent USA i jego zesp\u00f3\u0142 omawiaj\u0105 szereg opcji realizacji tego wa\u017cnego celu polityki zagranicznej. &#8211; Oczywi\u015bcie wykorzystanie si\u0142 zbrojnych USA jest zawsze opcj\u0105 dost\u0119pn\u0105 dla g\u0142\u00f3wnodowodz\u0105cego &#8211; o\u015bwiadczy\u0142a Leavitt.\u00a0Deklaracje prezydenta i jego wsp\u00f3\u0142pracownik\u00f3w wywo\u0142uj\u0105 rosn\u0105ce napi\u0119cie w relacjach z Europ\u0105.<\/p>\n<p>\n    Zobacz wideo Wiadomo\u015b\u0107 Trumpa dla Grenlandii: B\u0119dziecie z nami bezpieczni i bogaci\n  <\/p>\n<p> O\u015bwiadczenie pa\u0144stw europejskich<\/p>\n<p class=\"art_paragraph\">Europejscy przyw\u00f3dcy\u00a0podkre\u015blili\u00a0we wsp\u00f3lnym o\u015bwiadczeniu, \u017ce &#8222;tylko Dania i Grenlandia mog\u0105 decydowa\u0107 o swojej przysz\u0142o\u015bci&#8221;. Pod dokumentem podpisa\u0142y si\u0119 Polska, Niemcy, <a href=\"https:\/\/wiadomosci.gazeta.pl\/francja#anchorLink\" rel=\"nofollow noopener\" target=\"_blank\">Francja<\/a>, <a href=\"https:\/\/podroze.gazeta.pl\/wlochy#anchorLink\" rel=\"nofollow noopener\" target=\"_blank\">W\u0142ochy<\/a>, Hiszpania, Wielka Brytania i Dania. Podkre\u015blono r\u00f3wnie\u017c,\u00a0\u017ce NATO jasno zadeklarowa\u0142o, i\u017c region Arktyki jest priorytetem, a Kr\u00f3lestwo Danii &#8211; w tym Grenlandia &#8211; jest cz\u0119\u015bci\u0105 NATO. &#8222;Bezpiecze\u0144stwo w Arktyce musi by\u0107 zatem osi\u0105gane wsp\u00f3lnie, w porozumieniu z sojusznikami z NATO, w tym ze Stanami Zjednoczonymi&#8221; &#8211; czytamy w o\u015bwiadczeniu. Dalej podkre\u015blono, \u017ce powinno odbywa\u0107 si\u0119 to z przestrzeganiem zasad Karty Narod\u00f3w Zjednoczonych, takich jak suwerenno\u015b\u0107, integralno\u015b\u0107 terytorialna i nienaruszalno\u015b\u0107 granic. 8 stycznia w Bia\u0142ym Domu odby\u0142o si\u0119 spotkanie doradc\u00f3w Trumpa\u00a0z wys\u0142annikami z Danii i Grenlandii.<\/p>\n<p class=\"art_paragraph\">Wi\u0119cej na podobny temat przeczytasz w artykule:<a href=\"https:\/\/wiadomosci.gazeta.pl\/swiat\/7,198075,32513336,nato-zareaguje-ws-grenlandii-mamy-odpowiedz-sojuszu-zbiorowa.html\" class=\"art_link\" rel=\"dofollow noopener\" target=\"_blank\"> &#8222;NATO zareaguje ws. Grenlandii? Mamy odpowied\u017a Sojuszu. 'Zbiorowa obrona'&#8221;<\/a>.\n  <\/p>\n<p>\u0179r\u00f3d\u0142a:\u00a0Politico, Statsministeriet (X), IAR<\/p>\n","protected":false},"excerpt":{"rendered":"NATO rozwa\u017ca wzmocnienie bezpiecze\u0144stwa Arktyki W czwartek, podczas zamkni\u0119tego spotkania\u00a032 ambasador\u00f3w\u00a0NATO w Brukseli, cz\u0142onkowie Sojuszu mieli przyzna\u0107, \u017ce&hellip;\n","protected":false},"author":2,"featured_media":195906,"comment_status":"","ping_status":"","sticky":false,"template":"","format":"standard","meta":{"footnotes":""},"categories":[14],"tags":[32,33,27,34,35,28,31,25,40,41,80,29,30,26,82,83,84],"class_list":{"0":"post-195905","1":"post","2":"type-post","3":"status-publish","4":"format-standard","5":"has-post-thumbnail","7":"category-swiat","8":"tag-breaking-news","9":"tag-breakingnews","10":"tag-headlines","11":"tag-latest-news","12":"tag-latestnews","13":"tag-naglowki","14":"tag-najwazniejsze-artykuly","15":"tag-news","16":"tag-polish","17":"tag-polski","18":"tag-swiat","19":"tag-top-stories","20":"tag-topstories","21":"tag-wiadomosci","22":"tag-world","23":"tag-world-news","24":"tag-worldnews"},"share_on_mastodon":{"url":"https:\/\/pubeurope.com\/@pl\/115865368940221593","error":""},"_links":{"self":[{"href":"https:\/\/www.europesays.com\/pl\/wp-json\/wp\/v2\/posts\/195905","targetHints":{"allow":["GET"]}}],"collection":[{"href":"https:\/\/www.europesays.com\/pl\/wp-json\/wp\/v2\/posts"}],"about":[{"href":"https:\/\/www.europesays.com\/pl\/wp-json\/wp\/v2\/types\/post"}],"author":[{"embeddable":true,"href":"https:\/\/www.europesays.com\/pl\/wp-json\/wp\/v2\/users\/2"}],"replies":[{"embeddable":true,"href":"https:\/\/www.europesays.com\/pl\/wp-json\/wp\/v2\/comments?post=195905"}],"version-history":[{"count":0,"href":"https:\/\/www.europesays.com\/pl\/wp-json\/wp\/v2\/posts\/195905\/revisions"}],"wp:featuredmedia":[{"embeddable":true,"href":"https:\/\/www.europesays.com\/pl\/wp-json\/wp\/v2\/media\/195906"}],"wp:attachment":[{"href":"https:\/\/www.europesays.com\/pl\/wp-json\/wp\/v2\/media?parent=195905"}],"wp:term":[{"taxonomy":"category","embeddable":true,"href":"https:\/\/www.europesays.com\/pl\/wp-json\/wp\/v2\/categories?post=195905"},{"taxonomy":"post_tag","embeddable":true,"href":"https:\/\/www.europesays.com\/pl\/wp-json\/wp\/v2\/tags?post=195905"}],"curies":[{"name":"wp","href":"https:\/\/api.w.org\/{rel}","templated":true}]}}