{"id":195921,"date":"2026-01-09T13:34:10","date_gmt":"2026-01-09T13:34:10","guid":{"rendered":"https:\/\/www.europesays.com\/pl\/195921\/"},"modified":"2026-01-09T13:34:10","modified_gmt":"2026-01-09T13:34:10","slug":"wrze-w-iranie-ajatollah-chamenei-odpowiada-donaldowi-trumpowi-onet","status":"publish","type":"post","link":"https:\/\/www.europesays.com\/pl\/195921\/","title":{"rendered":"Wrze w Iranie. Ajatollah Chamenei odpowiada Donaldowi Trumpowi &#8211; Onet"},"content":{"rendered":"<ol>\n<li><a href=\"https:\/\/news.google.com\/rss\/articles\/CBMiwgFBVV95cUxORk5DSWpxZVRDZUVQcTl0Q0IxX1RQanU2cFBNWXd4WkY2Q1h0OXhZTmtCdVltbDFZV3BmdnNtX3FFSDRMSW1YbXZyZ191S0Jhdm52SG9EeTdnVGN3Q01LZVRqNHhhdHNPYV9BeEYtWlo2dHhvRi00azNfeHA3QmpEZ2p4enExY0tjeEJWTi1obkIzaEluamlpSlBUWk1UNmtoWEEtTEMyRXM5UmxqQVlUbVdvclByTmJudXlGUmd3VnJPdw?oc=5\" target=\"_blank\" rel=\"nofollow noopener\">Wrze w Iranie. Ajatollah Chamenei odpowiada Donaldowi Trumpowi<\/a>&nbsp;&nbsp;Onet<\/li>\n<li><a href=\"https:\/\/news.google.com\/rss\/articles\/CBMiugFBVV95cUxPdXlBMjVRWlFaU29DZE1tY19vdjJSbXIxbFNMUmZ2elc3elEyZWlBczZPRVRaSzhORVRmaEYyZXhCR0dLRHNpUG51d3ZTR3psd3JxODFQT1p1YnJ0NzFTMm41STJzbVdjRllINms2VDZndk5rQmUtSWp2Z3hkRWdwMmlhZVgtcFFPS0dFN2kzQ1BQWGNoeHQ3OHBBZXVSSEhWeDZlTzRBWDlLbktvSThIdkNCeTYxQzBOMFE?oc=5\" target=\"_blank\" rel=\"nofollow noopener\">Bieda na ulicach i totalny blackout telekomunikacyjny. Wielki bunt w Iranie, ajatollah grozi<\/a>&nbsp;&nbsp;Wydarzenia w INTERIA.PL<\/li>\n<li><a href=\"https:\/\/news.google.com\/rss\/articles\/CBMiuwFBVV95cUxNRU14RzdZelZoa3QzcFUtZmRzQ1M1LTNQT3doY3B4VEFaQzVPOGpVc2dRdEhuY2lQZHBUcWQwcEhJcmsydmt6Y1ZWb2tiLXZlSVNFdUhIWWtfSGlIRkJfYnpiR0MzSXE2OTBQUkx6TDFQTnlmbko5dmVDZ1oxTEk3cEtnNC12bXdDclNxOHI5eUZvQl9Zb0ZNWWwyc091VWVtYjBLUnhrVWdVN0thOTV4WFY5dzFXdjBZLVRF?oc=5\" target=\"_blank\" rel=\"nofollow noopener\">Donald Trump grozi w\u0142adzom Iranu ws. protest\u00f3w. &#8222;Je\u015bli to zrobi\u0105, czeka ich piek\u0142o&#8221;<\/a>&nbsp;&nbsp;Gazeta<\/li>\n<li><a href=\"https:\/\/news.google.com\/rss\/articles\/CBMitwFBVV95cUxQTUhraXhlaXZWU0xINmRGcENDUnM1a21aeWJzUFotUTVfdFR1T2ZHbEdmakVjUjBmd1lseWtOM252V1RUVjl6QnFQMEU4NkFBUDU1RjZZbEhWZVNNN0FLbXlQVlU4emJnZmFMdG00RE9lbWtCS1JiT05SeWloVnZpRFcxRFRtZWJYakZsRDRXbVlHQmxWN2lQaUlENU1ldjhsRU5JelpqaDg1SkRTWDVuQi00blhNcXc?oc=5\" target=\"_blank\" rel=\"nofollow noopener\">Krwawe protesty w Iranie nie ustaj\u0105. Amerykanie podejmuj\u0105 stanowcze kroki<\/a>&nbsp;&nbsp;Business Insider Polska<\/li>\n<li><a href=\"https:\/\/news.google.com\/rss\/articles\/CBMilgFBVV95cUxPSHhYcGFpcmxaY21Qb3Y4aDF2TlI4YmdxeDBDVXlUNHgzVUZnU0VpUnFZLTdJM0VQRWRVVWFIVmNPZ1dHYUtNOUVESElWOUpWYU4zSTJFQmoyalREbkpVc3lXNHhqZkRIOXVDU1MwOUVYTHpzVjhfQzczQTh5MkpyQ002Ym40RzBLYVlVcHZCckxFOFJsVHc?oc=5\" target=\"_blank\" rel=\"nofollow noopener\">Ca\u0142y Iran odci\u0119ty od internetu. Starcia i ofiary na ulicach<\/a>&nbsp;&nbsp;TVN24<\/li>\n<\/ol>\n","protected":false},"excerpt":{"rendered":"Wrze w Iranie. Ajatollah Chamenei odpowiada Donaldowi Trumpowi&nbsp;&nbsp;Onet Bieda na ulicach i totalny blackout telekomunikacyjny. Wielki bunt w&hellip;\n","protected":false},"author":2,"featured_media":195922,"comment_status":"","ping_status":"","sticky":false,"template":"","format":"standard","meta":{"footnotes":""},"categories":[5],"tags":[35588,32,33,244,58,36,37,27,307,34,35,28,31,53,25,52,68,51,55,42,38,40,39,41,1622,47,1998,59,29,30,65,50,26],"class_list":{"0":"post-195921","1":"post","2":"type-post","3":"status-publish","4":"format-standard","5":"has-post-thumbnail","7":"category-naglowki","8":"tag-ali_chamenei_ajatollah","9":"tag-breaking-news","10":"tag-breakingnews","11":"tag-ctr_tst","12":"tag-donald_trump_prezydent_usa","13":"tag-featured-news","14":"tag-featurednews","15":"tag-headlines","16":"tag-iran_kraj","17":"tag-latest-news","18":"tag-latestnews","19":"tag-naglowki","20":"tag-najwazniejsze-artykuly","21":"tag-new_header","22":"tag-news","23":"tag-onet3","24":"tag-onet3d","25":"tag-onet3d_2i","26":"tag-phx","27":"tag-pl","28":"tag-poland","29":"tag-polish","30":"tag-polska","31":"tag-polski","32":"tag-protesty","33":"tag-screening_general","34":"tag-short_news","35":"tag-stany_zjednoczone_usa","36":"tag-top-stories","37":"tag-topstories","38":"tag-update_me","39":"tag-v2021","40":"tag-wiadomosci"},"share_on_mastodon":{"url":"https:\/\/pubeurope.com\/@pl\/115865404482162396","error":""},"_links":{"self":[{"href":"https:\/\/www.europesays.com\/pl\/wp-json\/wp\/v2\/posts\/195921","targetHints":{"allow":["GET"]}}],"collection":[{"href":"https:\/\/www.europesays.com\/pl\/wp-json\/wp\/v2\/posts"}],"about":[{"href":"https:\/\/www.europesays.com\/pl\/wp-json\/wp\/v2\/types\/post"}],"author":[{"embeddable":true,"href":"https:\/\/www.europesays.com\/pl\/wp-json\/wp\/v2\/users\/2"}],"replies":[{"embeddable":true,"href":"https:\/\/www.europesays.com\/pl\/wp-json\/wp\/v2\/comments?post=195921"}],"version-history":[{"count":0,"href":"https:\/\/www.europesays.com\/pl\/wp-json\/wp\/v2\/posts\/195921\/revisions"}],"wp:featuredmedia":[{"embeddable":true,"href":"https:\/\/www.europesays.com\/pl\/wp-json\/wp\/v2\/media\/195922"}],"wp:attachment":[{"href":"https:\/\/www.europesays.com\/pl\/wp-json\/wp\/v2\/media?parent=195921"}],"wp:term":[{"taxonomy":"category","embeddable":true,"href":"https:\/\/www.europesays.com\/pl\/wp-json\/wp\/v2\/categories?post=195921"},{"taxonomy":"post_tag","embeddable":true,"href":"https:\/\/www.europesays.com\/pl\/wp-json\/wp\/v2\/tags?post=195921"}],"curies":[{"name":"wp","href":"https:\/\/api.w.org\/{rel}","templated":true}]}}