{"id":195930,"date":"2026-01-09T13:40:10","date_gmt":"2026-01-09T13:40:10","guid":{"rendered":"https:\/\/www.europesays.com\/pl\/195930\/"},"modified":"2026-01-09T13:40:10","modified_gmt":"2026-01-09T13:40:10","slug":"tragedia-po-cesarskim-cieciu-w-grojcu-31-latka-zmarla-kilka-godzin-po-porodzie","status":"publish","type":"post","link":"https:\/\/www.europesays.com\/pl\/195930\/","title":{"rendered":"Tragedia po cesarskim ci\u0119ciu w Gr\u00f3jcu. 31-latka zmar\u0142a kilka godzin po porodzie"},"content":{"rendered":"<p>\u015aledczy wyja\u015bniaj\u0105 okoliczno\u015bci \u015bmierci 31-letniej kobiety, kt\u00f3ra zmar\u0142a w szpitalu w Gr\u00f3jcu (Mazowieckie) kilkana\u015bcie godzin po planowanym cesarskim ci\u0119ciu. Kobieta urodzi\u0142a zdrowe dziecko, jednak jej stan gwa\u0142townie si\u0119 pogorszy\u0142. Prokuratura wszcz\u0119\u0142a \u015bledztwo, a szpital prowadzi wewn\u0119trzne post\u0119powanie wyja\u015bniaj\u0105ce.<\/p>\n<p>                         &#13;<br \/>\n        &#13;<\/p>\n<p>                                        &#13;<br \/>\n                        &#13;<br \/>\n                            <img decoding=\"async\" src=\"https:\/\/www.europesays.com\/pl\/wp-content\/uploads\/2026\/01\/000M6EGACF4B86AT-C123-F4.jpg\" title=\"Tragedia po cesarskim ci\u0119ciu. 31-latka zmar\u0142a kilka godzin po porodzie\" alt=\"\/Shutterstock\" class=\"img-responsive\"\/>&#13;<\/p>\n<p>                            &#13;<\/p>\n<p>      &#13;<br \/>\n                            &#13;<br \/>\n                                    \/Shutterstock  &#13;\n                                    <\/p>\n<p>&#13;<\/p>\n<p>                    <a href=\"https:\/\/www.rmf24.pl\/regiony\/warszawa\/news-wstrzasajaca-smierc-ciezarnej-rafal-trzaskowski-zapowiada-ko,nId,8056505\" rel=\"nofollow noopener\" target=\"_blank\">Wstrz\u0105saj\u0105ca \u015bmier\u0107 ci\u0119\u017carnej. Rafa\u0142 Trzaskowski zapowiada kontrole<\/a><\/p>\n<p>Do tragicznego zdarzenia dosz\u0142o 4 stycznia w Powiatowym Centrum Medycznym w Gr\u00f3jcu.\u00a0<\/p>\n<p>31-letnia kobieta zg\u0142osi\u0142a si\u0119 na oddzia\u0142 ginekologiczno-po\u0142o\u017cniczy na planowane cesarskie ci\u0119cie. Jak wynika z ustale\u0144 prokuratury, zabieg przeprowadzono w po\u0142udnie i zako\u0144czy\u0142 si\u0119 narodzinami zdrowego dziecka.<\/p>\n<p>Po operacji stan pacjentki zacz\u0105\u0142 si\u0119 pogarsza\u0107.\u00a0<\/p>\n<p>&#8222;Po zabiegu pacjentka zg\u0142asza\u0142a jednak z\u0142e samopoczucie, w zwi\u0105zku z czym wdra\u017cane by\u0142y r\u00f3\u017cne procedury medyczne. Ostatecznie kobieta zmar\u0142a w nocy&#8221; \u2013 przekaza\u0142a rzeczniczka Prokuratury Okr\u0119gowej w Radomiu, Aneta G\u00f3\u017ad\u017a.<\/p>\n<p>Doniesienie do prokuratury z\u0142o\u017cy\u0142 m\u0105\u017c zmar\u0142ej kobiety. Prokuratura Rejonowa w Gr\u00f3jcu wszcz\u0119\u0142a \u015bledztwo w sprawie nara\u017cenia \u017cycia i zdrowia pacjentki w zwi\u0105zku z zabiegiem cesarskiego ci\u0119cia oraz nieumy\u015blnego spowodowania \u015bmierci.<\/p>\n<p>\u015aledczy zabezpieczyli dokumentacj\u0119 medyczn\u0105 zar\u00f3wno ze szpitala, jak i poradni, pod opiek\u0105 kt\u00f3rej by\u0142a kobieta.\u00a0<\/p>\n<p>&#8222;Biegli oceni\u0105 przebieg opieki oko\u0142ooperacyjnej, przebieg samego zabiegu, jak i dzia\u0142ania podj\u0119te przez personel medyczny po wykonaniu cesarskiego ci\u0119cia&#8221; \u2013 poinformowa\u0142a prokurator G\u00f3\u017ad\u017a. Na poniedzia\u0142ek zaplanowana jest sekcja zw\u0142ok, kt\u00f3ra ma pom\u00f3c w ustaleniu przyczyny zgonu.<\/p>\n<p>Powiatowe Centrum Medyczne w Gr\u00f3jcu opublikowa\u0142o w mediach spo\u0142eczno\u015bciowych o\u015bwiadczenie, w kt\u00f3rym poinformowano o wszcz\u0119ciu wewn\u0119trznego post\u0119powania wyja\u015bniaj\u0105cego.\u00a0<\/p>\n<p>&#8222;Zapewniamy, \u017ce Powiatowe Centrum Medyczne w Gr\u00f3jcu w pe\u0142ni wsp\u00f3\u0142pracuje ze wszystkimi w\u0142a\u015bciwymi instytucjami w celu rzetelnego i pe\u0142nego wyja\u015bnienia wszelkich okoliczno\u015bci tego bolesnego i tragicznego zdarzenia&#8221; \u2013 podkre\u015blono w komunikacie.<\/p>\n<p>Plac\u00f3wka zastrzeg\u0142a, \u017ce w zwi\u0105zku z trwaj\u0105cym post\u0119powaniem nie b\u0119dzie udziela\u0107 dodatkowych informacji.<\/p>\n","protected":false},"excerpt":{"rendered":"\u015aledczy wyja\u015bniaj\u0105 okoliczno\u015bci \u015bmierci 31-letniej kobiety, kt\u00f3ra zmar\u0142a w szpitalu w Gr\u00f3jcu (Mazowieckie) kilkana\u015bcie godzin po planowanym cesarskim&hellip;\n","protected":false},"author":2,"featured_media":195931,"comment_status":"","ping_status":"","sticky":false,"template":"","format":"standard","meta":{"footnotes":""},"categories":[12],"tags":[32,33,36,37,27,34,35,28,31,25,42,38,40,39,41,29,30,26],"class_list":{"0":"post-195930","1":"post","2":"type-post","3":"status-publish","4":"format-standard","5":"has-post-thumbnail","7":"category-polska","8":"tag-breaking-news","9":"tag-breakingnews","10":"tag-featured-news","11":"tag-featurednews","12":"tag-headlines","13":"tag-latest-news","14":"tag-latestnews","15":"tag-naglowki","16":"tag-najwazniejsze-artykuly","17":"tag-news","18":"tag-pl","19":"tag-poland","20":"tag-polish","21":"tag-polska","22":"tag-polski","23":"tag-top-stories","24":"tag-topstories","25":"tag-wiadomosci"},"share_on_mastodon":{"url":"https:\/\/pubeurope.com\/@pl\/115865427886126726","error":""},"_links":{"self":[{"href":"https:\/\/www.europesays.com\/pl\/wp-json\/wp\/v2\/posts\/195930","targetHints":{"allow":["GET"]}}],"collection":[{"href":"https:\/\/www.europesays.com\/pl\/wp-json\/wp\/v2\/posts"}],"about":[{"href":"https:\/\/www.europesays.com\/pl\/wp-json\/wp\/v2\/types\/post"}],"author":[{"embeddable":true,"href":"https:\/\/www.europesays.com\/pl\/wp-json\/wp\/v2\/users\/2"}],"replies":[{"embeddable":true,"href":"https:\/\/www.europesays.com\/pl\/wp-json\/wp\/v2\/comments?post=195930"}],"version-history":[{"count":0,"href":"https:\/\/www.europesays.com\/pl\/wp-json\/wp\/v2\/posts\/195930\/revisions"}],"wp:featuredmedia":[{"embeddable":true,"href":"https:\/\/www.europesays.com\/pl\/wp-json\/wp\/v2\/media\/195931"}],"wp:attachment":[{"href":"https:\/\/www.europesays.com\/pl\/wp-json\/wp\/v2\/media?parent=195930"}],"wp:term":[{"taxonomy":"category","embeddable":true,"href":"https:\/\/www.europesays.com\/pl\/wp-json\/wp\/v2\/categories?post=195930"},{"taxonomy":"post_tag","embeddable":true,"href":"https:\/\/www.europesays.com\/pl\/wp-json\/wp\/v2\/tags?post=195930"}],"curies":[{"name":"wp","href":"https:\/\/api.w.org\/{rel}","templated":true}]}}