{"id":195940,"date":"2026-01-09T13:46:08","date_gmt":"2026-01-09T13:46:08","guid":{"rendered":"https:\/\/www.europesays.com\/pl\/195940\/"},"modified":"2026-01-09T13:46:08","modified_gmt":"2026-01-09T13:46:08","slug":"zaufanie-niemcow-do-usa-na-historycznym-dnie-nowy-sondaz-ard-zaskakuje","status":"publish","type":"post","link":"https:\/\/www.europesays.com\/pl\/195940\/","title":{"rendered":"Zaufanie Niemc\u00f3w do USA na historycznym dnie. Nowy sonda\u017c ARD zaskakuje"},"content":{"rendered":"<p data-section=\"detail-body\">Ponad trzy czwarte Niemc\u00f3w (76 proc.) uwa\u017ca, \u017ce Stany Zjednoczone przesta\u0142y by\u0107 wiarygodnym partnerem, na kt\u00f3rym ich kraj mo\u017ce polega\u0107 \u2014 wynika z najnowszego sonda\u017cu przeprowadzonego dla niemieckiego nadawcy ARD. To najni\u017cszy poziom zaufania do USA, jaki odnotowano w historii tego badania.<\/p>\n<p class=\"article_p\" data-section=\"detail-body\">Dalszy ci\u0105g tekstu znajduje si\u0119 pod materia\u0142em wideo<\/p>\n<p>        Niemcy ufaj\u0105 innym, ale nie USA<\/p>\n<p class=\"article_p\" data-section=\"detail-body\">Dla por\u00f3wnania, a\u017c 78 proc. Niemc\u00f3w darzy zaufaniem Francj\u0119, a 74 proc. Wielk\u0105 Brytani\u0119. Rosja, znajduje si\u0119 na przeciwleg\u0142ym biegunie \u2014 ufa jej jedynie 9 proc. Niemc\u00f3w, podczas gdy a\u017c 83 proc. deklaruje brak zaufania wobec Moskwy.<\/p>\n<p class=\"article_p\" data-section=\"detail-body\">Brak zaufania do USA, kt\u00f3ry osi\u0105gn\u0105\u0142 poziom 76 proc., wzr\u00f3s\u0142 o trzy punkty procentowe w por\u00f3wnaniu do czerwca 2025 r. R\u00f3wnocze\u015bnie 62 proc. obywateli Niemiec wyra\u017ca obawy co do obecnego stanu relacji mi\u0119dzy Berlinem a Waszyngtonem.<\/p>\n<p>            Czytaj tak\u017ce w BUSINESS INSIDER<\/p>\n<p class=\"article_p\" data-section=\"detail-body\">Czytaj te\u017c: <a href=\"https:\/\/businessinsider.com.pl\/gospodarka\/eksport-niemiec-zalamal-sie-do-usa-i-wielkiej-brytanii-polska-w-czworce-krajow-ktore\/cknr4nf\" id=\"89d2f426-2076-459f-bd5e-65488fdce3a8\" rel=\"nofollow noopener\" target=\"_blank\">Za\u0142amanie eksportu Niemiec nie tylko do USA. Polska w czw\u00f3rce kraj\u00f3w, kt\u00f3re ratuj\u0105 im wyniki<\/a><\/p>\n<p>        Prezydent Niemiec o porz\u0105dku \u015bwiatowym i roli USA. Mocne s\u0142owa<\/p>\n<p class=\"article_p\" data-section=\"detail-body\">Prezydent Niemiec Frank-Walter Steinmeier w \u015brodowym wyst\u0105pieniu w berli\u0144skiej Fundacji Koerbera nie szcz\u0119dzi\u0142 gorzkich s\u0142\u00f3w pod adresem Stan\u00f3w Zjednoczonych. Wezwa\u0142 spo\u0142eczno\u015b\u0107 mi\u0119dzynarodow\u0105 do przeciwdzia\u0142ania przekszta\u0142ceniu globalnego \u0142adu w &#8222;melin\u0119 rabusi\u00f3w&#8221;, gdzie &#8222;bezwzgl\u0119dni bior\u0105 to, co chc\u0105&#8221;. Jednocze\u015bnie oskar\u017cy\u0142 USA o niszczenie istniej\u0105cego porz\u0105dku \u015bwiatowego, wskazuj\u0105c na ich dzia\u0142ania w ostatnich miesi\u0105cach jako jeden z punkt\u00f3w zwrotnych w historii.<\/p>\n<p class=\"article_p\" data-section=\"detail-body\">&#8222;Mamy do czynienia z za\u0142amaniem warto\u015bci u naszego najwa\u017cniejszego partnera, Stan\u00f3w Zjednoczonych, kt\u00f3re pomog\u0142y zbudowa\u0107 porz\u0105dek \u015bwiatowy&#8221; \u2014 m\u00f3wi\u0142 Steinmeier.<\/p>\n<p class=\"article_p\" data-section=\"detail-body\">Prezydent Niemiec podkre\u015bli\u0142 r\u00f3wnie\u017c potrzeb\u0119 wzmocnienia pozycji swojego kraju, zaznaczaj\u0105c, \u017ce Niemcy mog\u0105 odgrywa\u0107 znacz\u0105c\u0105 rol\u0119 na arenie mi\u0119dzynarodowej tylko wtedy, gdy b\u0119d\u0105 traktowane powa\u017cnie r\u00f3wnie\u017c pod wzgl\u0119dem militarnym. &#8222;Nie mo\u017cemy by\u0107 s\u0142abi&#8221; \u2014 doda\u0142, wskazuj\u0105c, \u017ce osi\u0105gni\u0119cie tego celu jest konieczno\u015bci\u0105.<\/p>\n<p class=\"article_p\" data-section=\"detail-body\">Od powrotu Donalda Trumpa na urz\u0105d prezydenta USA w 2025 r. relacje mi\u0119dzy Berlinem a Waszyngtonem uleg\u0142y znacznemu pogorszeniu. Kanclerz Niemiec Friedrich Merz, cho\u0107 nadal uwa\u017ca relacje transatlantyckie za kluczowe, coraz cz\u0119\u015bciej podkre\u015bla konieczno\u015b\u0107 budowy wi\u0119kszej samodzielno\u015bci Niemiec. W jego opinii Berlin musi skupi\u0107 si\u0119 na wzmacnianiu swojej pozycji zar\u00f3wno militarnej, jak i politycznej.<\/p>\n<p class=\"article_p\" data-section=\"detail-body\">Czytaj te\u017c: <a href=\"https:\/\/businessinsider.com.pl\/wiadomosci\/to-najwiekszy-w-europie-dostawca-broni-dla-ukrainy-kolejne-dostawy-w-planie\/691cp6v\" id=\"224c4101-6505-4f3b-b687-e5b64997eee3\" rel=\"nofollow noopener\" target=\"_blank\">To najwi\u0119kszy w Europie dostawca broni dla Ukrainy. Takie ma plany na 2026 r.<\/a><\/p>\n","protected":false},"excerpt":{"rendered":"Ponad trzy czwarte Niemc\u00f3w (76 proc.) uwa\u017ca, \u017ce Stany Zjednoczone przesta\u0142y by\u0107 wiarygodnym partnerem, na kt\u00f3rym ich kraj&hellip;\n","protected":false},"author":2,"featured_media":195941,"comment_status":"","ping_status":"","sticky":false,"template":"","format":"standard","meta":{"footnotes":""},"categories":[14],"tags":[32,33,27,34,35,28,31,25,40,41,80,29,30,26,82,83,84],"class_list":{"0":"post-195940","1":"post","2":"type-post","3":"status-publish","4":"format-standard","5":"has-post-thumbnail","7":"category-swiat","8":"tag-breaking-news","9":"tag-breakingnews","10":"tag-headlines","11":"tag-latest-news","12":"tag-latestnews","13":"tag-naglowki","14":"tag-najwazniejsze-artykuly","15":"tag-news","16":"tag-polish","17":"tag-polski","18":"tag-swiat","19":"tag-top-stories","20":"tag-topstories","21":"tag-wiadomosci","22":"tag-world","23":"tag-world-news","24":"tag-worldnews"},"share_on_mastodon":{"url":"https:\/\/pubeurope.com\/@pl\/115865451406580126","error":""},"_links":{"self":[{"href":"https:\/\/www.europesays.com\/pl\/wp-json\/wp\/v2\/posts\/195940","targetHints":{"allow":["GET"]}}],"collection":[{"href":"https:\/\/www.europesays.com\/pl\/wp-json\/wp\/v2\/posts"}],"about":[{"href":"https:\/\/www.europesays.com\/pl\/wp-json\/wp\/v2\/types\/post"}],"author":[{"embeddable":true,"href":"https:\/\/www.europesays.com\/pl\/wp-json\/wp\/v2\/users\/2"}],"replies":[{"embeddable":true,"href":"https:\/\/www.europesays.com\/pl\/wp-json\/wp\/v2\/comments?post=195940"}],"version-history":[{"count":0,"href":"https:\/\/www.europesays.com\/pl\/wp-json\/wp\/v2\/posts\/195940\/revisions"}],"wp:featuredmedia":[{"embeddable":true,"href":"https:\/\/www.europesays.com\/pl\/wp-json\/wp\/v2\/media\/195941"}],"wp:attachment":[{"href":"https:\/\/www.europesays.com\/pl\/wp-json\/wp\/v2\/media?parent=195940"}],"wp:term":[{"taxonomy":"category","embeddable":true,"href":"https:\/\/www.europesays.com\/pl\/wp-json\/wp\/v2\/categories?post=195940"},{"taxonomy":"post_tag","embeddable":true,"href":"https:\/\/www.europesays.com\/pl\/wp-json\/wp\/v2\/tags?post=195940"}],"curies":[{"name":"wp","href":"https:\/\/api.w.org\/{rel}","templated":true}]}}