{"id":195951,"date":"2026-01-09T13:53:16","date_gmt":"2026-01-09T13:53:16","guid":{"rendered":"https:\/\/www.europesays.com\/pl\/195951\/"},"modified":"2026-01-09T13:53:16","modified_gmt":"2026-01-09T13:53:16","slug":"mocny-atak-rosjan-na-ukrainskie-miasto-sytuacja-nadzwyczajna-w-skali-kraju","status":"publish","type":"post","link":"https:\/\/www.europesays.com\/pl\/195951\/","title":{"rendered":"Mocny atak Rosjan na ukrai\u0144skie miasto. &#8222;Sytuacja nadzwyczajna w skali kraju&#8221;"},"content":{"rendered":"<p class=\"ods-c-paragraph \">&#8222;Z czysto technicznego punktu widzenia, w Dnieprze panuje jedna z najtrudniejszych sytuacji. To naprawd\u0119 jest sytuacja nadzwyczajna w skali pa\u0144stwa&#8221; \u2014 napisa\u0142 mer w komunikatorze Telegram. Wcze\u015bniej wicepremier ds. odbudowy Ukrainy O\u0142eksij Ku\u0142eba informowa\u0142, \u017ce w wyniku ostrza\u0142\u00f3w obwodu dniepropietrowskiego, przeprowadzonych w nocy ze \u015brody na czwartek, bez dostaw pr\u0105du, ciep\u0142a i wody pozostaje tam ponad 1 mln os\u00f3b.<\/p>\n<p>Dalszy ci\u0105g artyku\u0142u pod materia\u0142em wideo<\/p>\n<p> Jaka jest sytuacja w Dnieprze po rosyjskich atakach? <\/p>\n<p> Ile os\u00f3b nie ma dost\u0119pu do pr\u0105du, ciep\u0142a i wody w obwodzie dniepropietrowskim? <\/p>\n<p> Co prezydent Ze\u0142enski m\u00f3wi o atakach na Ukrain\u0119? <\/p>\n<p> Jakie dzia\u0142ania podj\u0119to w Zaporo\u017cu po atakach? <\/p>\n<p class=\"ods-c-paragraph \">&#8222;Z rzeczy najwa\u017cniejszych. Szpitale stopniowo odzyskuj\u0105 \u015bwiat\u0142o. [&#8230;] Przywr\u00f3cono te\u017c dostawy pr\u0105du kanalizacji miejskiej. Na lewym brzegu (rzeki Dniepr sytuacja) podtrzymywana jest przez alternatywne \u017ar\u00f3d\u0142a zasilania&#8221; \u2014 poinformowa\u0142 Fi\u0142atow.<\/p>\n<p class=\"ods-c-paragraph \">Zapewni\u0142 jednocze\u015bnie o powolnej stabilizacji sytuacji zwi\u0105zanej z dostawami wody, co \u2014 jak podkre\u015bli\u0142 \u2014 jest zas\u0142ug\u0105 ekip remontowych. &#8222;Je\u015bli chodzi o ciep\u0142o, wczoraj wszystkie kot\u0142ownie by\u0142y bez pr\u0105du. Dzi\u015b dok\u0142adamy wszelkich wysi\u0142k\u00f3w, aby wznowi\u0107 ich dzia\u0142alno\u015b\u0107&#8221; \u2014 napisa\u0142 mer Dniepra.<\/p>\n<p>Zmasowany atak na Dniepr   <\/p>\n<p class=\"ods-c-paragraph \">W\u0142adze dniepropietrowskiej obwodowej administracji wojskowej ujawni\u0142y w godzinach porannych, \u017ce minionej nocy si\u0142y rosyjskie przeprowadzi\u0142y zmasowany atak, u\u017cywaj\u0105c wielu dron\u00f3w. Ich celem by\u0142y obiekty infrastruktury krytycznej. 31 dron\u00f3w zosta\u0142o zestrzelonych przez obron\u0119 powietrzn\u0105 \u2014 przekaza\u0142 w Telegramie szef regionalnej administracji W\u0142adys\u0142aw Hajwanenko.<\/p>\n<p class=\"ods-c-paragraph \">W mie\u015bcie Zaporo\u017ce, tak\u017ce w po\u0142udniowo-wschodniej cz\u0119\u015bci Ukrainy, ataki trwa\u0142y przez ca\u0142\u0105 noc. Rosjanie u\u017cyli dron\u00f3w i samolot\u00f3w lotnictwa taktycznego \u2014 poinformowa\u0142y lokalne w\u0142adze.<\/p>\n<p class=\"ods-c-paragraph \">&#8222;W Zaporo\u017cu przez ca\u0142\u0105 noc pracowa\u0142y brygady remontowe; przywr\u00f3cono dostawy energii elektrycznej, trwa dostarczanie ciep\u0142a i wody do mieszka\u0144. Kot\u0142ownie maj\u0105 zapewnion\u0105 energi\u0119 elektryczn\u0105 i pracuj\u0105 w normalnym trybie&#8221; \u2014 o\u015bwiadczy\u0142 Iwan Fedorow, szef w\u0142adz obwodu zaporoskiego.<\/p>\n<p class=\"ods-c-paragraph \">Zapewni\u0142, \u017ce w obu regionach dzia\u0142a kolej, cho\u0107 poci\u0105gi w obwodzie dniepropietrowskim je\u017cd\u017c\u0105 dzi\u0119ki lokomotywom spalinowym.<\/p>\n<p>Reakcja Wo\u0142odymyra Ze\u0142enskiego<\/p>\n<p class=\"ods-c-paragraph \">Ataki skrytykowa\u0142 prezydent Ukrainy Wo\u0142odymyr Ze\u0142enski, kt\u00f3ry uzna\u0142, \u017ce Rosja zn\u0119ca si\u0119 w ten spos\u00f3b nad zwyk\u0142ymi cywilnymi lud\u017ami.<\/p>\n<p class=\"ods-c-paragraph \">&#8222;Wa\u017cne jest, aby nasi partnerzy na \u015bwiecie reagowali na to zn\u0119canie si\u0119 Rosji nad lud\u017ami. Nie ma \u017cadnego sensu wojskowego w takich uderzeniach w energetyk\u0119 i infrastruktur\u0119, kt\u00f3re pozostawiaj\u0105 ludzi bez energii elektrycznej i ogrzewania w warunkach zimy&#8221; \u2014 napisa\u0142 Ze\u0142enski w komunikatorze Telegram. Szef pa\u0144stwa oceni\u0142, \u017ce Rosja prowadzi t\u0119 wojn\u0119 przeciwko narodowi i \u017cyciu mieszka\u0144c\u00f3w kraju, pr\u00f3buj\u0105c z\u0142ama\u0107 ducha Ukrai\u0144c\u00f3w.<\/p>\n<p class=\"ods-c-paragraph \">&#8222;Dlatego wsparcie naszej odporno\u015bci, wszystkie formy pomocy dla naszego pa\u0144stwa musz\u0105 dzia\u0142a\u0107 z maksymaln\u0105 skuteczno\u015bci\u0105&#8221; \u2014 zwr\u00f3ci\u0142 si\u0119 prezydent do spo\u0142eczno\u015bci mi\u0119dzynarodowej. &#8222;Rozmowy dyplomatyczne nie mog\u0105 by\u0107 pretekstem do hamowania dostaw system\u00f3w obrony powietrznej oraz sprz\u0119tu, kt\u00f3ry pomaga chroni\u0107 \u017cycie. Pracujemy z partnerami, aby reakcja by\u0142a adekwatna&#8221; \u2014 o\u015bwiadczy\u0142 Ze\u0142enski.<\/p>\n","protected":false},"excerpt":{"rendered":"&#8222;Z czysto technicznego punktu widzenia, w Dnieprze panuje jedna z najtrudniejszych sytuacji. To naprawd\u0119 jest sytuacja nadzwyczajna w&hellip;\n","protected":false},"author":2,"featured_media":195952,"comment_status":"","ping_status":"","sticky":false,"template":"","format":"standard","meta":{"footnotes":""},"categories":[14],"tags":[32,33,10796,27,76,34,35,28,31,48,25,46,40,41,87,47,80,29,30,415,26,309,82,83,84],"class_list":{"0":"post-195951","1":"post","2":"type-post","3":"status-publish","4":"format-standard","5":"has-post-thumbnail","7":"category-swiat","8":"tag-breaking-news","9":"tag-breakingnews","10":"tag-dniepr","11":"tag-headlines","12":"tag-inwazja_rosji_na_ukraine","13":"tag-latest-news","14":"tag-latestnews","15":"tag-naglowki","16":"tag-najwazniejsze-artykuly","17":"tag-nat_styl","18":"tag-news","19":"tag-omp","20":"tag-polish","21":"tag-polski","22":"tag-rosja","23":"tag-screening_general","24":"tag-swiat","25":"tag-top-stories","26":"tag-topstories","27":"tag-ukraina","28":"tag-wiadomosci","29":"tag-wolodymyr_zelenski","30":"tag-world","31":"tag-world-news","32":"tag-worldnews"},"share_on_mastodon":{"url":"https:\/\/pubeurope.com\/@pl\/115865478994215158","error":""},"_links":{"self":[{"href":"https:\/\/www.europesays.com\/pl\/wp-json\/wp\/v2\/posts\/195951","targetHints":{"allow":["GET"]}}],"collection":[{"href":"https:\/\/www.europesays.com\/pl\/wp-json\/wp\/v2\/posts"}],"about":[{"href":"https:\/\/www.europesays.com\/pl\/wp-json\/wp\/v2\/types\/post"}],"author":[{"embeddable":true,"href":"https:\/\/www.europesays.com\/pl\/wp-json\/wp\/v2\/users\/2"}],"replies":[{"embeddable":true,"href":"https:\/\/www.europesays.com\/pl\/wp-json\/wp\/v2\/comments?post=195951"}],"version-history":[{"count":0,"href":"https:\/\/www.europesays.com\/pl\/wp-json\/wp\/v2\/posts\/195951\/revisions"}],"wp:featuredmedia":[{"embeddable":true,"href":"https:\/\/www.europesays.com\/pl\/wp-json\/wp\/v2\/media\/195952"}],"wp:attachment":[{"href":"https:\/\/www.europesays.com\/pl\/wp-json\/wp\/v2\/media?parent=195951"}],"wp:term":[{"taxonomy":"category","embeddable":true,"href":"https:\/\/www.europesays.com\/pl\/wp-json\/wp\/v2\/categories?post=195951"},{"taxonomy":"post_tag","embeddable":true,"href":"https:\/\/www.europesays.com\/pl\/wp-json\/wp\/v2\/tags?post=195951"}],"curies":[{"name":"wp","href":"https:\/\/api.w.org\/{rel}","templated":true}]}}