{"id":195976,"date":"2026-01-09T14:08:09","date_gmt":"2026-01-09T14:08:09","guid":{"rendered":"https:\/\/www.europesays.com\/pl\/195976\/"},"modified":"2026-01-09T14:08:09","modified_gmt":"2026-01-09T14:08:09","slug":"weto-karola-nawrockiego-do-ustawy-o-uslugach-cyfrowych-znamy-kulisy","status":"publish","type":"post","link":"https:\/\/www.europesays.com\/pl\/195976\/","title":{"rendered":"Weto Karola Nawrockiego do ustawy o us\u0142ugach cyfrowych. Znamy kulisy"},"content":{"rendered":"<ul class=\"typography ids-typeset-body ids-typeset-body--preset-large list ids-list ids-list--unordered ids-list--size-large \" datatype=\"disc\">\n<li class=\"ids-list-item\">\n<p>Prezydent Karol Nawrocki zawetowa\u0142 ustaw\u0119 o us\u0142ugach cyfrowych, kt\u00f3ra budzi w\u0105tpliwo\u015bci w zakresie ochrony wolno\u015bci s\u0142owa i cenzury tre\u015bci w internecie.<\/p>\n<\/li>\n<li class=\"ids-list-item\">\n<p>Organizacje pozarz\u0105dowe apelowa\u0142y wcze\u015bniej o podpisanie ustawy, wskazuj\u0105c na potrzeb\u0119 skutecznej ochrony dzieci przed szkodliwymi tre\u015bciami online, jednak wprowadzane poprawki rodz\u0105 nowe kontrowersje.<\/p>\n<\/li>\n<li class=\"ids-list-item\">\n<p>W Pa\u0142acu Prezydenckim panuje przekonanie, \u017ce obecna wersja ustawy jest niedopracowana, a proponowane mechanizmy prawne mog\u0105 okaza\u0107 si\u0119 nieskuteczne lub nawet szkodliwe.<\/p>\n<\/li>\n<li class=\"ids-list-item\">Wi\u0119cej wa\u017cnych informacji znajdziesz na <a class=\"ids-undecorated-link link ids-link link\" href=\"https:\/\/www.interia.pl\/#utm_source=wydarzenia&amp;utm_medium=bullet&amp;utm_campaign=powrot_z_wew&amp;iwa_source=bullet\" target=\"_blank\" rel=\"nofollow noopener\">stronie g\u0142\u00f3wnej Interii<\/a><\/li>\n<\/ul>\n<p class=\"typography ids-typeset-body ids-typeset-body--preset-large link paragraph ids-paragraph ids-paragraph--default\">Nowelizacja ustawy o \u015bwiadczeniu us\u0142ug drog\u0105 elektroniczn\u0105, uchwalona przez Sejm 21 listopada 2025 ma zwi\u0105zek z wdro\u017ceniem przepis\u00f3w unijnego\u00a0Aktu o us\u0142ugach cyfrowych (DSA), dotycz\u0105cego m.in. blokowania nielegalnych tre\u015bci w internecie.<\/p>\n<p class=\"typography ids-typeset-body ids-typeset-body--preset-large link paragraph ids-paragraph ids-paragraph--default\">Sprawa od pocz\u0105tku wzbudza\u0142a du\u017ce kontrowersje, bo cho\u0107 intencje i za\u0142o\u017cenia ustawy by\u0142y s\u0142uszne, to jej pierwotne zapisy, zdaniem cz\u0119\u015bci polityk\u00f3w, zbyt mocno ingerowa\u0142y w wolno\u015b\u0107 s\u0142owa. Najwi\u0119cej emocji budzi\u0142y przepisy, dotycz\u0105ce blokowania tre\u015bci publikowanych w sieci i tego, kto mia\u0142by o tym decydowa\u0107.<\/p>\n<p>Ustawa o us\u0142ugach cyfrowych zawetowana. Ochrona czy cenzura?<\/p>\n<p class=\"typography ids-typeset-body ids-typeset-body--preset-large link paragraph ids-paragraph ids-paragraph--default\">Ustawa daje mo\u017cliwo\u015b\u0107 usuwania z przestrzeni internetowej tre\u015bci, zawieraj\u0105cych m.in. gro\u017aby karalne, namow\u0119 do pope\u0142nienia samob\u00f3jstwa, pochwalanie zachowa\u0144 o charakterze pedofilskim, propagowanie ideologii totalitarnych, a tak\u017ce nawo\u0142ywanie do nienawi\u015bci i zniewa\u017canie na tle r\u00f3\u017cnic narodowo\u015bciowych, etnicznych, rasowych, wyznaniowych, tre\u015bci naruszaj\u0105ce prawa autorskie czy tre\u015bci odnosz\u0105ce si\u0119 do nielegalnej sprzeda\u017cy towar\u00f3w lub nielegalnego \u015bwiadczenia us\u0142ug.<\/p>\n<p class=\"typography ids-typeset-body ids-typeset-body--preset-large link paragraph ids-paragraph ids-paragraph--default\">Od pocz\u0105tku wiadomo by\u0142o, \u017ce prezydent <a href=\"https:\/\/wydarzenia.interia.pl\/tematy-karol-nawrocki,gsbi,5330\" rel=\"nofollow noopener\" target=\"_blank\">Karol Nawrocki<\/a> patrzy na te zmiany sceptycznie, dopatruj\u0105c si\u0119 w nich przejaw\u00f3w cenzury tre\u015bci, pojawiaj\u0105cych si\u0119 w internecie. Prawica zawsze by\u0142a na tym tle mocno wyczulona. Weto wi\u0119c nie jest zaskoczeniem.\u00a0<\/p>\n<p class=\"typography ids-typeset-body ids-typeset-body--preset-large link paragraph ids-paragraph ids-paragraph--default\">&#8222;Pod pozorem walki z nielegalnymi tre\u015bciami i dezinformacj\u0105 rz\u0105d chce ograniczy\u0107 wolno\u015b\u0107 s\u0142owa, poprzez wprowadzenie mechanizmu blokowania wypowiedzi arbitralnymi decyzjami administracyjnymi urz\u0119dnik\u00f3w. Nie tak to powinno wygl\u0105da\u0107&#8221; &#8211; pisa\u0142 prezydent Nawrocki pod koniec pa\u017adziernika, gdy mija\u0142 termin na wys\u0142uchania publiczne w tej sprawie.<\/p>\n<p>Ustawa o us\u0142ugach cyfrowych. Pa\u0142ac: Mamy k\u0142opot z t\u0105 ustaw\u0105<\/p>\n<p class=\"typography ids-typeset-body ids-typeset-body--preset-large link paragraph ids-paragraph ids-paragraph--default\">Do prezydenta o podpis pod ustaw\u0105 apelowa\u0142y m.in. organizacje pozarz\u0105dowe, zajmuj\u0105ce si\u0119 ochron\u0105 praw dzieci.\u00a0132 ekspert\u00f3w podpisa\u0142o si\u0119 pod apelem do Pierwszej Damy\u00a0<a href=\"https:\/\/wydarzenia.interia.pl\/tematy-marta-nawrocka,gsbi,6585\" target=\"_blank\" rel=\"nofollow noopener\">Marty Nawrockiej<\/a>, aby popar\u0142a ustaw\u0119 o us\u0142ugach cyfrowych i nam\u00f3wi\u0142a prezydenta do podpisu. &#8222;(\u2026) My r\u00f3wnie\u017c chcemy mie\u0107 mo\u017cliwo\u015b\u0107 reagowania na krzywdy i nadu\u017cycia, jakich nasze dzieci do\u015bwiadczaj\u0105 na platformach (anty)spo\u0142eczno\u015bciowych. Dlatego prosimy Pani\u0105 o g\u0142os poparcia dla niezw\u0142ocznego wdro\u017cenia DSA w Polsce&#8221; &#8211; mo\u017cna przeczyta\u0107 w apelu.<\/p>\n<p class=\"typography ids-typeset-body ids-typeset-body--preset-large link paragraph ids-paragraph ids-paragraph--default\">Prezydent, uzasadniaj\u0105c dzisiejsze weto, stwierdzi\u0142, \u017ce nie mo\u017ce podpisa\u0107 &#8222;ustawy, kt\u00f3ra w praktyce oznacza administracyjn\u0105 cenzur\u0119&#8221;. Podkre\u015bli\u0142 te\u017c, \u017ce ochrona dzieci w internecie mia\u0142a sta\u0107 si\u0119 dla koalicji rz\u0105dz\u0105cej &#8222;cynicznym parawanem, za kt\u00f3rym rz\u0105d Donalda Tuska ukry\u0142 kontrol\u0119 swobody wypowiedzi&#8221;. &#8211; Ograniczanie wolno\u015bci s\u0142owa jest niekonstytucyjne. Wykorzystanie do tego interesu najm\u0142odszych &#8211; jest niemoralne &#8211; powiedzia\u0142 prezydent.<\/p>\n<p class=\"typography ids-typeset-body ids-typeset-body--preset-large link paragraph ids-paragraph ids-paragraph--default\">&#8211; Mieli\u015bmy k\u0142opot z t\u0105 ustaw\u0105 &#8211; nie kryj\u0105 w <a href=\"https:\/\/wydarzenia.interia.pl\/tematy-palac-prezydencki,gsbi,6769\" target=\"_blank\" rel=\"nofollow noopener\">Pa\u0142acu Prezydenckim<\/a>. &#8211; Wiedzieli\u015bmy, \u017ce jak prezydent j\u0105 zawetuje, to rz\u0105d ruszy z narracj\u0105, \u017ce prezydent nie dba o dobro dzieci i otwiera drzwi pedofilom. S\u0119k w tym, \u017ce ta ustawa jest bardzo z\u0142a w szczeg\u00f3\u0142ach &#8211; narzeka nasz rozm\u00f3wca z Pa\u0142acu.<\/p>\n<p class=\"typography ids-typeset-body ids-typeset-body--preset-large link paragraph ids-paragraph ids-paragraph--default\">Politycy partii rz\u0105dz\u0105cej wskazuj\u0105 z kolei na to, \u017ce pierwotny projekt ustawy i tak zosta\u0142 mocno zmieniony poprawkami senackimi m.in. wskutek postulat\u00f3w \u015brodowisk spo\u0142ecznych i sygna\u0142\u00f3w, p\u0142yn\u0105cych z Pa\u0142acu Prezydenckiego.<\/p>\n<p class=\"typography ids-typeset-body ids-typeset-body--preset-large link paragraph ids-paragraph ids-paragraph--default\">Senat wprowadzi\u0142 kluczow\u0105 poprawk\u0119 m\u00f3wi\u0105c\u0105, \u017ce od decyzji <a href=\"https:\/\/geekweek.interia.pl\/marki-i-produkty-uke,gsbi,3764\" target=\"_blank\" rel=\"nofollow noopener\">UKE<\/a> czy KRRiT b\u0119dzie przys\u0142ugiwa\u0142o odwo\u0142anie do s\u0105du. Co istotne, samo wniesienie odwo\u0142ania, automatycznie b\u0119dzie wstrzymywa\u0142o decyzj\u0119 o usuni\u0119ciu tre\u015bci do czasu decyzji s\u0105du.<\/p>\n<p>Rz\u0105d: Ustawa daje narz\u0119dzia do konfrontacji z platformami cyfrowymi<\/p>\n<p class=\"typography ids-typeset-body ids-typeset-body--preset-large link paragraph ids-paragraph ids-paragraph--default\"><a href=\"https:\/\/wydarzenia.interia.pl\/tematy-michal-gramatyka,gsbi,4305\" rel=\"nofollow noopener\" target=\"_blank\">Micha\u0142 Gramatyka<\/a>, wiceminister cyfryzacji, chwil\u0119 przed informacj\u0105 o wecie m\u00f3wi\u0142 nam, \u017ce wierzy, \u017ce prezydent ustaw\u0119 jednak podpisze. &#8211; Jest to ustawa bardzo potrzebna, bo daje nam jako pa\u0144stwu szans\u0119 w konfrontacji z du\u017cymi platformami cyfrowymi, w\u0142\u0105cza w og\u00f3le pa\u0144stwo w ten proces &#8211; t\u0142umaczy Gramatyka. I wskazuje przyk\u0142ad.<\/p>\n<ul class=\"typography ids-typeset-body ids-typeset-body--preset-small list--article-list ids-list ids-list--unordered ids-list--size-small \" datatype=\"disc\">\n<li class=\"ids-list-item ids-list-item__content brief-list-item\"><a class=\"ids-undecorated-link link ids-link \" data-spons=\"false\" href=\"https:\/\/wydarzenia.interia.pl\/kraj\/news-nowe-zasady-publikowania-w-internecie-czesc-tresci-ma-byc-bl,nId,22456819\" rel=\"nofollow noopener\" target=\"_blank\">Nowe zasady publikowania w internecie. Cz\u0119\u015b\u0107 tre\u015bci ma by\u0107 blokowana<\/a><\/li>\n<\/ul>\n<p class=\"typography ids-typeset-body ids-typeset-body--preset-large link paragraph ids-paragraph ids-paragraph--default\">&#8211; Wyobra\u017amy sobie sytuacj\u0119, \u017ce Grok rozbiera pana prezydenta i pakuje go w str\u00f3j bikini, a nast\u0119pnie taki wizerunek pana prezydenta jest rozpowszechniany w internecie. Dzisiaj nie mamy \u017cadnych narz\u0119dzi prawnych, \u017ceby to zablokowa\u0107. Chodzi o to, by\u015bmy je mieli &#8211; wyja\u015bnia polityk.<\/p>\n<p class=\"typography ids-typeset-body ids-typeset-body--preset-large link paragraph ids-paragraph ids-paragraph--default\">Nasi rozm\u00f3wcy z Pa\u0142acu odpowiadaj\u0105 jednak, \u017ce diabe\u0142 tkwi w szczeg\u00f3\u0142ach i \u017ce ustawa, nawet po poprawkach, budzi wiele obiekcji. &#8211; Pierwotna wersja ustawy by\u0142a z\u0142a, wskazywali\u015bmy, co warto poprawi\u0107, ale to, co i w jaki spos\u00f3b poprawiono sprawia, \u017ce ta ustawa jest jeszcze gorsza &#8211; s\u0142yszymy.<\/p>\n<p class=\"typography ids-typeset-body ids-typeset-body--preset-large link paragraph ids-paragraph ids-paragraph--default\">&#8211; W pierwotnej wersji prezes UKE m\u00f3g\u0142 jednoosobowo podj\u0105\u0107 decyzj\u0119 o usuni\u0119ciu jakich\u015b tre\u015bci i jego decyzja mia\u0142a rygor wykonalno\u015bci, czyli tre\u015bci by\u0142y usuwane od razu. W poprawionej wersji po decyzji prezesa UKE jest 14 dni na formalny sprzeciw czy odwo\u0142anie od decyzji, co z automatu j\u0105 wstrzymuje. Potem sprawa l\u0105duje w s\u0105dzie, ale w ustawie nie ma \u017cadnego zapisu, \u017ce s\u0105d ma np. 24 godziny na decyzj\u0119. Poprawka, aby to s\u0105d podejmowa\u0142 ostateczn\u0105 decyzj\u0119, a nie urz\u0119dnik UKE by\u0142a s\u0142uszna, ale nie mo\u017ce by\u0107 tak, \u017ce teraz s\u0105d b\u0119dzie procedowa\u0142 spraw\u0119 przez wiele miesi\u0119cy, a tre\u015bci b\u0119d\u0105 obecne w sieci, jakby nigdy nic. To wypacza ca\u0142y sens tej ustawy &#8211; denerwuje si\u0119 nasz rozm\u00f3wca.<\/p>\n<p>Ustawa o us\u0142ugach cyfrowych. Pu\u0142apka na prezydenta?<\/p>\n<p class=\"typography ids-typeset-body ids-typeset-body--preset-large link paragraph ids-paragraph ids-paragraph--default\">Strona rz\u0105dowa t\u0142umaczy, \u017ce rzeczywi\u015bcie usuni\u0119to zapis o natychmiastowej wykonalno\u015bci decyzji urz\u0119dnika i uwzgl\u0119dniono postulat, aby to s\u0105dy podejmowa\u0142y decyzje.<\/p>\n<p class=\"typography ids-typeset-body ids-typeset-body--preset-large link paragraph ids-paragraph ids-paragraph--default\">S\u0119k w tym, \u017ce s\u0105dy &#8211; jak t\u0142umaczy wiceminister Gramatyka &#8211; nie s\u0105 w stanie obs\u0142u\u017cy\u0107 takich decyzji, kt\u00f3rych mog\u0142oby by\u0107 ogrom, w 24 godziny. Postulat jest wi\u0119c z punktu widzenia resortu cyfryzacji s\u0142uszny, ale jak wskaza\u0142 z kolei resort sprawiedliwo\u015bci &#8211; w praktyce niewykonalny.<\/p>\n<p class=\"typography ids-typeset-body ids-typeset-body--preset-large link paragraph ids-paragraph ids-paragraph--default\">Tymczasem w Pa\u0142acu mo\u017cna us\u0142ysze\u0107, \u017ce ca\u0142a ta\u00a0ustawa po poprawkach wygl\u0105da jak &#8222;pu\u0142apka, zastawiona na prezydenta&#8221;.<\/p>\n<p class=\"typography ids-typeset-body ids-typeset-body--preset-large link paragraph ids-paragraph ids-paragraph--default\">&#8211; Zw\u0142aszcza w kontek\u015bcie s\u0142anych apeli, kt\u00f3re stawiaj\u0105 prezydenta pod \u015bcian\u0105: &#8222;Jak nie podpiszesz, to znaczy, \u017ce nie dbasz o bezpiecze\u0144stwo dzieci&#8221; &#8211; s\u0142yszymy. &#8211; To nie jest tak, \u017ce my nie chcemy tego zrobi\u0107, tylko\u00a0chcemy, aby to by\u0142o zrobione z g\u0142ow\u0105. Prawo ma by\u0107 skuteczne, a w tej wersji nie jest &#8211; m\u00f3wi wsp\u00f3\u0142pracownik Karola Nawrockiego, t\u0142umacz\u0105c, dlaczego ostatecznie prezydent postanowi\u0142 ustaw\u0119 zawetowa\u0107.<\/p>\n<ul class=\"typography ids-typeset-body ids-typeset-body--preset-small list--article-list ids-list ids-list--unordered ids-list--size-small \" datatype=\"disc\">\n<li class=\"ids-list-item ids-list-item__content brief-list-item\"><a class=\"ids-undecorated-link link ids-link \" data-spons=\"false\" href=\"https:\/\/wydarzenia.interia.pl\/kraj\/news-wygenerowane-polki-wzywaly-do-wyjscia-z-ue-reakcja-komisji-e,nId,22504542\" rel=\"nofollow noopener\" target=\"_blank\">Wygenerowane &#8222;Polki&#8221; wzywa\u0142y do wyj\u015bcia z UE. Reakcja Komisji Europejskiej<\/a><\/li>\n<li class=\"ids-list-item ids-list-item__content brief-list-item\"><a class=\"ids-undecorated-link link ids-link \" data-spons=\"false\" href=\"https:\/\/wydarzenia.interia.pl\/zagranica\/news-kraj-na-wojnie-z-mediami-spolecznosciowymi-aresztowano-influ,nId,22498004\" rel=\"nofollow noopener\" target=\"_blank\">Kraj na wojnie z mediami spo\u0142eczno\u015bciowymi. Aresztowano influencer\u00f3w<\/a><\/li>\n<\/ul>\n<p>&#8222;Dobra decyzja ze strony premiera&#8221;. Przydacz o spotkaniu Tusk-NawrockiPolsat NewsPolsat News<\/p>\n<p><a class=\"ids-undecorated-link source ids-page-info--source__link\" href=\"https:\/\/www.interia.pl\" rel=\"nofollow noopener\" target=\"_blank\"><img decoding=\"async\" class=\"ids-image-holder__img\" loading=\"lazy\" alt=\"\" title=\"\" height=\"24px\" src=\"https:\/\/www.europesays.com\/pl\/wp-content\/uploads\/2026\/01\/1767782590_880_0009A60QQ5I2TYF7-C202-F4.webp.webp\"\/><\/a><\/p>\n<p>Masz sugestie, uwagi albo widzisz b\u0142\u0105d? Napisz do nas<\/p>\n","protected":false},"excerpt":{"rendered":"Prezydent Karol Nawrocki zawetowa\u0142 ustaw\u0119 o us\u0142ugach cyfrowych, kt\u00f3ra budzi w\u0105tpliwo\u015bci w zakresie ochrony wolno\u015bci s\u0142owa i cenzury&hellip;\n","protected":false},"author":2,"featured_media":195977,"comment_status":"","ping_status":"","sticky":false,"template":"","format":"standard","meta":{"footnotes":""},"categories":[12],"tags":[32,33,36,37,27,34,35,28,31,25,42,38,40,39,41,29,30,26],"class_list":{"0":"post-195976","1":"post","2":"type-post","3":"status-publish","4":"format-standard","5":"has-post-thumbnail","7":"category-polska","8":"tag-breaking-news","9":"tag-breakingnews","10":"tag-featured-news","11":"tag-featurednews","12":"tag-headlines","13":"tag-latest-news","14":"tag-latestnews","15":"tag-naglowki","16":"tag-najwazniejsze-artykuly","17":"tag-news","18":"tag-pl","19":"tag-poland","20":"tag-polish","21":"tag-polska","22":"tag-polski","23":"tag-top-stories","24":"tag-topstories","25":"tag-wiadomosci"},"share_on_mastodon":{"url":"https:\/\/pubeurope.com\/@pl\/115865538110639649","error":""},"_links":{"self":[{"href":"https:\/\/www.europesays.com\/pl\/wp-json\/wp\/v2\/posts\/195976","targetHints":{"allow":["GET"]}}],"collection":[{"href":"https:\/\/www.europesays.com\/pl\/wp-json\/wp\/v2\/posts"}],"about":[{"href":"https:\/\/www.europesays.com\/pl\/wp-json\/wp\/v2\/types\/post"}],"author":[{"embeddable":true,"href":"https:\/\/www.europesays.com\/pl\/wp-json\/wp\/v2\/users\/2"}],"replies":[{"embeddable":true,"href":"https:\/\/www.europesays.com\/pl\/wp-json\/wp\/v2\/comments?post=195976"}],"version-history":[{"count":0,"href":"https:\/\/www.europesays.com\/pl\/wp-json\/wp\/v2\/posts\/195976\/revisions"}],"wp:featuredmedia":[{"embeddable":true,"href":"https:\/\/www.europesays.com\/pl\/wp-json\/wp\/v2\/media\/195977"}],"wp:attachment":[{"href":"https:\/\/www.europesays.com\/pl\/wp-json\/wp\/v2\/media?parent=195976"}],"wp:term":[{"taxonomy":"category","embeddable":true,"href":"https:\/\/www.europesays.com\/pl\/wp-json\/wp\/v2\/categories?post=195976"},{"taxonomy":"post_tag","embeddable":true,"href":"https:\/\/www.europesays.com\/pl\/wp-json\/wp\/v2\/tags?post=195976"}],"curies":[{"name":"wp","href":"https:\/\/api.w.org\/{rel}","templated":true}]}}