{"id":195978,"date":"2026-01-09T14:09:08","date_gmt":"2026-01-09T14:09:08","guid":{"rendered":"https:\/\/www.europesays.com\/pl\/195978\/"},"modified":"2026-01-09T14:09:08","modified_gmt":"2026-01-09T14:09:08","slug":"trzy-weta-prezydenta-co-zawetowal-karol-nawrocki","status":"publish","type":"post","link":"https:\/\/www.europesays.com\/pl\/195978\/","title":{"rendered":"Trzy weta prezydenta. Co zawetowa\u0142 Karol Nawrocki?"},"content":{"rendered":"<p data-section=\"detail-body\">&#8222;W tym tygodniu podpisa\u0142em kolejnych dwana\u015bcie ustaw przekazanych przez Marsza\u0142ka Sejmu. To wa\u017cne zmiany w kodeksie pracy, planach inwestycyjnych gmin, w bezpiecze\u0144stwie Ba\u0142tyku czy ustawa porz\u0105dkuj\u0105ca funkcjonowanie sp\u00f3\u0142dzielni mieszkaniowych. \u0141\u0105cznie ju\u017c 144 razy m\u00f3j podpis znalaz\u0142 si\u0119 pod ustawami skierowanymi do mnie przez Parlament&#8221; \u2014 przekaza\u0142 prezydent. Nie wszystkie ustawy zosta\u0142y jednak podpisane.<\/p>\n<p class=\"article_p\" data-section=\"detail-body\">Dalsza cz\u0119\u015b\u0107 tekstu znajduje si\u0119 pod materia\u0142em wideo<\/p>\n<p>        Narocki wetuje trzy ustawy<\/p>\n<p class=\"article_p\" data-section=\"detail-body\">&#8222;Zdecydowa\u0142em o trzech ustawowych wetach&#8221; \u2014 og\u0142osi\u0142 Karol Nawrocki. Jedno z nich dotyczy ustawy cyfrowej, kt\u00f3rej przepisy \u2014 zdaniem prezydenta \u2014 mia\u0142yby umo\u017cliwi\u0107 blokowanie tre\u015bci w internecie. Dokument przygotowany przez parlament mia\u0142 zapewni\u0107 implementacj\u0119 unijnego aktu o us\u0142ugach cyfrowych. &#8222;S\u0105 granice, kt\u00f3rych przekroczy\u0107 nie wolno. Dlatego zdecydowa\u0142em o trzech ustawowych wetach&#8221; \u2014 poinformowa\u0142 Nawrocki w pi\u0105tek na platformie X.<\/p>\n<p class=\"article_p\" data-section=\"detail-body\">Nawrocki zawetowa\u0142 tzw. ustaw\u0119 cyfrow\u0105, o Narodowym Centrum Bada\u0144 i Rozwoju i oraz nowelizacj\u0119 Kodeksu cywilnego i ustawy o ubezpieczeniach obowi\u0105zkowych, kt\u00f3ra pozwala komunikowa\u0107 si\u0119 z ubezpieczonymi w formie elektronicznej. Wskaza\u0142, \u017ce ustawa o NCBiR pozwoli\u0142aby na upolitycznienie instytucji nauki, zamieni\u0142a badania naukowe w narz\u0119dzia politycznej kontroli. Prezydent te\u017c twierdzi, \u017ce zawetowa\u0142 ustaw\u0119, wzmacniaj\u0105ce korporacje, bo wystarczy\u0142oby przegapi\u0107 sms czy mai, by straci\u0107 prawo do odszkodowania.<\/p>\n<p>            Czytaj tak\u017ce w BUSINESS INSIDER<\/p>\n<p class=\"article_p\" data-section=\"detail-body\">W opublikowanym wideo prezydent wyja\u015bni\u0142 swoj\u0105 decyzj\u0119: &#8222;Gdy rz\u0105d pracuje dobrze, weta nie ma. Gdy prawo, kt\u00f3re przygotowuje jest z\u0142e, weto jest konieczne&#8221;.<\/p>\n<p class=\"article_p\" data-section=\"detail-body\">Prezydent doda\u0142 r\u00f3wnie\u017c, \u017ce zdecydowa\u0142 si\u0119 na trzy kolejne weta, poniewa\u017c &#8222;jest stra\u017cnikiem konstytucji, a rz\u0105dz\u0105cy musz\u0105 zrozumie\u0107, \u017ce nie jest ich notariuszem&#8221;. &#8222;B\u0119d\u0119 podpisywa\u0142 ustawy, gdy s\u0142u\u017c\u0105 Polakom. B\u0119d\u0119 je wetowa\u0142, gdy uderzaj\u0105 w wolno\u015b\u0107, godno\u015b\u0107 i bezpiecze\u0144stwo&#8221; \u2014 powiedzia\u0142.<\/p>\n<p class=\"article_p\" data-section=\"detail-body\">Czytaj te\u017c: <a href=\"https:\/\/businessinsider.com.pl\/prawo\/blokowanie-tresci-w-internecie-pod-pelna-kontrola-sadu-prezydent-zdecyduje-o-wejsciu\/y53xfnw\" id=\"1a1228ae-8980-4c9c-869c-8c073e8ee541\" rel=\"nofollow noopener\" target=\"_blank\">Czy b\u0119dzie automatyczna cenzura w internecie? Sejm ju\u017c zag\u0142osowa\u0142. Teraz nowe prawoi w r\u0119kach prezydenta<\/a><\/p>\n<p>        Ustawa cyfrowa. Karol Nawrocki kilka minut t\u0142umaczy swoje weto<\/p>\n<p class=\"article_p\" data-section=\"detail-body\">Prezydent najd\u0142u\u017cej uzasadnia\u0142 weto w sprawie ustawy cyfrowej, a dok\u0142adnie nowelizacji ustawy o \u015bwiadczeniu us\u0142ug drog\u0105 elektroniczn\u0105 (druk sejmowy nr 1757).<\/p>\n<p class=\"article_p\" data-section=\"detail-body\">&#8222;Ustawa tzw. DSA w za\u0142o\u017ceniu mia\u0142a chroni\u0107 obywateli. Wirtualna rzeczywisto\u015b\u0107 niesie wiele zagro\u017ce\u0144. To sprawa niezwykle wa\u017cna, kt\u00f3ra wymaga skutecznego i m\u0105drego uregulowania. Zawsze dlatego nie mo\u017cna by\u0142o jej zniszczy\u0107 z\u0142ymi wrzutkami legislacyjnymi. Po raz kolejny do dobrych rozwi\u0105za\u0144 doklejono szkodliwe przepisy&#8221; \u2014 oceni\u0142 Karol Nawrocki.<\/p>\n<p class=\"article_p\" data-section=\"detail-body\">Prezydent powiedzia\u0142, \u017ce ju\u017c w czasie procesu legislacyjnego ustawy mia\u0142 powa\u017cne w\u0105tpliwo\u015bci wobec jej przyj\u0119cia. &#8222;To by\u0142y za\u0142o\u017cenia, kt\u00f3re oddaj\u0105 kontrol\u0119 nad tre\u015bciami w internecie urz\u0119dnikom, kt\u00f3rzy podlegaj\u0105 rz\u0105dowi, a nie niezale\u017cnym s\u0105dom. Wprowadzono rozwi\u0105zanie absurdalne&#8221; \u2014 uzasadnia\u0142 Nawrocki.<\/p>\n<p>        Nawrocki: to cenzura wprowadzona pod przykrtywk\u0105 ochrony dzieci<\/p>\n<p class=\"article_p\" data-section=\"detail-body\">To oznacza, \u017ce apel 132 ekspert\u00f3w i ekspertek do Marty Nawrockiej o poparcie ustawy nie pom\u00f3g\u0142. Przekonywali oni \u017con\u0119 prezydenta, \u017ce to jestr ustawa, kt\u00f3ra da polskim rodzicom skuteczne narz\u0119dzia do walki o bezpiecze\u0144stwo dzieci w Internecie, do walki z gigantami pokroju TikToka, Instagrama czy YouTube\u2019a, narazi dzieci na dalszy niekontrolowany kontakt z niebezpiecznymi tre\u015bciami, a tak\u017ce na uzale\u017cnienia od technologii i problemy psychiczne.<\/p>\n<p class=\"article_p\" data-section=\"detail-body\">Karol Nawrocki powiedzia\u0142 jednak, \u017ce sprzeciw wobec decyzji urz\u0119dnika, to rozwi\u0105zanie absurdalne, bo nadal dochodzi do sytuacji, gdzie urz\u0119dnik podleg\u0142y rz\u0105dowi decyduje o tym, co wolno w internecie pod pozornymi szczytnymi has\u0142ami bezpiecze\u0144stwa, dobra wsp\u00f3lnego i ochrony najs\u0142abszych.<\/p>\n<p class=\"article_p\" data-section=\"detail-body\">Nawrocki zapowiedzia\u0142 te\u017c, \u017ce w ciagu miesi\u0105ca przygotowuje sw\u00f3j projekt, kt\u00f3ry nie b\u0119dzie wprowadza\u0142 administrayjnej cenzury, ale b\u0119dzie chroni\u0142 dzieci przed nielegalnymi tre\u015bciami w internecie.<\/p>\n<p class=\"article_p\" data-section=\"detail-body\">\u2014 Wolno\u015b\u0107 s\u0142owa musi by\u0107 chorniona przez s\u0105dy \u2014 szybku, skutecznie i niezale\u017cnie \u2014 podkre\u015bli\u0142. Zwr\u00f3ci\u0142 si\u0119 te\u017c do ekspert\u00f3w i organizacji pozarz\u0105dowych o pomocy w przgotowaniu projektu.<\/p>\n<p>        Decyzja b\u0119dzie kontrolowa\u0142 s\u0105d<\/p>\n<p class=\"article_p\" data-section=\"detail-body\">Samo uzasadnienie prezydenta nie do ko\u0144ca zgadza si\u0119 tre\u015bci\u0105 ustawy, o kt\u00f3rej <a href=\"https:\/\/businessinsider.com.pl\/prawo\/blokowanie-tresci-w-internecie-pod-pelna-kontrola-sadu-prezydent-zdecyduje-o-wejsciu\/y53xfnw\" id=\"7f8c40a1-5bcf-4d50-86de-63ec1de7c664\" rel=\"nofollow noopener\" target=\"_blank\">pisali\u015bmy w szczeg\u00f3\u0142ach na \u0142amach Business Insider Polska.<\/a> Pierwotny projekt by\u0107 mo\u017ce <a href=\"https:\/\/businessinsider.com.pl\/prawo\/opinie\/cenzury-nie-bedzie-co-z-nieslusznie-zablokowanymi-tresciami-w-sieci-analiza\/y75h7p3\" id=\"4b004671-6ddc-4592-9527-89c2ff7b5713\" rel=\"nofollow noopener\" target=\"_blank\">budzi\u0142 kontrowersje<\/a>, na kt\u00f3re te\u017c zwracali uwag\u0119 sygnatariusze apelu, ale ostatecznie uchwalona ustawa ju\u017c nie.<\/p>\n<p class=\"article_p\" data-section=\"detail-body\">Po pierwsze Sejm przyj\u0105\u0142 poprawki Senatu, kt\u00f3re znios\u0142y rygor natychmiastowej wykonalno\u015bci decyzji. Dzi\u0119ki temu zwi\u0119kszono kontrol\u0119 s\u0105dow\u0105 nad procedur\u0105 blokowania tre\u015bci. Wniesienie sprzeciwu co do zasady wstrzymuje wykonanie decyzji \u2014 ma to zmniejszy\u0107 ryzyko nieodwracalnych skutk\u00f3w dla legalnych tre\u015bci.<\/p>\n<p class=\"article_p\" data-section=\"detail-body\">To oznacza, \u017ce decyzje o blokowaniu tre\u015bci b\u0119d\u0105 zawsze podlega\u0107 pe\u0142nej kontroli s\u0105dowej. Tre\u015bci b\u0119d\u0105 blokowane dopiero po up\u0142ywie terminu na z\u0142o\u017cenie sprzeciwu do s\u0105du.<\/p>\n<p class=\"article_p\" data-section=\"detail-body\">Procedura wydawania nakaz\u00f3w blokowania tre\u015bci ma dotyczy\u0107 \u015bci\u015ble okre\u015blonych przest\u0119pstw. Obejmie m.in.:<\/p>\n<ul class=\"article_ul\">\n<li class=\"article_ul_li\">handel lud\u017ami,<\/li>\n<li class=\"article_ul_li\">wykorzystywanie seksualne ma\u0142oletnich,<\/li>\n<li class=\"article_ul_li\">oszustwa internetowe,<\/li>\n<li class=\"article_ul_li\">kradzie\u017c to\u017csamo\u015bci,<\/li>\n<li class=\"article_ul_li\">zlecenie zab\u00f3jstwa<\/li>\n<li class=\"article_ul_li\">czy namawianie do samob\u00f3jstwa.<\/li>\n<\/ul>\n<p class=\"article_p\" data-section=\"detail-body\">Skargi mo\u017cna b\u0119dzie kierowa\u0107 do prezesa Urz\u0119du Komunikacji Elektronicznej, a teraz tak\u017ce do Krajowej Rady Radiofonii i Telewizji \u2014 w zakresie tre\u015bci publikowanych na platformach wideo oraz Urz\u0119du Ochrony Konkurencji i Konsument\u00f3w (UOKiK) \u2014 w zakresie platform e-commerce. Autor tre\u015bci b\u0119dzie stron\u0105 post\u0119powania z pe\u0142nym prawem do wyja\u015bnie\u0144 i odwo\u0142ania.<\/p>\n<p>        Wdro\u017cenie DSA w Polsce<\/p>\n<p class=\"article_p\" data-section=\"detail-body\">Akt o us\u0142ugach cyfrowych (Digital Services Act) to unijna regulacja stworzona po to, by chroni\u0107 prawa ludzi w starciu z gigantami pokroju TikToka, Instagrama czy YouTube\u2019a. Obecnie osoby pokrzywdzone lub ich rodzice mog\u0105 jedynie zg\u0142osi\u0107 nadu\u017cycie samej platformie internetowej i czeka\u0107, cz\u0119sto bez skutku, na reakcj\u0119 \u2014 lub wybra\u0107 jeszcze trudniejsz\u0105 \u015bcie\u017ck\u0119, czyli i\u015b\u0107 do s\u0105du.<\/p>\n<p class=\"article_p\" data-section=\"detail-body\">DSA zosta\u0142 ju\u017c wdro\u017cony przez takie kraje, jak Francja, W\u0142ochy, Estonia czy S\u0142owacja. Wsz\u0119dzie tam powo\u0142ano krajowe organy, do kt\u00f3rych \u2014 w razie nadu\u017cy\u0107 ze strony platform \u2014 mog\u0105 si\u0119 zg\u0142osi\u0107 obywatele i obywatelki tych kraj\u00f3w.<\/p>\n","protected":false},"excerpt":{"rendered":"&#8222;W tym tygodniu podpisa\u0142em kolejnych dwana\u015bcie ustaw przekazanych przez Marsza\u0142ka Sejmu. To wa\u017cne zmiany w kodeksie pracy, planach&hellip;\n","protected":false},"author":2,"featured_media":195979,"comment_status":"","ping_status":"","sticky":false,"template":"","format":"standard","meta":{"footnotes":""},"categories":[5],"tags":[32,33,36,37,27,34,35,28,31,25,42,38,40,39,41,29,30,26],"class_list":{"0":"post-195978","1":"post","2":"type-post","3":"status-publish","4":"format-standard","5":"has-post-thumbnail","7":"category-naglowki","8":"tag-breaking-news","9":"tag-breakingnews","10":"tag-featured-news","11":"tag-featurednews","12":"tag-headlines","13":"tag-latest-news","14":"tag-latestnews","15":"tag-naglowki","16":"tag-najwazniejsze-artykuly","17":"tag-news","18":"tag-pl","19":"tag-poland","20":"tag-polish","21":"tag-polska","22":"tag-polski","23":"tag-top-stories","24":"tag-topstories","25":"tag-wiadomosci"},"share_on_mastodon":{"url":"https:\/\/pubeurope.com\/@pl\/115865541915476200","error":""},"_links":{"self":[{"href":"https:\/\/www.europesays.com\/pl\/wp-json\/wp\/v2\/posts\/195978","targetHints":{"allow":["GET"]}}],"collection":[{"href":"https:\/\/www.europesays.com\/pl\/wp-json\/wp\/v2\/posts"}],"about":[{"href":"https:\/\/www.europesays.com\/pl\/wp-json\/wp\/v2\/types\/post"}],"author":[{"embeddable":true,"href":"https:\/\/www.europesays.com\/pl\/wp-json\/wp\/v2\/users\/2"}],"replies":[{"embeddable":true,"href":"https:\/\/www.europesays.com\/pl\/wp-json\/wp\/v2\/comments?post=195978"}],"version-history":[{"count":0,"href":"https:\/\/www.europesays.com\/pl\/wp-json\/wp\/v2\/posts\/195978\/revisions"}],"wp:featuredmedia":[{"embeddable":true,"href":"https:\/\/www.europesays.com\/pl\/wp-json\/wp\/v2\/media\/195979"}],"wp:attachment":[{"href":"https:\/\/www.europesays.com\/pl\/wp-json\/wp\/v2\/media?parent=195978"}],"wp:term":[{"taxonomy":"category","embeddable":true,"href":"https:\/\/www.europesays.com\/pl\/wp-json\/wp\/v2\/categories?post=195978"},{"taxonomy":"post_tag","embeddable":true,"href":"https:\/\/www.europesays.com\/pl\/wp-json\/wp\/v2\/tags?post=195978"}],"curies":[{"name":"wp","href":"https:\/\/api.w.org\/{rel}","templated":true}]}}