{"id":195986,"date":"2026-01-09T14:14:12","date_gmt":"2026-01-09T14:14:12","guid":{"rendered":"https:\/\/www.europesays.com\/pl\/195986\/"},"modified":"2026-01-09T14:14:12","modified_gmt":"2026-01-09T14:14:12","slug":"ukrainski-atak-rakietowy-na-bielgorod-miasto-spowilo-sie-w-ciemnosci","status":"publish","type":"post","link":"https:\/\/www.europesays.com\/pl\/195986\/","title":{"rendered":"Ukrai\u0144ski atak rakietowy na Bie\u0142gorod. Miasto spowi\u0142o si\u0119 w ciemno\u015bci"},"content":{"rendered":"<p>Si\u0142y ukrai\u0144skie przeprowadzi\u0142y atak rakietowy na Bie\u0142gorod, powoduj\u0105c &#8222;powa\u017cne szkody&#8221; w infrastrukturze energetycznej miasta. W pi\u0105tkowy poranek bez pr\u0105du i ogrzewania pozostaje ponad p\u00f3\u0142 miliona os\u00f3b.<\/p>\n<p>                         &#13;<br \/>\n        &#13;<\/p>\n<p>                                        &#13;<br \/>\n                        &#13;<br \/>\n                            <img decoding=\"async\" src=\"https:\/\/www.europesays.com\/pl\/wp-content\/uploads\/2026\/01\/000M6BNI9R6HYGB6-C123-F4.jpg\" title=\"Blackout w Bie\u0142gorodzie. Ukrai\u0144cy odci\u0119li Rosjan od pr\u0105du\" alt=\"Blackout w Bie\u0142gorodzie (screen z nagrania) \/@Tendar (X) \/\" class=\"img-responsive\"\/>&#13;<\/p>\n<p>                            &#13;<\/p>\n<p>      &#13;<br \/>\n                            Blackout w Bie\u0142gorodzie (screen z nagrania)&#13;<br \/>\n                                    \/@Tendar (X) \/   &#13;\n                                    <\/p>\n<p>&#13;<\/p>\n<p>Si\u0142y Zbrojne Ukrainy w czwartek wieczorem przeprowadzi\u0142y atak rakietowy na rosyjski obw\u00f3d bie\u0142gorodzki. Rosjanie informowali na Telegramie, \u017ce Kij\u00f3w trafi\u0142 w jedn\u0105 z podstacji energetycznych i elektrociep\u0142owni\u0119 \u0141ucz.<\/p>\n<p>W mediach spo\u0142eczno\u015bciowych pojawi\u0142y si\u0119 nagrania z Bie\u0142gorodu, na kt\u00f3rych s\u0142ycha\u0107 eksplozje, po czym miasto spowija si\u0119 w ciemno\u015bci.<\/p>\n<p>        Telegram<\/p>\n<p>Gubernator obwodu bie\u0142gorodzkiego Wiaczes\u0142aw G\u0142adkow przekaza\u0142 w pi\u0105tkowy poranek, \u017ce na terenie sze\u015bciu osiedli miejskich bez pr\u0105du jest ponad 550 tys. os\u00f3b.<\/p>\n<p>&#8222;Prawie tyle samo os\u00f3b jest bez ogrzewania. (&#8230;) Prawie 200 tys. os\u00f3b nie ma dost\u0119pu do wody i kanalizacji&#8221; &#8211; doda\u0142.<\/p>\n<p>        Telegram<\/p>\n<p>Szef w\u0142adz regionu zaznaczy\u0142, \u017ce liczne ekipy techniczne pracuj\u0105 nad przywr\u00f3ceniem energii elektrycznej.\u00a0&#8222;Pod\u0142\u0105czane s\u0105 rezerwowe \u017ar\u00f3d\u0142a zasilania, kt\u00f3re instalowali\u015bmy w ci\u0105gu kilku ostatnich miesi\u0119cy&#8221; &#8211; poinformowa\u0142.<\/p>\n<p>&#8222;Trwaj\u0105 prace naprawcze tam, gdzie jest to mo\u017cliwe. (&#8230;)\u00a0Sytuacja jest niezwykle trudna&#8221; &#8211; zaznaczy\u0142.<\/p>\n","protected":false},"excerpt":{"rendered":"Si\u0142y ukrai\u0144skie przeprowadzi\u0142y atak rakietowy na Bie\u0142gorod, powoduj\u0105c &#8222;powa\u017cne szkody&#8221; w infrastrukturze energetycznej miasta. W pi\u0105tkowy poranek bez&hellip;\n","protected":false},"author":2,"featured_media":195987,"comment_status":"","ping_status":"","sticky":false,"template":"","format":"standard","meta":{"footnotes":""},"categories":[14],"tags":[32,33,27,34,35,28,31,25,40,41,80,29,30,26,82,83,84],"class_list":{"0":"post-195986","1":"post","2":"type-post","3":"status-publish","4":"format-standard","5":"has-post-thumbnail","7":"category-swiat","8":"tag-breaking-news","9":"tag-breakingnews","10":"tag-headlines","11":"tag-latest-news","12":"tag-latestnews","13":"tag-naglowki","14":"tag-najwazniejsze-artykuly","15":"tag-news","16":"tag-polish","17":"tag-polski","18":"tag-swiat","19":"tag-top-stories","20":"tag-topstories","21":"tag-wiadomosci","22":"tag-world","23":"tag-world-news","24":"tag-worldnews"},"share_on_mastodon":{"url":"https:\/\/pubeurope.com\/@pl\/115865561608299932","error":""},"_links":{"self":[{"href":"https:\/\/www.europesays.com\/pl\/wp-json\/wp\/v2\/posts\/195986","targetHints":{"allow":["GET"]}}],"collection":[{"href":"https:\/\/www.europesays.com\/pl\/wp-json\/wp\/v2\/posts"}],"about":[{"href":"https:\/\/www.europesays.com\/pl\/wp-json\/wp\/v2\/types\/post"}],"author":[{"embeddable":true,"href":"https:\/\/www.europesays.com\/pl\/wp-json\/wp\/v2\/users\/2"}],"replies":[{"embeddable":true,"href":"https:\/\/www.europesays.com\/pl\/wp-json\/wp\/v2\/comments?post=195986"}],"version-history":[{"count":0,"href":"https:\/\/www.europesays.com\/pl\/wp-json\/wp\/v2\/posts\/195986\/revisions"}],"wp:featuredmedia":[{"embeddable":true,"href":"https:\/\/www.europesays.com\/pl\/wp-json\/wp\/v2\/media\/195987"}],"wp:attachment":[{"href":"https:\/\/www.europesays.com\/pl\/wp-json\/wp\/v2\/media?parent=195986"}],"wp:term":[{"taxonomy":"category","embeddable":true,"href":"https:\/\/www.europesays.com\/pl\/wp-json\/wp\/v2\/categories?post=195986"},{"taxonomy":"post_tag","embeddable":true,"href":"https:\/\/www.europesays.com\/pl\/wp-json\/wp\/v2\/tags?post=195986"}],"curies":[{"name":"wp","href":"https:\/\/api.w.org\/{rel}","templated":true}]}}