{"id":195988,"date":"2026-01-09T14:15:10","date_gmt":"2026-01-09T14:15:10","guid":{"rendered":"https:\/\/www.europesays.com\/pl\/195988\/"},"modified":"2026-01-09T14:15:10","modified_gmt":"2026-01-09T14:15:10","slug":"egzekucja-pershinga-kryje-tajemnice-jego-zabojca-wyszedl-na-wolnosc","status":"publish","type":"post","link":"https:\/\/www.europesays.com\/pl\/195988\/","title":{"rendered":"Egzekucja &#8222;Pershinga&#8221; kryje tajemnice. Jego zab\u00f3jca wyszed\u0142 na wolno\u015b\u0107"},"content":{"rendered":"<p class=\"ods-c-paragraph \">&#8222;Pershing&#8221; po raz pierwszy mia\u0142 zgin\u0105\u0107 w 1994 r. Po tym, jak sta\u0142 si\u0119 presti\u017cow\u0105 postaci\u0105 w mafijnym p\u00f3\u0142\u015bwiatku, zacz\u0105\u0142 przeszkadza\u0107 konkurencji z gangu prasko-wo\u0142omi\u0144skiego. Najpierw kto\u015b pod\u0142o\u017cy\u0142 bomb\u0119 w pubie, w kt\u00f3rym Kolikowski akurat mia\u0142 przebywa\u0107. Okaza\u0142o si\u0119 jednak, \u017ce zab\u00f3jcy \u017ale obliczyli czas i zanim gangster przyszed\u0142 do lokalu, pod\u0142o\u017cony tam trotyl eksplodowa\u0142.<\/p>\n<p class=\"ods-c-paragraph \">Kolejny zamach na mafijnego bossa to strzelanina w pobli\u017cu jego rezydencji w O\u017carowie. &#8222;Pershingowi&#8221; nic si\u0119 nie sta\u0142o, ranny zosta\u0142 ochroniarz. Wymkn\u0105\u0142 si\u0119 \u015bmierci r\u00f3wnie\u017c po tym, jak na parkingu przy torze S\u0142u\u017cewiec zdetonowano \u0142adunek wybuchowy w jego samochodzie. Nie zd\u0105\u017cy\u0142 do niego wsi\u0105\u015b\u0107. Nast\u0119pna pr\u00f3ba zlikwidowania niewygodnego bossa z konkurencyjnego gangu okaza\u0142a si\u0119 udana.<\/p>\n<p>Dalszy ci\u0105g artyku\u0142u pod materia\u0142em wideo<\/p>\n<p> Kiedy zgin\u0105\u0142 Andrzej Kolikowski? <\/p>\n<p> Jakie by\u0142y okoliczno\u015bci \u015bmierci 'Pershinga&#8217;? <\/p>\n<p> Kto zabi\u0142 'Pershinga&#8217;? <\/p>\n<p> Dlaczego Ryszard Bogucki zmieni\u0142 nazwisko przed wyj\u015bciem na wolno\u015b\u0107? <\/p>\n<p>  &#8222;Pershing&#8221;. Biznesmen w \u015bwiecie gangster\u00f3w<\/p>\n<p class=\"ods-c-paragraph \">Andrzej Kolikowski w latach 90. kreowa\u0142 si\u0119 na biznesmena, w rzeczywisto\u015bci by\u0142 wa\u017cn\u0105 postaci\u0105 polskiej mafii. Przewodzi\u0142 tzw. grupie o\u017carowskiej, wsp\u00f3\u0142pracowa\u0142 te\u017c z mafi\u0105 pruszkowsk\u0105. Z zawodu mechanik samochodowy, w latach 70. pracowa\u0142 w o\u017carowskiej fabryce kabli. Kontakty ze \u015bwiatem przest\u0119pczym mia\u0142 nawi\u0105za\u0107 w Niemczech, gdzie zarabia\u0142 na otwarcie w\u0142asnej dzia\u0142alno\u015bci. W latach 80. otworzy\u0142 przynosz\u0105cy wysokie dochody dom gry. Sam gra\u0142 te\u017c w kasynie i obstawia\u0142 wyniki na wy\u015bcigach konnych. Sta\u0142 si\u0119 niekoronowanym kr\u00f3lem warszawskiego hazardu. Z czasem zaanga\u017cowa\u0142 si\u0119 w dzia\u0142alno\u015b\u0107 grupy o\u017carowskiej, kt\u00f3ra zajmowa\u0142a si\u0119 g\u0142\u00f3wnie wymuszaniem haraczy.<\/p>\n<p class=\"ods-c-paragraph \">Jego rosn\u0105cy w \u015bwiecie przest\u0119pczym presti\u017c zacz\u0105\u0142 w pewnym momencie przeszkadza\u0107 konkurencji \u2014 gangowi prasko-wo\u0142omi\u0144skiemu. St\u0105d seria zamach\u00f3w na jego \u017cycie.<\/p>\n<p><img decoding=\"async\" src=\"https:\/\/www.europesays.com\/pl\/wp-content\/uploads\/2026\/01\/KkLk9lBaHR0cHM6Ly9vY2RuLmV1L3B1bHNjbXMvTURBXy9iNzhjZjgzMTk3ZDFmMDVlZjg0NzFkZDg0MzZkYTkxOC5qcGeRlQLNB.jpeg\" height=\"589\" width=\"940\" alt=\"Ryszard Bogucki na sali s\u0105dowej\" loading=\"lazy\" class=\"ods-c-image__img ods-c-image__img--viewport-width\"\/><\/p>\n<p>Ryszard Bogucki na sali s\u0105dowejAndrzej Grygiel \/ PAP<\/p>\n<p> Egzekucja &#8222;Pershinga&#8221; w Zakopanem<\/p>\n<p class=\"ods-c-paragraph \">Do ostatecznej egzekucji dosz\u0142o 5 grudnia 1999 r. na Polanie Szymoszkowej ko\u0142o hotelu Kasprowy w Zakopanem. Kolikowski sp\u0119dza\u0142 tam weekend ze swoj\u0105 partnerk\u0105, studentk\u0105. W\u0142a\u015bnie pakowa\u0142 narty do baga\u017cnika samochodu, kiedy podesz\u0142o do niego dw\u00f3ch zamaskowanych m\u0119\u017cczyzn. Zacz\u0119li strzela\u0107, najpierw w powietrze, p\u00f3\u017aniej do &#8222;Pershinga&#8221;, zabijaj\u0105c go na miejscu.<\/p>\n<p class=\"ods-c-paragraph \">Wed\u0142ug \u017ar\u00f3de\u0142 ju\u017c po strzelaninie towarzyszka &#8222;Pershinga&#8221; mia\u0142a podbiec do le\u017c\u0105cego partnera, wyj\u0105\u0107 jego telefon kom\u00f3rkowy i zniszczy\u0107 kart\u0119 SIM. M\u00f3wi\u0142a potem policji, \u017ce zrobi\u0142a to bezwiednie. &#8222;Chocia\u017c te t\u0142umaczenia brzmia\u0142y naiwnie, nie postawiono jej zarzutu wsp\u00f3\u0142udzia\u0142u&#8221; \u2014 pisz\u0105 autorzy ksi\u0105\u017cki &#8222;Nowy alfabet mafii&#8221;, Ewa Ornacka i Piotr Pytlakowski.<\/p>\n<p class=\"ods-c-paragraph \">Za wykonanie zlecenia zabicia &#8222;Pershinga&#8221; skazano w 2007 r. na 25 lat wi\u0119zienia Ryszarda Boguckiego \u2014 biznesmena i gangstera ze \u015al\u0105ska. Ten sam cz\u0142owiek by\u0142 te\u017c oskar\u017cany o udzia\u0142 w zab\u00f3jstwie gen. Marka Papa\u0142y \u2014 by\u0142ego Komendanta G\u0142\u00f3wnego Policji. W 2013 r. zar\u00f3wno on, jak i inny znany gangster \u2014 Andrzej Zieli\u0144ski ps. &#8222;S\u0142owik&#8221; \u2014 zostali od tego zarzutu uniewinnieni.<\/p>\n<p><img decoding=\"async\" src=\"https:\/\/www.europesays.com\/pl\/wp-content\/uploads\/2026\/01\/6cTk9lBaHR0cHM6Ly9vY2RuLmV1L3B1bHNjbXMvTURBXy9iMTYyOTI1YmJjNWFiNTc4YzUyMjczNDIzZjQ4M2I4MC5qcGeRlQLNB.jpeg\" height=\"617\" width=\"940\" alt=\"Proces w sprawie zab\u00f3jstwa &quot;Pershinga&quot; (2006 r.)\" loading=\"lazy\" class=\"ods-c-image__img ods-c-image__img--viewport-width\"\/><\/p>\n<p>Proces w sprawie zab\u00f3jstwa &#8222;Pershinga&#8221; (2006 r.)PAP<\/p>\n<p> Ryszard Bogucki wyszed\u0142 na wolno\u015b\u0107. Zmieni\u0142 nazwisko<\/p>\n<p class=\"ods-c-paragraph \">Ryszard Bogucki dosta\u0142 pozwolenie s\u0105du na wcze\u015bniejsze zwolnienie z zak\u0142adu karnego, decyzj\u0105 z 2022 r., kt\u00f3rej wykonanie zosta\u0142o jednak wstrzymane. Ostatecznie by\u0142y biznesmen opu\u015bci\u0142 wi\u0119zienie 8 stycznia 2026 r. \u2014 Dzisiaj to jest pierwszy dzie\u0144 reszty mojego \u017cycia. To jest przede wszystkim czas dla moich bliskich, dla mojej rodziny \u2014 powiedzia\u0142 zgromadzonym przed wi\u0119zienn\u0105 bram\u0105 dziennikarzom. Czeka\u0142a tam na niego r\u00f3wnie\u017c grupa cz\u0142onk\u00f3w rodziny i znajomych oraz adwokaci.<\/p>\n<p class=\"ods-c-paragraph \">Kr\u00f3tko przed wyj\u015bciem na wolno\u015b\u0107, Bogucki zdecydowa\u0142 si\u0119 na zmian\u0119 nazwiska. W s\u0105dzie argumentowa\u0142, i\u017c nie chce by\u0107 kojarzony z lud\u017ami z polskiej polityki, kt\u00f3rzy nosz\u0105 takie samo \u2014 chodzi o Zbigniewa Boguckiego, b\u0119d\u0105cego szefem kancelarii prezydenta Karola Nawrockiego, pos\u0142a PiS Jacka Boguckiego oraz jego \u017con\u0119, senator Ann\u0119 Boguck\u0105.<\/p>\n<p class=\"ods-c-paragraph \">Poprosi\u0142 jednocze\u015bnie by nie ujawnia\u0107 jego nowego nazwiska.<\/p>\n","protected":false},"excerpt":{"rendered":"&#8222;Pershing&#8221; po raz pierwszy mia\u0142 zgin\u0105\u0107 w 1994 r. Po tym, jak sta\u0142 si\u0119 presti\u017cow\u0105 postaci\u0105 w mafijnym&hellip;\n","protected":false},"author":2,"featured_media":195989,"comment_status":"","ping_status":"","sticky":false,"template":"","format":"standard","meta":{"footnotes":""},"categories":[12],"tags":[34506,32,33,36,37,37897,27,49,34,35,28,31,48,25,46,42,38,40,39,41,34504,47,29,30,26,411],"class_list":{"0":"post-195988","1":"post","2":"type-post","3":"status-publish","4":"format-standard","5":"has-post-thumbnail","7":"category-polska","8":"tag-andrzej_kolikowski_ps_pershing_","9":"tag-breaking-news","10":"tag-breakingnews","11":"tag-featured-news","12":"tag-featurednews","13":"tag-gangsterzy","14":"tag-headlines","15":"tag-kraj","16":"tag-latest-news","17":"tag-latestnews","18":"tag-naglowki","19":"tag-najwazniejsze-artykuly","20":"tag-nat_styl","21":"tag-news","22":"tag-omp","23":"tag-pl","24":"tag-poland","25":"tag-polish","26":"tag-polska","27":"tag-polski","28":"tag-ryszard_bogucki","29":"tag-screening_general","30":"tag-top-stories","31":"tag-topstories","32":"tag-wiadomosci","33":"tag-zabojstwo"},"share_on_mastodon":{"url":"https:\/\/pubeurope.com\/@pl\/115865565607251301","error":""},"_links":{"self":[{"href":"https:\/\/www.europesays.com\/pl\/wp-json\/wp\/v2\/posts\/195988","targetHints":{"allow":["GET"]}}],"collection":[{"href":"https:\/\/www.europesays.com\/pl\/wp-json\/wp\/v2\/posts"}],"about":[{"href":"https:\/\/www.europesays.com\/pl\/wp-json\/wp\/v2\/types\/post"}],"author":[{"embeddable":true,"href":"https:\/\/www.europesays.com\/pl\/wp-json\/wp\/v2\/users\/2"}],"replies":[{"embeddable":true,"href":"https:\/\/www.europesays.com\/pl\/wp-json\/wp\/v2\/comments?post=195988"}],"version-history":[{"count":0,"href":"https:\/\/www.europesays.com\/pl\/wp-json\/wp\/v2\/posts\/195988\/revisions"}],"wp:featuredmedia":[{"embeddable":true,"href":"https:\/\/www.europesays.com\/pl\/wp-json\/wp\/v2\/media\/195989"}],"wp:attachment":[{"href":"https:\/\/www.europesays.com\/pl\/wp-json\/wp\/v2\/media?parent=195988"}],"wp:term":[{"taxonomy":"category","embeddable":true,"href":"https:\/\/www.europesays.com\/pl\/wp-json\/wp\/v2\/categories?post=195988"},{"taxonomy":"post_tag","embeddable":true,"href":"https:\/\/www.europesays.com\/pl\/wp-json\/wp\/v2\/tags?post=195988"}],"curies":[{"name":"wp","href":"https:\/\/api.w.org\/{rel}","templated":true}]}}