{"id":195990,"date":"2026-01-09T14:16:12","date_gmt":"2026-01-09T14:16:12","guid":{"rendered":"https:\/\/www.europesays.com\/pl\/195990\/"},"modified":"2026-01-09T14:16:12","modified_gmt":"2026-01-09T14:16:12","slug":"klopoty-igi-swiatek-lzy-na-jej-twarzy-nie-dalo-sie-tego-ukryc-przeglad-sportowy-onet","status":"publish","type":"post","link":"https:\/\/www.europesays.com\/pl\/195990\/","title":{"rendered":"K\u0142opoty Igi \u015awi\u0105tek, \u0142zy na jej twarzy! Nie da\u0142o si\u0119 tego ukry\u0107 &#8211; Przegl\u0105d Sportowy Onet"},"content":{"rendered":"<ol>\n<li><a href=\"https:\/\/news.google.com\/rss\/articles\/CBMirAFBVV95cUxPSjRNZ29FNjB3WHpmcTZHMWZiSWlMNk43QlBad3FxT1k1aUFCeWd1Umh3Z3R1X0VUMU83MHpTMVNvQmpaTHVGcUhTZnA3RW5Ga3BxUE9sTnFrako3WlJyVzcxcjNDRm13ZkE5bG9Rcnd2M1ZqaDhfSEU4c2hjMzlJZG42NDdMaENISkhRLWQ1QmRraFFqOEVOYnJBM21NS3I5dlB0cVU3dk16TDVa?oc=5\" target=\"_blank\" rel=\"nofollow noopener\">K\u0142opoty Igi \u015awi\u0105tek, \u0142zy na jej twarzy! Nie da\u0142o si\u0119 tego ukry\u0107<\/a>&nbsp;&nbsp;Przegl\u0105d Sportowy Onet<\/li>\n<li><a href=\"https:\/\/news.google.com\/rss\/articles\/CBMiwgFBVV95cUxPYnV5ODBwaDZ2VVlkMi1POWJqUGl2UkZYRW5HOEF1d2d1M2RlYkRLUVlhak1CNUVMUDdiR3U4UUhrM0VnMkNDd3RUZ0J1MHVvT01HazB0UDJFc1dyNXJUd1ROa0hnQlZwS1BBYU96a3FHWFAzbl9FWlJ5U1NxbGY4dnpXLWdwbVpUNFBkeGdGVG15R09CdE1CbDVzeEo5dzczZElCOHVlSlBESXNBZmNMZlk2RWc4bGRRUTlVSjcwcjFwUQ?oc=5\" target=\"_blank\" rel=\"nofollow noopener\">Wielka Iga \u015awi\u0105tek, Polska jedn\u0105 nog\u0105 w p\u00f3\u0142finale! W jednej chwili fani zamarli<\/a>&nbsp;&nbsp;Przegl\u0105d Sportowy Onet<\/li>\n<li><a href=\"https:\/\/news.google.com\/rss\/articles\/CBMiiwFBVV95cUxOZlFDelE3bUZKaUNUcXNiaDUweTIwakNLYTN3RkowbFZZallQeFlyUjhwVUZIRExXeG1lUzFzeS1VYk9vNXgtWEZnRFdCNWdCWlZEUXVrZHVfaHBQOUNad1R3VVhFdnU0MU9kalUzeUpfNGtQcVN3Z3FMTjNKclJ0QVl1NkE5OGZianow?oc=5\" target=\"_blank\" rel=\"nofollow noopener\">Popis si\u0142 \u015awi\u0105tek. Tak zdominowa\u0142a rywalk\u0119<\/a>&nbsp;&nbsp;SportoweFakty<\/li>\n<li><a href=\"https:\/\/news.google.com\/rss\/articles\/CBMitgFBVV95cUxPYjNNOFByZXd6SVhvbG0tcFpVdnpEQkFSSlVQamJlSVJkb0x3MDlXN3BsZkRZN0wycXRiU3hneVpGdHdKRGhvUEtndHMwWGY4cVh4OUp4dlJhSnVwX1NKUGNsc1QxTFlnQUhuQnZYQkk1SWN3cDFlODdMOXBfd0wzOFY1Q2pMYXVwejFZS1dTUEhuVUI1NTBHZm9vWTFvbVcwX0VIUWtvd2VoVG1fMTFrUEwwX05ZUQ?oc=5\" target=\"_blank\" rel=\"nofollow noopener\">Ledwo sko\u0144czy\u0142 si\u0119 mecz, a tu taki komunikat ws. \u015awi\u0105tek. WTA og\u0142asza<\/a>&nbsp;&nbsp;Sport w INTERIA.PL<\/li>\n<li><a href=\"https:\/\/news.google.com\/rss\/articles\/CBMiswFBVV95cUxPMGZ5VVhrS3RkYWUzelllV3g4M1ZiWF9FMXdXaVdMZGtaVTV4LUtzdmlRYkJOTHhxVWlMY3l2SHRuX1B2YVpadTNrSzRyTWZrNkhVOTJRU2xrTVQ3UEk4MzNmclJ4UC0xMVRyeFJsVnhWWnhSVkNTc1c5ZGRiX29ETjVPYU1vNTUzVUhMM3Bha1JQN29CZWY3cEpuTEk1aF9BVDJvWDJYUDd6b2lIUFNucXU4WQ?oc=5\" target=\"_blank\" rel=\"nofollow noopener\">Nokaut w meczu \u015awi\u0105tek! \u0141zy polskiej tenisistki. 'Co\u015b niepokoj\u0105cego&#8217; Tenis<\/a>&nbsp;&nbsp;Sport.pl<\/li>\n<\/ol>\n","protected":false},"excerpt":{"rendered":"K\u0142opoty Igi \u015awi\u0105tek, \u0142zy na jej twarzy! Nie da\u0142o si\u0119 tego ukry\u0107&nbsp;&nbsp;Przegl\u0105d Sportowy Onet Wielka Iga \u015awi\u0105tek, Polska&hellip;\n","protected":false},"author":2,"featured_media":195991,"comment_status":"","ping_status":"","sticky":false,"template":"","format":"standard","meta":{"footnotes":""},"categories":[5],"tags":[32,33,36,37,27,252,67,34,35,28,31,25,42,38,40,39,41,136,128,47,135,156,29,30,13444,26,130],"class_list":{"0":"post-195990","1":"post","2":"type-post","3":"status-publish","4":"format-standard","5":"has-post-thumbnail","7":"category-naglowki","8":"tag-breaking-news","9":"tag-breakingnews","10":"tag-featured-news","11":"tag-featurednews","12":"tag-headlines","13":"tag-iga_swiatek","14":"tag-intextvideo_splayer","15":"tag-latest-news","16":"tag-latestnews","17":"tag-naglowki","18":"tag-najwazniejsze-artykuly","19":"tag-news","20":"tag-pl","21":"tag-poland","22":"tag-polish","23":"tag-polska","24":"tag-polski","25":"tag-ps_detal_new","26":"tag-psv2","27":"tag-screening_general","28":"tag-sport_sport","29":"tag-tenis","30":"tag-top-stories","31":"tag-topstories","32":"tag-united_cup","33":"tag-wiadomosci","34":"tag-wiadomosci_sportowe"},"share_on_mastodon":{"url":"https:\/\/pubeurope.com\/@pl\/115865569493891093","error":""},"_links":{"self":[{"href":"https:\/\/www.europesays.com\/pl\/wp-json\/wp\/v2\/posts\/195990","targetHints":{"allow":["GET"]}}],"collection":[{"href":"https:\/\/www.europesays.com\/pl\/wp-json\/wp\/v2\/posts"}],"about":[{"href":"https:\/\/www.europesays.com\/pl\/wp-json\/wp\/v2\/types\/post"}],"author":[{"embeddable":true,"href":"https:\/\/www.europesays.com\/pl\/wp-json\/wp\/v2\/users\/2"}],"replies":[{"embeddable":true,"href":"https:\/\/www.europesays.com\/pl\/wp-json\/wp\/v2\/comments?post=195990"}],"version-history":[{"count":0,"href":"https:\/\/www.europesays.com\/pl\/wp-json\/wp\/v2\/posts\/195990\/revisions"}],"wp:featuredmedia":[{"embeddable":true,"href":"https:\/\/www.europesays.com\/pl\/wp-json\/wp\/v2\/media\/195991"}],"wp:attachment":[{"href":"https:\/\/www.europesays.com\/pl\/wp-json\/wp\/v2\/media?parent=195990"}],"wp:term":[{"taxonomy":"category","embeddable":true,"href":"https:\/\/www.europesays.com\/pl\/wp-json\/wp\/v2\/categories?post=195990"},{"taxonomy":"post_tag","embeddable":true,"href":"https:\/\/www.europesays.com\/pl\/wp-json\/wp\/v2\/tags?post=195990"}],"curies":[{"name":"wp","href":"https:\/\/api.w.org\/{rel}","templated":true}]}}