{"id":195998,"date":"2026-01-09T14:22:08","date_gmt":"2026-01-09T14:22:08","guid":{"rendered":"https:\/\/www.europesays.com\/pl\/195998\/"},"modified":"2026-01-09T14:22:08","modified_gmt":"2026-01-09T14:22:08","slug":"spotkanie-premiera-tuska-z-prezydentem-nawrockim","status":"publish","type":"post","link":"https:\/\/www.europesays.com\/pl\/195998\/","title":{"rendered":"Spotkanie premiera Tuska z prezydentem Nawrockim"},"content":{"rendered":"<p class=\"ods-c-paragraph \">Briefing premiera Donalda Tuska zaplanowano na godz. 15.<\/p>\n<p> Jakie tematy b\u0119d\u0105 poruszane podczas spotkania Tuska i Nawrockiego? <\/p>\n<p> O kt\u00f3rej godzinie planowany jest briefing premiera Tuska? <\/p>\n<p> Kto zapowiedzia\u0142, \u017ce rozmowa dotyczy sytuacji w Ukrainie? <\/p>\n<p> W jakiej formule odb\u0119dzie si\u0119 spotkanie Tusk-Nawrocki? <\/p>\n<p class=\"ods-c-paragraph \">Przed po\u0142udniem rzecznik prezydenta Rafa\u0142 Le\u015bkiewicz powiedzia\u0142, \u017ce rozmowa b\u0119dzie dotyczy\u0142a m.in. bezpiecze\u0144stwa i sytuacji w Ukrainie. Doda\u0142, \u017ce na spotkaniu poruszona zostanie te\u017c kwestia pi\u0105tkowych protest\u00f3w rolnik\u00f3w w Warszawie.<\/p>\n<p class=\"ods-c-paragraph \">Wcze\u015bniej szef prezydenckiego Biura Polityki Mi\u0119dzynarodowej Marcin Przydacz przekaza\u0142, \u017ce spotkanie odb\u0119dzie si\u0119 w formule jeden na jeden. \u2014 To spotkanie jest bez udzia\u0142u fotoreporter\u00f3w. Postaramy si\u0119 to tak zorganizowa\u0107, \u017ceby by\u0142o maksymalnie sprawnie i tre\u015bciwie \u2014 <a href=\"https:\/\/wiadomosci.onet.pl\/kraj\/spotkanie-karol-nawrockidonald-tusk-jest-potwierdzenie-z-palacu-prezydenckiego\/dsqwkxg\" id=\"87535ac6-9d23-4343-a436-7713a941eef3\" rel=\"nofollow noopener\" target=\"_blank\">zapowiada\u0142<\/a>.<\/p>\n<p class=\"ods-c-paragraph \">Premier Tusk poinformowa\u0142 po wtorkowym szczycie &#8222;koalicji ch\u0119tnych&#8221; w Pary\u017cu, \u017ce jeszcze w tym tygodniu porozmawia z prezydentem Karolem Nawrockim &#8222;o tym, jaka jest rola dla prezydenta, a jaka dla rz\u0105du w procesie maj\u0105cym zapewni\u0107 Ukrainie gwarancje bezpiecze\u0144stwa po zawieszeniu broni&#8221;. Zar\u00f3wno prezydent, jak i premier uczestnicz\u0105 w rozmowach \u015bwiatowych przyw\u00f3dc\u00f3w dotycz\u0105cych Ukrainy.<\/p>\n","protected":false},"excerpt":{"rendered":"Briefing premiera Donalda Tuska zaplanowano na godz. 15. Jakie tematy b\u0119d\u0105 poruszane podczas spotkania Tuska i Nawrockiego? O&hellip;\n","protected":false},"author":2,"featured_media":195999,"comment_status":"","ping_status":"","sticky":false,"template":"","format":"standard","meta":{"footnotes":""},"categories":[12],"tags":[32,33,212,36,37,27,43,49,34,35,28,31,48,25,46,42,38,40,39,41,47,29,30,26],"class_list":{"0":"post-195998","1":"post","2":"type-post","3":"status-publish","4":"format-standard","5":"has-post-thumbnail","7":"category-polska","8":"tag-breaking-news","9":"tag-breakingnews","10":"tag-donald_tusk","11":"tag-featured-news","12":"tag-featurednews","13":"tag-headlines","14":"tag-karol_nawrocki","15":"tag-kraj","16":"tag-latest-news","17":"tag-latestnews","18":"tag-naglowki","19":"tag-najwazniejsze-artykuly","20":"tag-nat_styl","21":"tag-news","22":"tag-omp","23":"tag-pl","24":"tag-poland","25":"tag-polish","26":"tag-polska","27":"tag-polski","28":"tag-screening_general","29":"tag-top-stories","30":"tag-topstories","31":"tag-wiadomosci"},"share_on_mastodon":{"url":"https:\/\/pubeurope.com\/@pl\/115865593100846249","error":""},"_links":{"self":[{"href":"https:\/\/www.europesays.com\/pl\/wp-json\/wp\/v2\/posts\/195998","targetHints":{"allow":["GET"]}}],"collection":[{"href":"https:\/\/www.europesays.com\/pl\/wp-json\/wp\/v2\/posts"}],"about":[{"href":"https:\/\/www.europesays.com\/pl\/wp-json\/wp\/v2\/types\/post"}],"author":[{"embeddable":true,"href":"https:\/\/www.europesays.com\/pl\/wp-json\/wp\/v2\/users\/2"}],"replies":[{"embeddable":true,"href":"https:\/\/www.europesays.com\/pl\/wp-json\/wp\/v2\/comments?post=195998"}],"version-history":[{"count":0,"href":"https:\/\/www.europesays.com\/pl\/wp-json\/wp\/v2\/posts\/195998\/revisions"}],"wp:featuredmedia":[{"embeddable":true,"href":"https:\/\/www.europesays.com\/pl\/wp-json\/wp\/v2\/media\/195999"}],"wp:attachment":[{"href":"https:\/\/www.europesays.com\/pl\/wp-json\/wp\/v2\/media?parent=195998"}],"wp:term":[{"taxonomy":"category","embeddable":true,"href":"https:\/\/www.europesays.com\/pl\/wp-json\/wp\/v2\/categories?post=195998"},{"taxonomy":"post_tag","embeddable":true,"href":"https:\/\/www.europesays.com\/pl\/wp-json\/wp\/v2\/tags?post=195998"}],"curies":[{"name":"wp","href":"https:\/\/api.w.org\/{rel}","templated":true}]}}