{"id":196021,"date":"2026-01-09T14:36:07","date_gmt":"2026-01-09T14:36:07","guid":{"rendered":"https:\/\/www.europesays.com\/pl\/196021\/"},"modified":"2026-01-09T14:36:07","modified_gmt":"2026-01-09T14:36:07","slug":"spotkanie-tusk-nawrocki-jest-pierwsza-reakcja-z-palacu-prezydenckiego","status":"publish","type":"post","link":"https:\/\/www.europesays.com\/pl\/196021\/","title":{"rendered":"Spotkanie Tusk-Nawrocki. Jest pierwsza reakcja z Pa\u0142acu Prezydenckiego"},"content":{"rendered":"<p class=\"ods-c-paragraph \">Rzecznik podkre\u015bli\u0142, \u017ce spotkanie przebieg\u0142o w &#8222;konstruktywnej i merytorycznej atmosferze&#8221;. \u2014 Obaj panowie okre\u015blili te\u017c swoje zadania w zakresie negocjacji dotycz\u0105cych pokoju w Ukrainie. Ten format, kt\u00f3ry obejmuje bezpo\u015brednie rozmowy z naszym sojusznikiem ameryka\u0144skim, z prezydentem Donaldem Trumpem to domena prezydenta Karola Nawrockiego. Natomiast udzia\u0142 w koalicji ch\u0119tnych, rozmowy na poziomie europejskim to domena Donalda Tuska \u2014 oznajmi\u0142.<\/p>\n<p>Dalszy ci\u0105g artyku\u0142u pod materia\u0142em wideo<\/p>\n<p> Jakie by\u0142y g\u0142\u00f3wne tematy spotkania Nawrockiego z Tuskiem? <\/p>\n<p> Kt\u00f3re kwestie dotycz\u0105ce Ukrainy omawiano podczas rozmowy? <\/p>\n<p> Kto odpowiada za bezpo\u015brednie rozmowy z prezydentem USA? <\/p>\n<p> Czy podczas spotkania poruszano tematy polityki krajowej? <\/p>\n<p>  Zako\u0144czy\u0142o si\u0119 spotkanie Tusk-Nawrocki. S\u0105 pierwsze szczeg\u00f3\u0142y<\/p>\n<p class=\"ods-c-paragraph \">\u2014 Pan prezydent i pan premier podczas rozmowy, kt\u00f3ra trwa\u0142a ponad godzin\u0119, rozmawiali o tych 20 punktach pokoju w Ukrainie, o tym, co obecnie jest na stole, jakie maj\u0105 w\u0105tpliwo\u015bci, o tym, w jaki spos\u00f3b dalej prowadzi\u0107 rozmowy dotycz\u0105ce zako\u0144czenia wojny w Ukrainie. Panowie zgodnie podkre\u015blili, \u017ce &#8222;nic o Ukrainie bez Ukrainy&#8221; i ten pok\u00f3j w Ukrainie musi by\u0107 zawarty na warunkach akceptowalnych dla Ukrainy \u2014 doda\u0142 Le\u015bkiewicz. Nawrocki podczas rozm\u00f3w mia\u0142 tak\u017ce ponownie zaznaczy\u0107, \u017ce Rosji i W\u0142adimirowi Putinowi nie nale\u017cy ufa\u0107 oraz \u017ce w negocjacjach nale\u017cy zwraca\u0107 uwag\u0119 &#8222;nie tylko na gesty i s\u0142owa Putina, ale na to, co rzeczywi\u015bcie Putin i Rosja robi\u0105&#8221;.<\/p>\n<p class=\"ods-c-paragraph \">Rzecznik zaznaczy\u0142, \u017ce podczas rozmowy nie podejmowano kwestii dotycz\u0105cych spraw bie\u017c\u0105cych i polityki krajowej.<\/p>\n<p class=\"ods-c-paragraph \"><a href=\"https:\/\/wiadomosci.onet.pl\/kraj\/spotkanie-premiera-tuska-z-prezydentem-nawrockim\/qg7qc8p\" id=\"a41d495b-6b8d-45b2-bbee-e73d13f9bc48\" rel=\"nofollow noopener\" target=\"_blank\">Spotkanie premiera Donalda Tuska z prezydentem Karolem Nawrockim <\/a>rozpocz\u0119\u0142a si\u0119 o godz. 13.30 w pi\u0105tek, a zako\u0144czy\u0142o si\u0119 oko\u0142o 14.30. Wcze\u015bniej szef prezydenckiego Biura Polityki Mi\u0119dzynarodowej Marcin Przydacz informowa\u0142, \u017ce spotkanie odb\u0119dzie si\u0119 w formule jeden na jeden. \u2014 To spotkanie jest bez udzia\u0142u fotoreporter\u00f3w. Postaramy si\u0119 to tak zorganizowa\u0107, \u017ceby by\u0142o maksymalnie sprawnie i tre\u015bciwie \u2014 <a href=\"https:\/\/wiadomosci.onet.pl\/kraj\/spotkanie-karol-nawrockidonald-tusk-jest-potwierdzenie-z-palacu-prezydenckiego\/dsqwkxg\" id=\"ae677eca-6dc5-45e0-867b-937b51a6349e\" rel=\"nofollow noopener\" target=\"_blank\">zapowiada\u0142<\/a>.<\/p>\n<p class=\"ods-c-paragraph \">Po raz pierwszy o spotkaniu informowa\u0142 Tusk po wtorkowym szczycie &#8222;koalicji ch\u0119tnych&#8221; w Pary\u017cu. Premier oznajmi\u0142 w\u00f3wczas, \u017ce rozmawia\u0107 b\u0119dzie z prezydentem &#8222;o tym, jaka jest rola dla prezydenta, a jaka dla rz\u0105du w procesie maj\u0105cym zapewni\u0107 Ukrainie gwarancje bezpiecze\u0144stwa po zawieszeniu broni&#8221;.<\/p>\n","protected":false},"excerpt":{"rendered":"Rzecznik podkre\u015bli\u0142, \u017ce spotkanie przebieg\u0142o w &#8222;konstruktywnej i merytorycznej atmosferze&#8221;. \u2014 Obaj panowie okre\u015blili te\u017c swoje zadania w&hellip;\n","protected":false},"author":2,"featured_media":97591,"comment_status":"","ping_status":"","sticky":false,"template":"","format":"standard","meta":{"footnotes":""},"categories":[12],"tags":[32,33,44,212,36,37,27,43,49,34,35,28,31,48,25,46,42,38,40,39,41,47,29,30,415,26],"class_list":{"0":"post-196021","1":"post","2":"type-post","3":"status-publish","4":"format-standard","5":"has-post-thumbnail","7":"category-polska","8":"tag-breaking-news","9":"tag-breakingnews","10":"tag-donald_trump","11":"tag-donald_tusk","12":"tag-featured-news","13":"tag-featurednews","14":"tag-headlines","15":"tag-karol_nawrocki","16":"tag-kraj","17":"tag-latest-news","18":"tag-latestnews","19":"tag-naglowki","20":"tag-najwazniejsze-artykuly","21":"tag-nat_styl","22":"tag-news","23":"tag-omp","24":"tag-pl","25":"tag-poland","26":"tag-polish","27":"tag-polska","28":"tag-polski","29":"tag-screening_general","30":"tag-top-stories","31":"tag-topstories","32":"tag-ukraina","33":"tag-wiadomosci"},"share_on_mastodon":{"url":"","error":""},"_links":{"self":[{"href":"https:\/\/www.europesays.com\/pl\/wp-json\/wp\/v2\/posts\/196021","targetHints":{"allow":["GET"]}}],"collection":[{"href":"https:\/\/www.europesays.com\/pl\/wp-json\/wp\/v2\/posts"}],"about":[{"href":"https:\/\/www.europesays.com\/pl\/wp-json\/wp\/v2\/types\/post"}],"author":[{"embeddable":true,"href":"https:\/\/www.europesays.com\/pl\/wp-json\/wp\/v2\/users\/2"}],"replies":[{"embeddable":true,"href":"https:\/\/www.europesays.com\/pl\/wp-json\/wp\/v2\/comments?post=196021"}],"version-history":[{"count":0,"href":"https:\/\/www.europesays.com\/pl\/wp-json\/wp\/v2\/posts\/196021\/revisions"}],"wp:featuredmedia":[{"embeddable":true,"href":"https:\/\/www.europesays.com\/pl\/wp-json\/wp\/v2\/media\/97591"}],"wp:attachment":[{"href":"https:\/\/www.europesays.com\/pl\/wp-json\/wp\/v2\/media?parent=196021"}],"wp:term":[{"taxonomy":"category","embeddable":true,"href":"https:\/\/www.europesays.com\/pl\/wp-json\/wp\/v2\/categories?post=196021"},{"taxonomy":"post_tag","embeddable":true,"href":"https:\/\/www.europesays.com\/pl\/wp-json\/wp\/v2\/tags?post=196021"}],"curies":[{"name":"wp","href":"https:\/\/api.w.org\/{rel}","templated":true}]}}