{"id":196051,"date":"2026-01-09T14:53:10","date_gmt":"2026-01-09T14:53:10","guid":{"rendered":"https:\/\/www.europesays.com\/pl\/196051\/"},"modified":"2026-01-09T14:53:10","modified_gmt":"2026-01-09T14:53:10","slug":"krzysztof-baranowski-wyruszyl-w-kolejny-rejs-w-tle-powazne-komplikacje","status":"publish","type":"post","link":"https:\/\/www.europesays.com\/pl\/196051\/","title":{"rendered":"Krzysztof Baranowski wyruszy\u0142 w kolejny rejs. W tle powa\u017cne komplikacje"},"content":{"rendered":"<p>Bogumi\u0142a Wander odesz\u0142a w wieku 80 lat<\/p>\n<p class=\"typography ids-typeset-body ids-typeset-body--preset-large link paragraph ids-paragraph ids-paragraph--default\"><a href=\"https:\/\/www.pomponik.pl\/gwiazdy-i-produkcje-bogumila-wander,gsbi,3147\" rel=\"nofollow noopener\" target=\"_blank\">Bogumi\u0142a Wander<\/a> by\u0142a jedn\u0105 z najwi\u0119kszych gwiazd w historii Telewizji Polskiej. Jej imponuj\u0105ca kariera, kt\u00f3ra rozpocz\u0119\u0142a si\u0119 jeszcze w latach siedemdziesi\u0105tych, sprawi\u0142a, \u017ce do dzi\u015b wspomina si\u0119 j\u0105 jako\u00a0prawdziw\u0105 ikon\u0119 medi\u00f3w publicznych.<\/p>\n<p class=\"typography ids-typeset-body ids-typeset-body--preset-large link paragraph ids-paragraph ids-paragraph--default\">Do jej znak\u00f3w rozpoznawczych nale\u017ca\u0142a elegancja, nienaganna dykcja i wyj\u0105tkowy profesjonalizm. Nic wi\u0119c dziwnego, \u017ce wiadomo\u015b\u0107 o odej\u015bciu 80-letniej prezenterki poruszy\u0142a nie tylko jej bliskich i przyjaci\u00f3\u0142, ale tak\u017ce ca\u0142e \u015brodowisko rodzimego dziennikarstwa.<\/p>\n<p>Gosia Socha ujawni\u0142a prawd\u0119 o Wieniawie. Czy \u015bwi\u0119ta zrobi cateringiem?pomponik.pl<\/p>\n<p class=\"typography ids-typeset-body ids-typeset-body--preset-large link paragraph ids-paragraph ids-paragraph--default\">Przez ostatnie lata \u017cycia prezenterka boryka\u0142a si\u0119 z powa\u017cnymi problemami zdrowotnymi.<\/p>\n<p class=\"typography ids-typeset-body ids-typeset-body--preset-large link paragraph ids-paragraph ids-paragraph--default\">Opiek\u0119 nad choruj\u0105c\u0105 kobiet\u0105 sprawowa\u0142 jej m\u0105\u017c &#8211; Krzysztof Baranowski. Niestety, z czasem stan 80-latki mocno si\u0119 pogorszy\u0142, wi\u0119c trafi\u0142a ona do o\u015brodka, w kt\u00f3rym mog\u0142a liczy\u0107 na profesjonaln\u0105 opiek\u0119.<\/p>\n<p>Krzysztof Baranowski wyruszy\u0142 w kolejny rejs<\/p>\n<p class=\"typography ids-typeset-body ids-typeset-body--preset-large link paragraph ids-paragraph ids-paragraph--default\">86-letni podr\u00f3\u017cnik mocno prze\u017cy\u0142 strat\u0119 ukochanej \u017cony. M\u0119\u017cczyzna, kt\u00f3ry dwukrotnie op\u0142yn\u0105\u0142 kul\u0119 ziemsk\u0105, skupi\u0142 si\u0119 na swojej ulubionej aktywno\u015bci i jaki\u015b czas temu og\u0142osi\u0142 ambitne plany, zwi\u0105zane z kolejn\u0105 odwa\u017cn\u0105 przygod\u0105.<\/p>\n<p class=\"typography ids-typeset-body ids-typeset-body--preset-large link paragraph ids-paragraph ids-paragraph--default\">&#8222;Na zako\u0144czenie \u017cycia chc\u0119 sprawi\u0107 sobie jeszcze jedn\u0105 wielk\u0105 przyjemno\u015b\u0107, wyruszy\u0107 w rejs&#8221; &#8211; zdradzi\u0142 w rozmowie z &#8222;Faktem&#8221;.<\/p>\n<p class=\"typography ids-typeset-body ids-typeset-body--preset-large link paragraph ids-paragraph ids-paragraph--default\">W tym samym wywiadzie m\u00f3wi\u0142, \u017ce nie boi si\u0119 przeciwno\u015bci i ma zamiar po raz trzeci okr\u0105\u017cy\u0107 Ziemi\u0119.<\/p>\n<p class=\"typography ids-typeset-body ids-typeset-body--preset-large link paragraph ids-paragraph ids-paragraph--default\">Niestety, ostatnio Krzysztof Baranowski wpad\u0142 w powa\u017cne tarapaty. Z powodu awarii autopilota zmuszony by\u0142 przerwa\u0107 rejs. Kapitan dryfowa\u0142 w okolicach Kana\u0142u Panamskiego, czekaj\u0105c na wsparcie.<\/p>\n<p class=\"typography ids-typeset-body ids-typeset-body--preset-large link paragraph ids-paragraph ids-paragraph--default\">&#8222;Post\u00f3j jest konieczny, w oczekiwaniu na nadej\u015bcie nowego autopilota. Zepsu\u0142 si\u0119 ju\u017c drugi autopilot i teraz zam\u00f3wi\u0142em ju\u017c trzeci. Jak doleci, b\u0119d\u0119 p\u0142yn\u0105\u0107 dalej&#8221; &#8211; relacjonowa\u0142 dziennikarzom tabloidu.<\/p>\n<p>Krzysztof Baranowski po raz trzeci op\u0142ynie Ziemi\u0119?<\/p>\n<p class=\"typography ids-typeset-body ids-typeset-body--preset-large link paragraph ids-paragraph ids-paragraph--default\">W rozmowie przyzna\u0142, \u017ce s\u00f3l morska, wilgo\u0107 i tropikalny skwar s\u0105 bardzo niekorzystne dla ka\u017cdego sprz\u0119tu elektronicznego.<\/p>\n<p class=\"typography ids-typeset-body ids-typeset-body--preset-large link paragraph ids-paragraph ids-paragraph--default\">&#8222;Tylko cz\u0142owiek musi si\u0119 trzyma\u0107. Daj\u0119 rad\u0119. Trzymam si\u0119 nie\u017ale&#8221; &#8211; doda\u0142.<\/p>\n<p class=\"typography ids-typeset-body ids-typeset-body--preset-large link paragraph ids-paragraph ids-paragraph--default\">Legendarny \u017ceglarz nie wie, ile jeszcze drogi zosta\u0142o mu do pokonania.<\/p>\n<p class=\"typography ids-typeset-body ids-typeset-body--preset-large link paragraph ids-paragraph ids-paragraph--default\">&#8222;Trudno oszacowa\u0107, ile ju\u017c za nami. Jacht \u017caglowy nie jest tramwajem, kt\u00f3ry je\u017adzi wed\u0142ug rozk\u0142adu&#8221; &#8211; podsumowa\u0142 w tym samym wywiadzie.<\/p>\n<p>Czytaj tak\u017ce:<a id=\"a-img\" class=\"hl-6\"><img class=\"hl-8\"\/><\/a><a id=\"a-main\" class=\"hl-9\"\/>Halo! Wejd\u017a na <a id=\"halo-text-a\" href=\"https:\/\/halotu.polsat.pl#parametr=link_halo\" rel=\"nofollow noopener\" target=\"_blank\">halotu.polsat.pl<\/a> i nie przegap naj\u015bwie\u017cszych informacji z poranka w Polsacie.<\/p>\n<p class=\"typography ids-typeset-body ids-typeset-body--preset-large link paragraph ids-paragraph ids-paragraph--default\">Zobacz te\u017c:<\/p>\n<p class=\"typography ids-typeset-body ids-typeset-body--preset-large link paragraph ids-paragraph ids-paragraph--default\"><a href=\"https:\/\/www.pomponik.pl\/gwiazdy-telewizji\/news-smutne-wyznanie-meza-bogumily-wander-nie-ma-zamiaru-isc-na-c,nId,7998313\" target=\"_blank\" rel=\"nofollow noopener\">Smutne wyznanie m\u0119\u017ca Bogumi\u0142y Wander<\/a><\/p>\n<p class=\"typography ids-typeset-body ids-typeset-body--preset-large link paragraph ids-paragraph ids-paragraph--default\"><a href=\"https:\/\/www.pomponik.pl\/plotki\/news-wdowiec-po-bogumile-wander-ma-tylko-jedna-prosbe-chwyta-za-s,nId,7906264\" target=\"_blank\" rel=\"nofollow noopener\">Wdowiec po Bogumile Wander ma tylko jedn\u0105 pro\u015bb\u0119<\/a><\/p>\n<p class=\"typography ids-typeset-body ids-typeset-body--preset-large link paragraph ids-paragraph ids-paragraph--default\"><a href=\"https:\/\/www.pomponik.pl\/plotki\/news-wander-nie-odeszla-sama-prawda-o-jej-rozstaniu-z-tvp-jest-ni,nId,7905820\" target=\"_blank\" rel=\"nofollow noopener\">Wander nie odesz\u0142a sama. Prawda o jej rozstaniu z TVP<\/a><\/p>\n","protected":false},"excerpt":{"rendered":"Bogumi\u0142a Wander odesz\u0142a w wieku 80 lat Bogumi\u0142a Wander by\u0142a jedn\u0105 z najwi\u0119kszych gwiazd w historii Telewizji Polskiej.&hellip;\n","protected":false},"author":2,"featured_media":196052,"comment_status":"","ping_status":"","sticky":false,"template":"","format":"standard","meta":{"footnotes":""},"categories":[22],"tags":[122,42,38,40,39,41,123],"class_list":{"0":"post-196051","1":"post","2":"type-post","3":"status-publish","4":"format-standard","5":"has-post-thumbnail","7":"category-rozrywka","8":"tag-entertainment","9":"tag-pl","10":"tag-poland","11":"tag-polish","12":"tag-polska","13":"tag-polski","14":"tag-rozrywka"},"share_on_mastodon":{"url":"https:\/\/pubeurope.com\/@pl\/115865715059859022","error":""},"_links":{"self":[{"href":"https:\/\/www.europesays.com\/pl\/wp-json\/wp\/v2\/posts\/196051","targetHints":{"allow":["GET"]}}],"collection":[{"href":"https:\/\/www.europesays.com\/pl\/wp-json\/wp\/v2\/posts"}],"about":[{"href":"https:\/\/www.europesays.com\/pl\/wp-json\/wp\/v2\/types\/post"}],"author":[{"embeddable":true,"href":"https:\/\/www.europesays.com\/pl\/wp-json\/wp\/v2\/users\/2"}],"replies":[{"embeddable":true,"href":"https:\/\/www.europesays.com\/pl\/wp-json\/wp\/v2\/comments?post=196051"}],"version-history":[{"count":0,"href":"https:\/\/www.europesays.com\/pl\/wp-json\/wp\/v2\/posts\/196051\/revisions"}],"wp:featuredmedia":[{"embeddable":true,"href":"https:\/\/www.europesays.com\/pl\/wp-json\/wp\/v2\/media\/196052"}],"wp:attachment":[{"href":"https:\/\/www.europesays.com\/pl\/wp-json\/wp\/v2\/media?parent=196051"}],"wp:term":[{"taxonomy":"category","embeddable":true,"href":"https:\/\/www.europesays.com\/pl\/wp-json\/wp\/v2\/categories?post=196051"},{"taxonomy":"post_tag","embeddable":true,"href":"https:\/\/www.europesays.com\/pl\/wp-json\/wp\/v2\/tags?post=196051"}],"curies":[{"name":"wp","href":"https:\/\/api.w.org\/{rel}","templated":true}]}}