{"id":196059,"date":"2026-01-09T14:57:04","date_gmt":"2026-01-09T14:57:04","guid":{"rendered":"https:\/\/www.europesays.com\/pl\/196059\/"},"modified":"2026-01-09T14:57:04","modified_gmt":"2026-01-09T14:57:04","slug":"nie-jedna-epidemia-a-fala-zagrozen-czy-polski-system-zdrowia-wytrzyma-wyzwania-2026-roku","status":"publish","type":"post","link":"https:\/\/www.europesays.com\/pl\/196059\/","title":{"rendered":"Nie jedna epidemia, a fala zagro\u017ce\u0144. Czy polski system zdrowia wytrzyma wyzwania 2026 roku?"},"content":{"rendered":"<p>Rok 2026 nie przyniesie jednej spektakularnej epidemii, ale mo\u017ce okaza\u0107 si\u0119 wyj\u0105tkowo trudny dla polskiego systemu ochrony zdrowia. Tak\u0105 prognoz\u0119 przedstawia dr Andrzej Jarynowski, epidemiolog z Uniwersytetu Medycznego we Wroc\u0142awiu. Zdaniem eksperta, najwi\u0119kszym wyzwaniem b\u0119dzie nie pojedynczy patogen, lecz seria mniejszych, nak\u0142adaj\u0105cych si\u0119 na siebie zagro\u017ce\u0144. \u201eNie zobaczymy jednego, og\u00f3lnopolskiego szczytu. Ludzie b\u0119d\u0105 chorowa\u0107 w r\u00f3\u017cnym czasie w r\u00f3\u017cnych regionach, co w praktyce oznacza lokalne ryzyko brak\u00f3w lek\u00f3w\u201d \u2013 prognozuje dr Jarynowski.<\/p>\n<p>                         &#13;<br \/>\n        &#13;<\/p>\n<p>                                        &#13;<br \/>\n                        &#13;<br \/>\n                            <img decoding=\"async\" src=\"https:\/\/www.europesays.com\/pl\/wp-content\/uploads\/2026\/01\/000M6EEMII2PDRPC-C123-F4.jpg\" title=\"Nie jedna epidemia, a fala zagro\u017ce\u0144. Sprawdzian dla polskiego systemu ochrony zdrowia\" alt=\"Nie jedna epidemia, a fala zagro\u017ce\u0144. Sprawdzian dla polskiego systemu ochrony zdrowia\" class=\"img-responsive\"\/>&#13;<\/p>\n<p>                            &#13;<\/p>\n<p>      &#13;<br \/>\n                            Polski system ochrony zdrowia czeka powa\u017cny sprawdzian (zdj. ilustracyjne)&#13;<br \/>\n                                    \/Shutterstock  &#13;\n                                    <\/p>\n<p>&#13;<\/p>\n<p>  Pocz\u0105tek roku up\u0142ynie pod znakiem nasilonego sezonu grypowego. Ekspert przewiduje, \u017ce fala zachorowa\u0144 mo\u017ce by\u0107 silniejsza ni\u017c przeci\u0119tnie, a jej przebieg b\u0119dzie roz\u0142o\u017cony nier\u00f3wnomiernie w czasie i przestrzeni. Szczeg\u00f3lnie trudny mo\u017ce okaza\u0107 si\u0119 prze\u0142om stycznia i lutego, kiedy wysoka absencja chorobowa dotknie zar\u00f3wno szko\u0142y, jak i miejsca pracy. R\u00f3wnolegle lub tu\u017c po szczycie grypy, spodziewany jest wzrost zaka\u017ce\u0144 RSV, zw\u0142aszcza w\u015br\u00f3d najm\u0142odszych dzieci.<\/p>\n<p>  Mamy skuteczne narz\u0119dzie ochrony najm\u0142odszych: darmowe szczepienia kobiet w ci\u0105\u017cy, kt\u00f3re przekazuj\u0105 dziecku przeciwcia\u0142a. To bardzo op\u0142acalne i bezpieczne rozwi\u0105zanie, a jednocze\u015bnie wci\u0105\u017c niedostatecznie promowane &#8211; podkre\u015bla dr Jarynowski, apeluj\u0105c o nadrabianie zaleg\u0142o\u015bci szczepie\u0144 jeszcze na pocz\u0105tku roku.<\/p>\n<p>  W prognozie epidemiologicznej na 2026 rok zwr\u00f3cono uwag\u0119 na szereg czynnik\u00f3w, kt\u00f3re mog\u0105 wp\u0142yn\u0105\u0107 na zdrowie Polak\u00f3w. Ocieplaj\u0105cy si\u0119 klimat, starzenie si\u0119 spo\u0142ecze\u0144stwa, migracje oraz rosn\u0105ca mobilno\u015b\u0107 ludzi i towar\u00f3w sprawiaj\u0105, \u017ce zagro\u017cenia zdrowotne s\u0105 coraz bardziej z\u0142o\u017cone.\u00a0<\/p>\n<p>W regionie Europy \u015arodkowej ro\u015bnie liczba zachorowa\u0144 na wirusowe zapalenie w\u0105troby typu A, szczeg\u00f3lnie dynamiczna sytuacja dotyczy Czech. To wa\u017cna informacja dla os\u00f3b planuj\u0105cych wyjazdy w okresie ferii zimowych.<\/p>\n<p>  Ryzyko indywidualne pozostaje niskie, ale w zat\u0142oczonych miejscach, takich jak schroniska czy punkty gastronomiczne, podstawowa higiena r\u0105k robi ogromn\u0105 r\u00f3\u017cnic\u0119. Nie ma powodu, by rezygnowa\u0107 z wyjazd\u00f3w, ale warto \u015bwiadomie ogranicza\u0107 ryzyko i rozwa\u017cy\u0107 szczepienie przy cz\u0119stych podr\u00f3\u017cach &#8211; radzi ekspert.<\/p>\n<p>  Zmiany klimatyczne coraz wyra\u017aniej wp\u0142ywaj\u0105 na zdrowie publiczne. D\u0142u\u017cszy sezon aktywno\u015bci kleszczy oznacza wi\u0119cej przypadk\u00f3w boreliozy i kleszczowego zapalenia m\u00f3zgu. Nowe gatunki kleszczy pojawiaj\u0105 si\u0119 w miejscach, gdzie wcze\u015bniej ich nie by\u0142o. W cieplejszych wodach ro\u015bnie ryzyko zaka\u017ce\u0144 bakteriami Vibrio, a stoj\u0105ca, nagrzana woda sprzyja zakwitom toksycznych sinic.<\/p>\n<p>  Choroby, kt\u00f3re jeszcze niedawno kojarzyli\u015bmy z po\u0142udniem Europy, staj\u0105 si\u0119 tak\u017ce naszym problemem &#8211; ostrzega dr Jarynowski.<\/p>\n<p>  Niepokoj\u0105cy jest tak\u017ce sta\u0142y wzrost liczby chor\u00f3b przenoszonych drog\u0105 p\u0142ciow\u0105, widoczny nie tylko w du\u017cych miastach, ale coraz cz\u0119\u015bciej tak\u017ce na prowincji. Na tle wszystkich zagro\u017ce\u0144 szczeg\u00f3lnie niebezpieczna okazuje si\u0119 dezinformacja medyczna. Fa\u0142szywe alarmy, sensacyjne nag\u0142\u00f3wki i teorie spiskowe skutecznie podkopuj\u0105 zaufanie do ekspert\u00f3w i instytucji.<\/p>\n<p>  2025 rok nauczy\u0142 nas, \u017ce kryzys informacyjny potrafi by\u0107 gro\u017aniejszy ni\u017c sam patogen. Je\u015bli komunikaty s\u0105 niesp\u00f3jne albo przesadzone, ludzie przestaj\u0105 ufa\u0107 tak\u017ce tym prawdziwym &#8211; podkre\u015bla epidemiolog.<\/p>\n<p>  Rok 2026 b\u0119dzie sprawdzianem dla polskiego systemu ochrony zdrowia. Eksperci apeluj\u0105 o zachowanie spokoju, rzetelno\u015b\u0107 w przekazywaniu informacji i korzystanie z dost\u0119pnych narz\u0119dzi profilaktycznych. Mo\u017cemy mie\u0107 najlepsze szczepionki i procedury, ale je\u015bli ludzie im nie wierz\u0105, system przestaje dzia\u0142a\u0107 &#8211; podsumowuje dr Jarynowski.<\/p>\n","protected":false},"excerpt":{"rendered":"Rok 2026 nie przyniesie jednej spektakularnej epidemii, ale mo\u017ce okaza\u0107 si\u0119 wyj\u0105tkowo trudny dla polskiego systemu ochrony zdrowia.&hellip;\n","protected":false},"author":2,"featured_media":196060,"comment_status":"","ping_status":"","sticky":false,"template":"","format":"standard","meta":{"footnotes":""},"categories":[12],"tags":[32,33,36,37,27,34,35,28,31,25,42,38,40,39,41,29,30,26],"class_list":{"0":"post-196059","1":"post","2":"type-post","3":"status-publish","4":"format-standard","5":"has-post-thumbnail","7":"category-polska","8":"tag-breaking-news","9":"tag-breakingnews","10":"tag-featured-news","11":"tag-featurednews","12":"tag-headlines","13":"tag-latest-news","14":"tag-latestnews","15":"tag-naglowki","16":"tag-najwazniejsze-artykuly","17":"tag-news","18":"tag-pl","19":"tag-poland","20":"tag-polish","21":"tag-polska","22":"tag-polski","23":"tag-top-stories","24":"tag-topstories","25":"tag-wiadomosci"},"share_on_mastodon":{"url":"https:\/\/pubeurope.com\/@pl\/115865730700680111","error":""},"_links":{"self":[{"href":"https:\/\/www.europesays.com\/pl\/wp-json\/wp\/v2\/posts\/196059","targetHints":{"allow":["GET"]}}],"collection":[{"href":"https:\/\/www.europesays.com\/pl\/wp-json\/wp\/v2\/posts"}],"about":[{"href":"https:\/\/www.europesays.com\/pl\/wp-json\/wp\/v2\/types\/post"}],"author":[{"embeddable":true,"href":"https:\/\/www.europesays.com\/pl\/wp-json\/wp\/v2\/users\/2"}],"replies":[{"embeddable":true,"href":"https:\/\/www.europesays.com\/pl\/wp-json\/wp\/v2\/comments?post=196059"}],"version-history":[{"count":0,"href":"https:\/\/www.europesays.com\/pl\/wp-json\/wp\/v2\/posts\/196059\/revisions"}],"wp:featuredmedia":[{"embeddable":true,"href":"https:\/\/www.europesays.com\/pl\/wp-json\/wp\/v2\/media\/196060"}],"wp:attachment":[{"href":"https:\/\/www.europesays.com\/pl\/wp-json\/wp\/v2\/media?parent=196059"}],"wp:term":[{"taxonomy":"category","embeddable":true,"href":"https:\/\/www.europesays.com\/pl\/wp-json\/wp\/v2\/categories?post=196059"},{"taxonomy":"post_tag","embeddable":true,"href":"https:\/\/www.europesays.com\/pl\/wp-json\/wp\/v2\/tags?post=196059"}],"curies":[{"name":"wp","href":"https:\/\/api.w.org\/{rel}","templated":true}]}}