{"id":196250,"date":"2026-01-09T16:59:09","date_gmt":"2026-01-09T16:59:09","guid":{"rendered":"https:\/\/www.europesays.com\/pl\/196250\/"},"modified":"2026-01-09T16:59:09","modified_gmt":"2026-01-09T16:59:09","slug":"pawel-delag-przekazal-wiesci-wraz-z-ukochana-teraz-juz-nie-ma-watpliwosci","status":"publish","type":"post","link":"https:\/\/www.europesays.com\/pl\/196250\/","title":{"rendered":"Pawe\u0142 Del\u0105g przekaza\u0142 wie\u015bci wraz z ukochan\u0105. Teraz ju\u017c nie ma w\u0105tpliwo\u015bci"},"content":{"rendered":"<p>Del\u0105g spotyka\u0142 si\u0119 z wieloma pi\u0119kno\u015bciami. Od ponad dw\u00f3ch lat jest wierny jednej<\/p>\n<p class=\"typography ids-typeset-body ids-typeset-body--preset-large link paragraph ids-paragraph ids-paragraph--default\">W przesz\u0142o\u015bci media z lubo\u015bci\u0105 rozpisywa\u0142y si\u0119 o mi\u0142ostkach <a href=\"https:\/\/www.pomponik.pl\/tagi-pawel-delag,tId,135832\" target=\"_blank\" rel=\"nofollow noopener\">Paw\u0142a Del\u0105ga<\/a>. Przystojny aktor nigdy nie narzeka\u0142 na brak powodzenia. Przez jego \u017cycie przewin\u0119\u0142o si\u0119 sporo znanych kobiet.<\/p>\n<p class=\"typography ids-typeset-body ids-typeset-body--preset-large link paragraph ids-paragraph ids-paragraph--default\">Prasa kolorowa twierdzi\u0142a, \u017ce spotyka\u0142 si\u0119 on m.in. Mari\u0105 Seweryn, <a href=\"https:\/\/www.pomponik.pl\/gwiazdy-i-produkcje-katarzyna-skrzynecka,gsbi,221\" rel=\"nofollow noopener\" target=\"_blank\">Katarzyn\u0105 Skrzyneck\u0105<\/a>, <a href=\"https:\/\/www.pomponik.pl\/tagi-bogna-sworowska,tId,147193\" target=\"_blank\" rel=\"nofollow noopener\">Bogn\u0105 Sworowsk\u0105<\/a>, <a href=\"https:\/\/www.pomponik.pl\/gwiazdy-i-produkcje-patrycja-markowska,gsbi,731\" rel=\"nofollow noopener\" target=\"_blank\">Patrycj\u0105 Markowsk\u0105<\/a>, <a href=\"https:\/\/www.pomponik.pl\/gwiazdy-i-produkcje-violetta-kolakowska,gsbi,315\" rel=\"nofollow noopener\" target=\"_blank\">Violett\u0105 Ko\u0142akowsk\u0105<\/a>, Agnieszk\u0105 Sienkiewicz czy <a href=\"https:\/\/biznes.interia.pl\/tematy-dominika-kulczyk,gsbi,5262\" rel=\"nofollow noopener\" target=\"_blank\">Dominik\u0105 Kulczyk<\/a>. On sam zaprzecza\u0142, jakoby wszystkie z doniesie\u0144 na temat jego partnerek by\u0142y prawdziwe.<\/p>\n<p class=\"typography ids-typeset-body ids-typeset-body--preset-large link paragraph ids-paragraph ids-paragraph--default\">Autentyczna jest natomiast bez w\u0105tpienia jego relacja z Patrycj\u0105 Komorowsk\u0105. Z nieprzynale\u017c\u0105c\u0105 wcze\u015bniej do show-biznesu terapeutk\u0105 gwiazdor spotyka si\u0119 od 2023 roku.\u00a0I po tym, co w\u0142a\u015bnie wysz\u0142o na jaw, nie ma w\u0105tpliwo\u015bci, \u017ce ich uczucie tylko kwitnie.<\/p>\n<p>Gosia Socha ujawni\u0142a prawd\u0119 o Wieniawie. Czy \u015bwi\u0119ta zrobi cateringiem?pomponik.pl<\/p>\n<p>Szcz\u0119\u015bliwy Del\u0105g przekaza\u0142 wie\u015bci wraz z m\u0142odsz\u0105 partnerk\u0105. Teraz ju\u017c nie ma w\u0105tpliwo\u015bci<\/p>\n<p class=\"typography ids-typeset-body ids-typeset-body--preset-large link paragraph ids-paragraph ids-paragraph--default\">Na pocz\u0105tku partnerzy chronili swoj\u0105 wi\u0119\u017a przed b\u0142yskiem reflektor\u00f3w. Z czasem jednak coraz ch\u0119tniej zacz\u0119li bywa\u0107 na salonach i pokazywa\u0107 si\u0119 razem w social mediach. Teraz w\u0142a\u015bnie nadali komunikat ze s\u0142onecznej Portugalii.<\/p>\n<p class=\"typography ids-typeset-body ids-typeset-body--preset-large link paragraph ids-paragraph ids-paragraph--default\">Po wsp\u00f3lnie sp\u0119dzonych (m.in. z rodzin\u0105 w Krakowie) \u015bwi\u0119tach na pocz\u0105tku roku para uda\u0142a si\u0119 na zagraniczny wyjazd. Na instagramowym profilu kobiety znalaz\u0142o si\u0119 sporo kadr\u00f3w z tego okresu. Na zdj\u0119ciach widzimy j\u0105 spaceruj\u0105c\u0105 w sukience na rami\u0105czkach po pla\u017cy czy przechadzaj\u0105c\u0105 si\u0119 w sweterku i jeansach brzegiem morza.<\/p>\n<p class=\"typography ids-typeset-body ids-typeset-body--preset-large link paragraph ids-paragraph ids-paragraph--default\">Opis nie pozostawia\u0142 w\u0105tpliwo\u015bci &#8211; to ukochany uwieczni\u0142 te momenty. A w najnowszym po\u015bcie Patrycja i Pawe\u0142 w ko\u0144cu pokazali si\u0119 razem. Wida\u0107, \u017ce podczas przechadzania si\u0119 po s\u0142onecznym Cascais dopisywa\u0142y im humory.<\/p>\n<p class=\"typography ids-typeset-body ids-typeset-body--preset-large link paragraph ids-paragraph ids-paragraph--default\">&#8222;Nowy rok, nowe wyzwania i ten sam kierunek &#8211; razem&#8221; &#8211; podsumowa\u0142a kr\u00f3tko (w oryginale po angielsku) wybranka aktora.<\/p>\n<p><img decoding=\"async\" class=\"ids-image-holder__img\" loading=\"lazy\" alt=\"M\u0119\u017cczyzna w garniturze siedzi na tle jasnego wn\u0119trza, u\u015bmiechaj\u0105c si\u0119 lekko. W rogu zdj\u0119cia umieszczona jest mniejsza fotografia, na kt\u00f3rej widoczna jest para \u2013 kobieta w stylowej apaszce i okularach przeciws\u0142onecznych oraz m\u0119\u017cczyzna w jasnym p\u0142aszczu,...\" title=\"Pawe\u0142 Del\u0105g wypoczywa w Portugalii z ukochan\u0105, Patrycj\u0105 Komorowsk\u0105\" width=\"1280\" height=\"900\" src=\"https:\/\/www.europesays.com\/pl\/wp-content\/uploads\/2026\/01\/000M6FAD3QH5CAGE-C323-F4.webp.webp\"\/><\/p>\n<p>Pawe\u0142 Del\u0105g wypoczywa w Portugalii z ukochan\u0105, Patrycj\u0105 Komorowsk\u0105Micha\u0142 Wo\u017aniak\/Dzie\u0144 Dobry TVN, https:\/\/www.instagram.com\/pkomorowska\/East News\/Instagram<\/p>\n<p>Ukochana Del\u0105ga nie oszcz\u0119dza na drogich dodatkach. Na takie luksusy trzeba wyda\u0107 krocie<\/p>\n<p class=\"typography ids-typeset-body ids-typeset-body--preset-large link paragraph ids-paragraph ids-paragraph--default\">Ka\u017cde publiczne &#8222;wyst\u0105pienie&#8221; Komorowskiej zwraca uwag\u0119 na jej zami\u0142owanie do mody. Wida\u0107, \u017ce kobieta bardzo dba o przemy\u015blane stylizacje i pod\u0105\u017ca za trendami. Tym razem po\u0142\u0105czy\u0142a wzorzyst\u0105 chust\u0119 ze sk\u00f3rzan\u0105 kurtk\u0105 i br\u0105zowymi chinosami.<\/p>\n<p class=\"typography ids-typeset-body ids-typeset-body--preset-large link paragraph ids-paragraph ids-paragraph--default\">30-parolatka do tego stopnia interesuje si\u0119 mod\u0105, \u017ce za\u0142o\u017cy\u0142a na Instagramie osobne konto po\u015bwi\u0119cone w\u0142asnej szafie. Kobieta regularnie wyprzedaje na nim swoje markowe ubrania. Dzi\u0119ki czemu \u0142atwo si\u0119 przekona\u0107, \u017ce zakupy robi zazwyczaj w do\u015b\u0107 drogich butikach.<\/p>\n<p class=\"typography ids-typeset-body ids-typeset-body--preset-large link paragraph ids-paragraph ids-paragraph--default\">W po\u0142owie grudnia szerokim echem na portalach plotkarskich odbi\u0142 si\u0119 fakt, \u017ce <a href=\"https:\/\/www.pomponik.pl\/plotki\/news-partnerka-pawla-delaga-sprzedaje-torebke-luksusowej-marki-za,nId,22499504\" target=\"_blank\" rel=\"nofollow noopener\">chce ona sprzeda\u0107 torebk\u0119<\/a> marki Herm\u00e8s Birkin. Za model 25 Togo Gris Pantin za\u017cyczy\u0142a sobie a\u017c 70 tys. z\u0142otych, zaznaczaj\u0105c, \u017ce produkt jest ca\u0142kowicie nowy.<\/p>\n<p class=\"typography ids-typeset-body ids-typeset-body--preset-large link paragraph ids-paragraph ids-paragraph--default\">Warto podkre\u015bli\u0107, \u017ce ten konkretny dom mody oferuje sprzeda\u017c swoich produkt\u00f3w tylko osobom, kt\u00f3re wcze\u015bniej dokona\u0142y podobnych transakcji. Ukochana Del\u0105ga musi wi\u0119c nale\u017ce\u0107 do tego w\u0105skiego, jak\u017ce zaszczytnego grona.<\/p>\n<p class=\"typography ids-typeset-body ids-typeset-body--preset-large link paragraph ids-paragraph ids-paragraph--default\">Zobacz te\u017c:<\/p>\n<p class=\"typography ids-typeset-body ids-typeset-body--preset-large link paragraph ids-paragraph ids-paragraph--default\"><a href=\"https:\/\/www.pomponik.pl\/plotki\/news-zakochany-delag-juz-nie-ukrywa-swojego-szczescia-wyznal-to-o,nId,22465212\" target=\"_blank\" rel=\"nofollow noopener\">Zakochany Del\u0105g ju\u017c nie ukrywa swojego szcz\u0119\u015bcia. Wyzna\u0142 to oficjalnie przed wszystkimi<\/a><\/p>\n<p class=\"typography ids-typeset-body ids-typeset-body--preset-large link paragraph ids-paragraph ids-paragraph--default\"><a href=\"https:\/\/www.pomponik.pl\/plotki\/news-pawel-delag-musial-na-nowo-sie-odnalezc-w-mlodosci-nie-mial,nId,22494198\" target=\"_blank\" rel=\"nofollow noopener\">Pawe\u0142 Del\u0105g musia\u0142 na nowo si\u0119 odnale\u017a\u0107. W m\u0142odo\u015bci nie mia\u0142 zbyt lekko<\/a><\/p>\n<p class=\"typography ids-typeset-body ids-typeset-body--preset-large link paragraph ids-paragraph ids-paragraph--default\"><a href=\"https:\/\/www.pomponik.pl\/plotki\/news-ukochana-delaga-jest-od-niego-mlodsza-o-20-lat-nagle-nazwal,nId,22460406\" target=\"_blank\" rel=\"nofollow noopener\">Ukochana Del\u0105ga jest od niego m\u0142odsza o 20 lat. Nagle nazwa\u0142 j\u0105 \u017con\u0105<\/a><\/p>\n<p><script async src=\"\/\/www.instagram.com\/embed.js\"><\/script><\/p>\n","protected":false},"excerpt":{"rendered":"Del\u0105g spotyka\u0142 si\u0119 z wieloma pi\u0119kno\u015bciami. Od ponad dw\u00f3ch lat jest wierny jednej W przesz\u0142o\u015bci media z lubo\u015bci\u0105&hellip;\n","protected":false},"author":2,"featured_media":196251,"comment_status":"","ping_status":"","sticky":false,"template":"","format":"standard","meta":{"footnotes":""},"categories":[22],"tags":[122,42,38,40,39,41,123],"class_list":{"0":"post-196250","1":"post","2":"type-post","3":"status-publish","4":"format-standard","5":"has-post-thumbnail","7":"category-rozrywka","8":"tag-entertainment","9":"tag-pl","10":"tag-poland","11":"tag-polish","12":"tag-polska","13":"tag-polski","14":"tag-rozrywka"},"share_on_mastodon":{"url":"https:\/\/pubeurope.com\/@pl\/115866210488575913","error":""},"_links":{"self":[{"href":"https:\/\/www.europesays.com\/pl\/wp-json\/wp\/v2\/posts\/196250","targetHints":{"allow":["GET"]}}],"collection":[{"href":"https:\/\/www.europesays.com\/pl\/wp-json\/wp\/v2\/posts"}],"about":[{"href":"https:\/\/www.europesays.com\/pl\/wp-json\/wp\/v2\/types\/post"}],"author":[{"embeddable":true,"href":"https:\/\/www.europesays.com\/pl\/wp-json\/wp\/v2\/users\/2"}],"replies":[{"embeddable":true,"href":"https:\/\/www.europesays.com\/pl\/wp-json\/wp\/v2\/comments?post=196250"}],"version-history":[{"count":0,"href":"https:\/\/www.europesays.com\/pl\/wp-json\/wp\/v2\/posts\/196250\/revisions"}],"wp:featuredmedia":[{"embeddable":true,"href":"https:\/\/www.europesays.com\/pl\/wp-json\/wp\/v2\/media\/196251"}],"wp:attachment":[{"href":"https:\/\/www.europesays.com\/pl\/wp-json\/wp\/v2\/media?parent=196250"}],"wp:term":[{"taxonomy":"category","embeddable":true,"href":"https:\/\/www.europesays.com\/pl\/wp-json\/wp\/v2\/categories?post=196250"},{"taxonomy":"post_tag","embeddable":true,"href":"https:\/\/www.europesays.com\/pl\/wp-json\/wp\/v2\/tags?post=196250"}],"curies":[{"name":"wp","href":"https:\/\/api.w.org\/{rel}","templated":true}]}}