{"id":196515,"date":"2026-01-09T20:00:10","date_gmt":"2026-01-09T20:00:10","guid":{"rendered":"https:\/\/www.europesays.com\/pl\/196515\/"},"modified":"2026-01-09T20:00:10","modified_gmt":"2026-01-09T20:00:10","slug":"marek-papszun-poprowadzil-legie-warszawa-nieoficjalny-debiut-szkoleniowca-i-piec-goli-w-sparingu-sport-tvp-pl","status":"publish","type":"post","link":"https:\/\/www.europesays.com\/pl\/196515\/","title":{"rendered":"Marek Papszun poprowadzi\u0142 Legi\u0119 Warszawa. Nieoficjalny debiut szkoleniowca i pi\u0119\u0107 goli w sparingu &#8211; sport.tvp.pl"},"content":{"rendered":"<ol>\n<li><a href=\"https:\/\/news.google.com\/rss\/articles\/CBMirgFBVV95cUxNWE56WUZZcFNUN2NwZDNMZnh3SFc4Wjl0aWtPMktLY3NjbkRDeGZhWG5oZXBVTFkydTdiazViN3dYZjItVDVuaTJDVklQRE1EbW54cEtBWG4wOHF3Z01UcF9GY0g5dXJzVVRDRDBxNDVBejNmRjhsWU1RM2xIWll3ZVlUcXhpWnRiYmxNRElKZVB1YnhUckJYRUl4TkhFeUdrRXZjLTFDenJBOUdWWVHSAbMBQVVfeXFMTno4cEFWWWNpZmo0eTFwQ25JaWM0YUpVMGxqZHI3eVlZbnlVLUcxdUtWMlNRSXllbEtuUGVFYWpLalJLTGwxWVFQVVdjT2VIbTB1WWNSOE55WDI4cUIyT1lXa3NMdnhnVmhwXzNFLUF6OEFmTlBQWDZzSkxSM29TY3FUNWF1aXh6SjY5Z3hwcU5Wb2dhcTdvSUJvN1FxZWU4M20xX3NKTEdMQk1pMFNrRUdaM3M?oc=5\" target=\"_blank\" rel=\"nofollow noopener\">Marek Papszun poprowadzi\u0142 Legi\u0119 Warszawa. Nieoficjalny debiut szkoleniowca i pi\u0119\u0107 goli w sparingu<\/a>&nbsp;&nbsp;sport.tvp.pl<\/li>\n<li><a href=\"https:\/\/news.google.com\/rss\/articles\/CBMivgFBVV95cUxPVGNLMzhtekljb2RVTlNLMExqakVVdmJkMjV0Q2MzeXpLN3RBM2NjSTk2aFN5SFMzQXdEdEttRTVYaTlUWXJrV3dNZXJ4dU5QME5Zdm55TTlHMExfNUg4LUtNaVBfaTRpLUNtczRZMTJWaDUwdmFlVDZDYUptWHpManA0cUx3VlB5M3llMVFhVU1hWmU4R0owb1hhejJpNUJraDM0TkI2VkFhdXU3NnRzdk1UdnpzRjZlNkFkbWxR?oc=5\" target=\"_blank\" rel=\"nofollow noopener\">Pierwszy mecz Legii Marka Papszuna. I od razu zaskoczenie<\/a>&nbsp;&nbsp;Przegl\u0105d Sportowy Onet<\/li>\n<li><a href=\"https:\/\/news.google.com\/rss\/articles\/CBMikwFBVV95cUxNTFFVU21mVUhOMXlUdjFmYVp4cjdVT1ZLRC1hcld1dDFiYkxXaDh4eHJHU1dRb00yMmgyazViZnVpb1FwRzdxeklxcHpJOXlxeVdxVmJXMFVCQ1BGVWxuS2tqbW5OajZSZnFycldRZnY4RS1vanhiZEktdFFlNXZjSkxLWTVYUXB2N25wZEVRZ29pZlk?oc=5\" target=\"_blank\" rel=\"nofollow noopener\">#LEGIARAPORT: NOWE OTWARCIE, PIERWSZE DNI I WSP\u00d3LNE CELE<\/a>&nbsp;&nbsp;Legia Warszawa &#8211; Strona oficjalna<\/li>\n<li><a href=\"https:\/\/news.google.com\/rss\/articles\/CBMikwFBVV95cUxPUnczeldKdURhV0tnaDNrRVlEY1dZVV90Zk5raDEtSXo2TldzZFd6bG43T0h0LTI2WGM4LVhWMURoMEQ5SDUweXlZZlZuWnMzcGE3NWp6Q3VNdUpvaTkxVl9MckdhYUNiZUJCeHkxTmltMGh1TExaVUtYLURkRVVJNm91NlRCU3lYbkNHZ3NGbXZTZkk?oc=5\" target=\"_blank\" rel=\"nofollow noopener\">Papszun por\u00f3wna\u0142 Legi\u0119 i Rak\u00f3w. &#8222;Dwa \u015bwiaty&#8221;<\/a>&nbsp;&nbsp;SportoweFakty<\/li>\n<li><a href=\"https:\/\/news.google.com\/rss\/articles\/CBMiqgFBVV95cUxPWVpUMjI2SE85SDJoYk1fUDNxRzhLcUFrQjRhMmhrNWVmb004TlI5LTFtdnVRSWJSdWd2R3hTeWJSdS1qU2prelYxeUM2MG5RRlMxdGc3bld6MkdZMndxV0t0UkNjbXRyeWNraEg3cXdWNGFXRkl1cUM2VkJRRHhVTGtDLTgybk9nWC04WTloWEVtTFkxSnFUX191eURqS01Ea2FJTDJRcUZuQQ?oc=5\" target=\"_blank\" rel=\"nofollow noopener\">Oto ca\u0142y Marek Papszun. Wszyscy widzieli, co zrobi\u0142 podczas meczu Legii<\/a>&nbsp;&nbsp;Sport.pl<\/li>\n<\/ol>\n","protected":false},"excerpt":{"rendered":"Marek Papszun poprowadzi\u0142 Legi\u0119 Warszawa. Nieoficjalny debiut szkoleniowca i pi\u0119\u0107 goli w sparingu&nbsp;&nbsp;sport.tvp.pl Pierwszy mecz Legii Marka Papszuna.&hellip;\n","protected":false},"author":2,"featured_media":196516,"comment_status":"","ping_status":"","sticky":false,"template":"","format":"standard","meta":{"footnotes":""},"categories":[24],"tags":[19923,713,2221,1724,42,12048,38,40,39,41,127,334,126],"class_list":{"0":"post-196515","1":"post","2":"type-post","3":"status-publish","4":"format-standard","5":"has-post-thumbnail","7":"category-sport","8":"tag-1-liga","9":"tag-legia-warszawa","10":"tag-marek-papszun","11":"tag-pko-ekstraklasa","12":"tag-pl","13":"tag-pogon-grodzisk-mazowiecki","14":"tag-poland","15":"tag-polish","16":"tag-polska","17":"tag-polski","18":"tag-sport","19":"tag-sport-tvp-pl","20":"tag-sports"},"share_on_mastodon":{"url":"https:\/\/pubeurope.com\/@pl\/115866922119958877","error":""},"_links":{"self":[{"href":"https:\/\/www.europesays.com\/pl\/wp-json\/wp\/v2\/posts\/196515","targetHints":{"allow":["GET"]}}],"collection":[{"href":"https:\/\/www.europesays.com\/pl\/wp-json\/wp\/v2\/posts"}],"about":[{"href":"https:\/\/www.europesays.com\/pl\/wp-json\/wp\/v2\/types\/post"}],"author":[{"embeddable":true,"href":"https:\/\/www.europesays.com\/pl\/wp-json\/wp\/v2\/users\/2"}],"replies":[{"embeddable":true,"href":"https:\/\/www.europesays.com\/pl\/wp-json\/wp\/v2\/comments?post=196515"}],"version-history":[{"count":0,"href":"https:\/\/www.europesays.com\/pl\/wp-json\/wp\/v2\/posts\/196515\/revisions"}],"wp:featuredmedia":[{"embeddable":true,"href":"https:\/\/www.europesays.com\/pl\/wp-json\/wp\/v2\/media\/196516"}],"wp:attachment":[{"href":"https:\/\/www.europesays.com\/pl\/wp-json\/wp\/v2\/media?parent=196515"}],"wp:term":[{"taxonomy":"category","embeddable":true,"href":"https:\/\/www.europesays.com\/pl\/wp-json\/wp\/v2\/categories?post=196515"},{"taxonomy":"post_tag","embeddable":true,"href":"https:\/\/www.europesays.com\/pl\/wp-json\/wp\/v2\/tags?post=196515"}],"curies":[{"name":"wp","href":"https:\/\/api.w.org\/{rel}","templated":true}]}}