{"id":196539,"date":"2026-01-09T20:19:08","date_gmt":"2026-01-09T20:19:08","guid":{"rendered":"https:\/\/www.europesays.com\/pl\/196539\/"},"modified":"2026-01-09T20:19:08","modified_gmt":"2026-01-09T20:19:08","slug":"tragedia-w-gminie-konopnica-starsza-kobieta-zmarla-z-wychlodzenia","status":"publish","type":"post","link":"https:\/\/www.europesays.com\/pl\/196539\/","title":{"rendered":"Tragedia w gminie Konopnica. Starsza kobieta zmar\u0142a z wych\u0142odzenia"},"content":{"rendered":"<p class=\"article-p\" data-section=\"detail-body\">Jak przekazuje &#8222;Faktowi&#8221; podinspektor Kamil Go\u0142\u0119biowski z lubelskiej policji, wszystko wskazuje na nieszcz\u0119\u015bliwy wypadek. \u2014 Prawdopodobnie starsza kobieta wysz\u0142a przed dom, przewr\u00f3ci\u0142a si\u0119 i nie by\u0142a w stanie samodzielnie si\u0119 podnie\u015b\u0107. Dosz\u0142o do wych\u0142odzenia organizmu \u2014 m\u00f3wi &#8222;Faktowi&#8221; policjant.<\/p>\n<p>        Mieszka\u0142a sama, korzysta\u0142a z pomocy opiekunki<\/p>\n<p class=\"article-p\" data-section=\"detail-body\">Z ustale\u0144 funkcjonariuszy wynika, \u017ce 93-latka mieszka\u0142a samotnie w domu jednorodzinnym na w\u0142asnej posesji w gminie Konopnica. Na co dzie\u0144 mia\u0142a zapewnion\u0105 pomoc opiekunki, jednak w chwili zdarzenia by\u0142a sama. Nie wiadomo jeszcze, jak d\u0142ugo 93-latka przebywa\u0142a na zewn\u0105trz w niskiej temperaturze.<\/p>\n<p class=\"article-p\" data-section=\"detail-body\">\u2014 Na ten moment nie posiadamy informacji, jak d\u0142ugo nie by\u0142o z ni\u0105 kontaktu \u2014 dodaje podinspektor Go\u0142\u0119biowski z KMP w Lublinie. \u2014 Na miejscu wykonano wszystkie niezb\u0119dne czynno\u015bci procesowe. Wst\u0119pnie wykluczono udzia\u0142 os\u00f3b trzecich, a okoliczno\u015bci zdarzenia wskazuj\u0105 nieszcz\u0119\u015bliwy wypadek.<\/p>\n<p class=\"article-p\" data-section=\"detail-body\">Czytaj tak\u017ce: <a href=\"https:\/\/www.fakt.pl\/wydarzenia\/polska\/slask\/smierc-natalki-w-andrychowie-to-powinna-byc-lekcja-dla-kazdego-z-nas\/dw00c70\" id=\"b82737a1-ce1b-437f-a3c2-5ad168a795e2\" rel=\"nofollow noopener\" target=\"_blank\">Natalka umiera\u0142a na mrozie, jak &#8222;Dziewczynka z zapa\u0142kami&#8221; <\/a><\/p>\n<p class=\"article-p\" data-section=\"detail-body\">Jak podkre\u015blaj\u0105 funkcjonariusze, nawet kr\u00f3tki pobyt na mrozie mo\u017ce by\u0107 \u015bmiertelnie niebezpieczny, szczeg\u00f3lnie dla os\u00f3b w podesz\u0142ym wieku. Organizm senior\u00f3w znacznie szybciej traci ciep\u0142o, a skutki wych\u0142odzenia mog\u0105 pojawi\u0107 si\u0119 bardzo szybko.<\/p>\n<p>        Apel policji: reagujmy, zanim dojdzie do tragedii<\/p>\n<p class=\"article-p\" data-section=\"detail-body\">W zwi\u0105zku z zapowiadanymi spadkami temperatur policja kieruje do mieszka\u0144c\u00f3w regionu wa\u017cny apel. Funkcjonariusze prosz\u0105, by nie pozostawa\u0107 oboj\u0119tnym wobec os\u00f3b, kt\u00f3re mog\u0105 by\u0107 nara\u017cone na wych\u0142odzenie.<\/p>\n<p class=\"article-p\" data-section=\"detail-body\">Szczeg\u00f3ln\u0105 uwag\u0119 nale\u017cy zwraca\u0107 na: osoby starsze i samotne, schorowane, kt\u00f3re mog\u0105 mie\u0107 problem z poruszaniem si\u0119 oraz na osoby przebywaj\u0105ce w nieogrzewanych pomieszczeniach lub na zewn\u0105trz.<\/p>\n<p class=\"article-p\" data-section=\"detail-body\">&#8222;Interesujmy si\u0119 losem naszych s\u0105siad\u00f3w i bliskich. Sprawd\u017amy, czy maj\u0105 zapewnione ogrzewanie i opiek\u0119. Ka\u017cda reakcja ma znaczenie. Jedno zg\u0142oszenie mo\u017ce uratowa\u0107 czyje\u015b \u017cycie \u2014 apeluj\u0105 policjanci.<\/p>\n<p class=\"article-p\" data-section=\"detail-body\">W przypadku zauwa\u017cenia osoby przebywaj\u0105cej na mrozie, le\u017c\u0105cej na ziemi lub wymagaj\u0105cej pomocy, nale\u017cy natychmiast dzwoni\u0107 pod numer alarmowy 112 lub skontaktowa\u0107 si\u0119 z policj\u0105.<\/p>\n<p class=\"article-p\" data-section=\"detail-body\"><a href=\"https:\/\/www.fakt.pl\/wydarzenia\/polska\/poznan\/tragiczny-final-poszukiwan-86-latki-skonala-w-rowie-naprzeciwko-swojego-domu\/2kwj1d8\" id=\"d1637a39-d87f-4432-b766-50a50bbd2713\" rel=\"nofollow noopener\" target=\"_blank\">My\u015bleli, \u017ce \u015bpi w swoim pokoju. Skona\u0142a z zimna w rowie naprzeciwko domu. Tragedia 86-latki<\/a><\/p>\n<p class=\"article-p\" data-section=\"detail-body\"><a href=\"https:\/\/www.fakt.pl\/wydarzenia\/polska\/lublin\/32-latka-znaleziona-na-polu-w-mrozie-dramatyczna-akcja-policji-w-gminie-uchanie\/dmd721z\" id=\"97cb089c-1a5e-47f8-bd40-f0bc9e090f0d\" rel=\"nofollow noopener\" target=\"_blank\">Wysz\u0142a do sklepu i nie wr\u00f3ci\u0142a. Przez kilka godzin le\u017ca\u0142a bosa na polu<\/a><\/p>\n<p>        \/1<\/p>\n<p>                    <img decoding=\"async\" class=\"article-image-img\" loading=\"lazy\" alt=\"\" src=\"https:\/\/www.europesays.com\/pl\/wp-content\/uploads\/2026\/01\/V8pk9kuTURBXy8zMmIzMjk5NS01MmMyLTRhM2MtOGE4Mi03ZjNhOGNhYTc3YzguanBlZ5GTAs0DSM0B2N4AAqEwAaExAQ.jpeg\" width=\"840\" height=\"472\"\/><\/p>\n<p>                  &#8211; \/ Materia\u0142y policyjne<\/p>\n<p class=\"article-gallery-p\">\n        Tragiczna \u015bmier\u0107 93-latki w gminie Konopnica.\n    <\/p>\n","protected":false},"excerpt":{"rendered":"Jak przekazuje &#8222;Faktowi&#8221; podinspektor Kamil Go\u0142\u0119biowski z lubelskiej policji, wszystko wskazuje na nieszcz\u0119\u015bliwy wypadek. \u2014 Prawdopodobnie starsza kobieta&hellip;\n","protected":false},"author":2,"featured_media":196540,"comment_status":"","ping_status":"","sticky":false,"template":"","format":"standard","meta":{"footnotes":""},"categories":[12],"tags":[32,33,36,37,27,34,35,28,31,25,42,38,40,39,41,29,30,26],"class_list":{"0":"post-196539","1":"post","2":"type-post","3":"status-publish","4":"format-standard","5":"has-post-thumbnail","7":"category-polska","8":"tag-breaking-news","9":"tag-breakingnews","10":"tag-featured-news","11":"tag-featurednews","12":"tag-headlines","13":"tag-latest-news","14":"tag-latestnews","15":"tag-naglowki","16":"tag-najwazniejsze-artykuly","17":"tag-news","18":"tag-pl","19":"tag-poland","20":"tag-polish","21":"tag-polska","22":"tag-polski","23":"tag-top-stories","24":"tag-topstories","25":"tag-wiadomosci"},"share_on_mastodon":{"url":"https:\/\/pubeurope.com\/@pl\/115866997111440296","error":""},"_links":{"self":[{"href":"https:\/\/www.europesays.com\/pl\/wp-json\/wp\/v2\/posts\/196539","targetHints":{"allow":["GET"]}}],"collection":[{"href":"https:\/\/www.europesays.com\/pl\/wp-json\/wp\/v2\/posts"}],"about":[{"href":"https:\/\/www.europesays.com\/pl\/wp-json\/wp\/v2\/types\/post"}],"author":[{"embeddable":true,"href":"https:\/\/www.europesays.com\/pl\/wp-json\/wp\/v2\/users\/2"}],"replies":[{"embeddable":true,"href":"https:\/\/www.europesays.com\/pl\/wp-json\/wp\/v2\/comments?post=196539"}],"version-history":[{"count":0,"href":"https:\/\/www.europesays.com\/pl\/wp-json\/wp\/v2\/posts\/196539\/revisions"}],"wp:featuredmedia":[{"embeddable":true,"href":"https:\/\/www.europesays.com\/pl\/wp-json\/wp\/v2\/media\/196540"}],"wp:attachment":[{"href":"https:\/\/www.europesays.com\/pl\/wp-json\/wp\/v2\/media?parent=196539"}],"wp:term":[{"taxonomy":"category","embeddable":true,"href":"https:\/\/www.europesays.com\/pl\/wp-json\/wp\/v2\/categories?post=196539"},{"taxonomy":"post_tag","embeddable":true,"href":"https:\/\/www.europesays.com\/pl\/wp-json\/wp\/v2\/tags?post=196539"}],"curies":[{"name":"wp","href":"https:\/\/api.w.org\/{rel}","templated":true}]}}