{"id":196712,"date":"2026-01-09T21:56:09","date_gmt":"2026-01-09T21:56:09","guid":{"rendered":"https:\/\/www.europesays.com\/pl\/196712\/"},"modified":"2026-01-09T21:56:09","modified_gmt":"2026-01-09T21:56:09","slug":"reparacje-od-niemiec-szef-msc-proponuje-przekazanie-polsce-broni","status":"publish","type":"post","link":"https:\/\/www.europesays.com\/pl\/196712\/","title":{"rendered":"Reparacje od Niemiec. Szef MSC proponuje przekazanie Polsce broni"},"content":{"rendered":"<p class=\"typography ids-typeset-body ids-typeset-body--preset-large link paragraph ids-paragraph ids-paragraph--default\">Wed\u0142ug prezydenta Monachijskiej Konferencji Bezpiecze\u0144stwa (MSC), Wolfganga Ischingera, niemiecki rz\u0105d powinien podarowa\u0107 <a href=\"https:\/\/wydarzenia.interia.pl\/tematy-polska,gsbi,2628\" rel=\"nofollow noopener\" target=\"_blank\">Polsce<\/a> systemy uzbrojenia.<\/p>\n<p class=\"typography ids-typeset-body ids-typeset-body--preset-large link paragraph ids-paragraph ids-paragraph--default\">Polska, jako partner z <a href=\"https:\/\/wydarzenia.interia.pl\/tematy-unia-europejska,gsbi,46\" rel=\"nofollow noopener\" target=\"_blank\">Unii Europejskiej<\/a> i <a href=\"https:\/\/wydarzenia.interia.pl\/tematy-nato,gsbi,1028\" rel=\"nofollow noopener\" target=\"_blank\">NATO<\/a> jest dzi\u015b &#8222;czym\u015b w rodzaju pa\u0144stwa frontowego&#8221; &#8211; powiedzia\u0142 Ischinger w opublikowanym w pi\u0105tek (09.01.2026) wywiadzie dla agencji Reutera.<\/p>\n<p class=\"typography ids-typeset-body ids-typeset-body--preset-large link paragraph ids-paragraph ids-paragraph--default\">Polska pe\u0142ni obecnie rol\u0119 podobn\u0105 do tej, jak\u0105 <a href=\"https:\/\/wydarzenia.interia.pl\/tematy-niemcy,gsbi,2629\" rel=\"nofollow noopener\" target=\"_blank\">Niemcy<\/a> mia\u0142y przed ko\u0144cem zimnej wojny. &#8211; Skoro obecnie mo\u017cemy wydawa\u0107 tak du\u017co pieni\u0119dzy na obron\u0119, a kwestia reparacji ze strony polskiej elity politycznej wci\u0105\u017c pozostaje otwarta: dlaczego nie podarujemy im na przyk\u0142ad okr\u0119tu podwodnego, fregaty albo jakiego\u015b sprz\u0119tu wojskowego? &#8211; pyta\u0142 Ischinger. &#8211; Mogliby\u015bmy udost\u0119pni\u0107 naszym polskim przyjacio\u0142om te rzeczy bezp\u0142atnie, aby wzmocni\u0107 ich zdolno\u015bci obronne &#8211; powiedzia\u0142.<\/p>\n<p class=\"typography ids-typeset-body ids-typeset-body--preset-large link paragraph ids-paragraph ids-paragraph--default\">Taki gest kosztowa\u0142by co prawda pieni\u0105dze, ale by\u0142by &#8222;niesamowicie dobr\u0105 inwestycj\u0105 w zakresie politycznej m\u0105dro\u015bci&#8221; &#8211; oceni\u0142 prezydent rady MSC.<\/p>\n<p>Niemiecko-francuski my\u015bliwiec?<\/p>\n<p class=\"typography ids-typeset-body ids-typeset-body--preset-large link paragraph ids-paragraph ids-paragraph--default\">Jednocze\u015bnie wyrazi\u0142 on rozczarowanie, \u017ce Niemcy i <a href=\"https:\/\/wydarzenia.interia.pl\/tematy-francja,gsbi,2672\" rel=\"nofollow noopener\" target=\"_blank\">Francja<\/a> dot\u0105d nie porozumia\u0142y si\u0119 w sprawie budowy wsp\u00f3lnego my\u015bliwca (FCAS). &#8211; Uwa\u017cam, \u017ce to, niestety, bardzo niefortunny rozw\u00f3j wydarze\u0144 &#8211; powiedzia\u0142 Ischinger.<\/p>\n<p class=\"typography ids-typeset-body ids-typeset-body--preset-large link paragraph ids-paragraph ids-paragraph--default\">Doda\u0142 jednak, \u017ce wci\u0105\u017c ma nadziej\u0119 na znalezienie rozwi\u0105zania. &#8211; Prawda jest taka, \u017ce cho\u0107 maj\u0105 przewag\u0119 technologiczn\u0105, Francji sko\u0144czy\u0142y si\u0119 pieni\u0105dze &#8211; stwierdzi\u0142, odnosz\u0105c si\u0119 do francuskiego koncernu zbrojeniowego Dassault, kt\u00f3ry obecnie blokuje post\u0119p wartego miliardy projektu, domagaj\u0105c si\u0119 wi\u0119kszego udzia\u0142u w pracach.<\/p>\n<p class=\"typography ids-typeset-body ids-typeset-body--preset-large link paragraph ids-paragraph ids-paragraph--default\">&#8211; My\u015bl\u0119 wi\u0119c, \u017ce wci\u0105\u017c jest nadzieja na kompromis, w ramach kt\u00f3rego przeznaczymy troch\u0119 wi\u0119cej pieni\u0119dzy, a Francuzi zaakceptuj\u0105, \u017ce udzia\u0142 technologiczny jest sprawiedliwy i akceptowalny dla wszystkich stron &#8211; powiedzia\u0142. Pierwotnie rz\u0105dy Niemiec i Francji chcia\u0142y pierwotnie rozstrzygn\u0105\u0107 przysz\u0142o\u015b\u0107 projektu do ko\u0144ca roku, ale ponownie prze\u0142o\u017cono decyzj\u0119.<\/p>\n<p class=\"typography ids-typeset-body ids-typeset-body--preset-large link paragraph ids-paragraph ids-paragraph--default\">Je\u015bli projekt upadnie, trzeba b\u0119dzie &#8211; wed\u0142ug Ischingera &#8211; poszuka\u0107 alternatyw. Przewodnicz\u0105cy MSC mia\u0142 nadziej\u0119, \u017ce FCAS za dziesi\u0119\u0107 lat b\u0119dzie czym\u015b w rodzaju nast\u0119pnej generacji Airbusa, czyli niemiecko-francuskiego koncernu lotniczego.<\/p>\n<p class=\"typography ids-typeset-body ids-typeset-body--preset-large link paragraph ids-paragraph ids-paragraph--default\">Wolfgang Ischinger pozostaje jednak optymist\u0105. Jest przekonany, \u017ce kanclerz Niemiec <a href=\"https:\/\/wydarzenia.interia.pl\/tematy-friedrich-merz,gsbi,1437\" rel=\"nofollow noopener\" target=\"_blank\">Friedrich Merz<\/a> i jego rz\u0105d zrobi\u0105 wszystko, aby uchroni\u0107 projekt przed fiaskiem.<\/p>\n<p>Jedno z najwa\u017cniejszych spotka\u0144<\/p>\n<p class=\"typography ids-typeset-body ids-typeset-body--preset-large link paragraph ids-paragraph ids-paragraph--default\">Monachijska Konferencja Bezpiecze\u0144stwa (ang. Munich Security Conference, MSC), kt\u00f3rej przewodniczy ponownie prof. Wolfgang Ischinger, to jedno z najwa\u017cniejszych mi\u0119dzynarodowych spotka\u0144 dotycz\u0105cych polityki bezpiecze\u0144stwa i obronno\u015bci. Konferencja jest nieformalnym spotkaniem, na kt\u00f3rym nie podejmuje si\u0119 \u017cadnych decyzji.<\/p>\n<p class=\"typography ids-typeset-body ids-typeset-body--preset-large link paragraph ids-paragraph ids-paragraph--default\">W lutym 2025 roku przewodnicz\u0105cym MSC zosta\u0142 by\u0142y sekretarz generalny NATO <a href=\"https:\/\/wydarzenia.interia.pl\/tematy-jens-stoltenberg,gsbi,1027\" rel=\"nofollow noopener\" target=\"_blank\">Jens Stoltenberg<\/a>, kt\u00f3ry jednak zawiesi\u0142 przewodnictwo do czasu pe\u0142nienia obowi\u0105zk\u00f3w ministra finans\u00f3w w <a href=\"https:\/\/wydarzenia.interia.pl\/tematy-norwegia,gsbi,3801\" rel=\"nofollow noopener\" target=\"_blank\">Norwegii<\/a>. W tym czasie obowi\u0105zki przewodnicz\u0105cego pe\u0142ni Wolfgang Ischinger. Tegoroczna konferencja w Monachium odb\u0119dzie si\u0119 od 13 do 15 lutego br.<\/p>\n<p class=\"typography ids-typeset-body ids-typeset-body--preset-large link paragraph ids-paragraph ids-paragraph--default\">Katarzyna Domaga\u0142a-Pereira, Deutsche Welle<\/p>\n<p class=\"typography ids-typeset-body ids-typeset-body--preset-large link paragraph ids-paragraph ids-paragraph--default\">Oryginalny artyku\u0142 dost\u0119pny jest <a href=\"https:\/\/www.dw.com\/pl\/szef-msc-niemcy-mog%C5%82yby-da%C4%87-polsce-bro%C5%84-tytu%C5%82em-reparacji\/a-75453676\" target=\"_blank\" rel=\"nofollow noopener\">tutaj<\/a>.<\/p>\n<ul class=\"typography ids-typeset-body ids-typeset-body--preset-small list--article-list ids-list ids-list--unordered ids-list--size-small \" datatype=\"disc\">\n<li class=\"ids-list-item ids-list-item__content brief-list-item\"><a class=\"ids-undecorated-link link ids-link \" data-spons=\"false\" href=\"https:\/\/wydarzenia.interia.pl\/zagranica\/news-polacy-wracaja-z-niemiec-nie-chodzi-tylko-o-zla-sytuacje-gos,nId,22504832\" rel=\"nofollow noopener\" target=\"_blank\">Polacy wracaj\u0105 z Niemiec. Nie chodzi tylko o z\u0142\u0105 sytuacj\u0119 gospodarcz\u0105<\/a><\/li>\n<li class=\"ids-list-item ids-list-item__content brief-list-item\"><a class=\"ids-undecorated-link link ids-link \" data-spons=\"false\" href=\"https:\/\/wydarzenia.interia.pl\/interia-blizej-swiata\/news-der-spiegel-pozostalosci-wojny-syryjczycy-z-niemiec-pomagaja,nId,22503506\" rel=\"nofollow noopener\" target=\"_blank\">&#8222;Der Spiegel&#8221;: Pozosta\u0142o\u015bci wojny. Syryjczycy z Niemiec pomagaj\u0105 w odbudowie kraju<\/a><\/li>\n<\/ul>\n<p>&#8222;Debata polityczna&#8221;. Polityka w dobie Trumpa. Prof. Ku\u017aniar: Klasyczny imperializmPolsat News Polityka<\/p>\n<p><a class=\"ids-undecorated-link source ids-page-info--source__link\" href=\"http:\/\/www.dw.de\/\" rel=\"nofollow noopener\" target=\"_blank\"><img decoding=\"async\" class=\"ids-image-holder__img\" loading=\"lazy\" alt=\"\" title=\"\" height=\"24px\" src=\"https:\/\/www.europesays.com\/pl\/wp-content\/uploads\/2025\/10\/1761330672_284_0009A60OR5FN02CJ-C202-F4.webp.webp\"\/><\/a><\/p>\n<p>Masz sugestie, uwagi albo widzisz b\u0142\u0105d? Napisz do nas<\/p>\n","protected":false},"excerpt":{"rendered":"Wed\u0142ug prezydenta Monachijskiej Konferencji Bezpiecze\u0144stwa (MSC), Wolfganga Ischingera, niemiecki rz\u0105d powinien podarowa\u0107 Polsce systemy uzbrojenia. Polska, jako partner&hellip;\n","protected":false},"author":2,"featured_media":196713,"comment_status":"","ping_status":"","sticky":false,"template":"","format":"standard","meta":{"footnotes":""},"categories":[14],"tags":[32,33,27,34,35,28,31,25,40,41,80,29,30,26,82,83,84],"class_list":{"0":"post-196712","1":"post","2":"type-post","3":"status-publish","4":"format-standard","5":"has-post-thumbnail","7":"category-swiat","8":"tag-breaking-news","9":"tag-breakingnews","10":"tag-headlines","11":"tag-latest-news","12":"tag-latestnews","13":"tag-naglowki","14":"tag-najwazniejsze-artykuly","15":"tag-news","16":"tag-polish","17":"tag-polski","18":"tag-swiat","19":"tag-top-stories","20":"tag-topstories","21":"tag-wiadomosci","22":"tag-world","23":"tag-world-news","24":"tag-worldnews"},"share_on_mastodon":{"url":"https:\/\/pubeurope.com\/@pl\/115867378297442955","error":""},"_links":{"self":[{"href":"https:\/\/www.europesays.com\/pl\/wp-json\/wp\/v2\/posts\/196712","targetHints":{"allow":["GET"]}}],"collection":[{"href":"https:\/\/www.europesays.com\/pl\/wp-json\/wp\/v2\/posts"}],"about":[{"href":"https:\/\/www.europesays.com\/pl\/wp-json\/wp\/v2\/types\/post"}],"author":[{"embeddable":true,"href":"https:\/\/www.europesays.com\/pl\/wp-json\/wp\/v2\/users\/2"}],"replies":[{"embeddable":true,"href":"https:\/\/www.europesays.com\/pl\/wp-json\/wp\/v2\/comments?post=196712"}],"version-history":[{"count":0,"href":"https:\/\/www.europesays.com\/pl\/wp-json\/wp\/v2\/posts\/196712\/revisions"}],"wp:featuredmedia":[{"embeddable":true,"href":"https:\/\/www.europesays.com\/pl\/wp-json\/wp\/v2\/media\/196713"}],"wp:attachment":[{"href":"https:\/\/www.europesays.com\/pl\/wp-json\/wp\/v2\/media?parent=196712"}],"wp:term":[{"taxonomy":"category","embeddable":true,"href":"https:\/\/www.europesays.com\/pl\/wp-json\/wp\/v2\/categories?post=196712"},{"taxonomy":"post_tag","embeddable":true,"href":"https:\/\/www.europesays.com\/pl\/wp-json\/wp\/v2\/tags?post=196712"}],"curies":[{"name":"wp","href":"https:\/\/api.w.org\/{rel}","templated":true}]}}