{"id":196716,"date":"2026-01-09T21:59:08","date_gmt":"2026-01-09T21:59:08","guid":{"rendered":"https:\/\/www.europesays.com\/pl\/196716\/"},"modified":"2026-01-09T21:59:08","modified_gmt":"2026-01-09T21:59:08","slug":"tak-niemiec-zaatakowal-kolege-z-zespolu-jest-oswiadczenie-jego-klubu","status":"publish","type":"post","link":"https:\/\/www.europesays.com\/pl\/196716\/","title":{"rendered":"Tak Niemiec zaatakowa\u0142 koleg\u0119 z zespo\u0142u. Jest o\u015bwiadczenie jego klubu"},"content":{"rendered":"\n<p class=\"contentpart contentpart--default contentpart--text\" data-position=\"0\">Niemiecki napastnik do\u0142\u0105czy\u0142 do <a href=\"https:\/\/sportowefakty.wp.pl\/pilka-nozna\/fc-lugano\" rel=\"nofollow noopener\" target=\"_blank\">FC Lugano<\/a>\u00a0w lipcu 2025 roku. W 72. minucie sparingu z <a href=\"https:\/\/sportowefakty.wp.pl\/pilka-nozna\/viktoria-pilzno\" rel=\"nofollow noopener\" target=\"_blank\">Viktori\u0105 Pilzno<\/a>\u00a0na tablicy wynik\u00f3w widnia\u0142 remis 1:1, a <a href=\"https:\/\/sportowefakty.wp.pl\/pilka-nozna\/kevin-behrens\" rel=\"nofollow noopener\" target=\"_blank\">Kevin Behrens<\/a>\u00a0zachowa\u0142 si\u0119 w spos\u00f3b skandaliczny.<\/p>\n<p class=\"contentpart contentpart--default contentpart--text\" data-position=\"1\">Czeska dru\u017cyna rozgrywa\u0142a akcj\u0119 na w\u0142asnej po\u0142owie, a 34-latek podbieg\u0142 do\u00a0Georgiosa Koutsiasa. Nast\u0119pnie przewr\u00f3ci\u0142 swojego koleg\u0119 z zespo\u0142u, stan\u0105\u0142 nad nim i zacz\u0105\u0142 wyg\u0142asza\u0107 jakie\u015b pretensje.<\/p>\n<p> <img role=\"presentation\" src=\"https:\/\/std.wpcdn.pl\/images\/adv\/placeholder_wp.svg\" loading=\"lazy\" alt=\"\" decoding=\"async\"\/>  <\/p>\n<p class=\"contentpart contentpart--default contentpart--text\" data-position=\"2\">ZOBACZ WIDEO: A\u017c si\u0119 pop\u0142aka\u0142. Tak Boruc wzruszy\u0142 Fabia\u0144skiego<\/p>\n<p class=\"contentpart contentpart--default contentpart--text\" data-position=\"4\">Po chwili wyra\u017anie wzburzonego Niemca odci\u0105gn\u0119li inni zawodnicy Lugano. Jeden z nich pom\u00f3g\u0142 Grekowi wsta\u0107 z murawy. Szwajcarski klub postanowi\u0142 wyda\u0107 w tej sprawie o\u015bwiadczenie.<\/p>\n<p class=\"contentpart contentpart--default contentpart--text\" data-position=\"5\">&#8222;Je\u015bli chodzi o to, co wydarzy\u0142o si\u0119 podczas meczu towarzyskiego z Viktori\u0105 Pilzno oraz nieprzyzwoity incydent z udzia\u0142em Kevina Behrensa i Georgiosa Koutsiasa, FC Lugano stanowczo pot\u0119pia t\u0119 sytuacj\u0119. Sprawa b\u0119dzie zarz\u0105dzana i regulowana wewn\u0119trznie, a klub oceni, jakie \u015brodki dyscyplinarne nale\u017cy podj\u0105\u0107 wobec dw\u00f3ch zaanga\u017cowanych zawodnik\u00f3w. Nie zostan\u0105 wyg\u0142oszone dalsze o\u015bwiadczenia i komentarze w tej sprawie&#8221; &#8211; napisano na stornie klubowej.<\/p>\n<p class=\"contentpart contentpart--default contentpart--text\" data-position=\"6\">Dla Behrensa Lugano jest pierwszym w karierze zagranicznym klubem. \u0141\u0105cznie rozegra\u0142 106 mecz\u00f3w w Bundeslidze i jedno spotkanie w reprezentacji Niemiec.<\/p>\n<p> <img role=\"presentation\" src=\"https:\/\/std.wpcdn.pl\/images\/adv\/placeholder_wp.svg\" loading=\"lazy\" alt=\"\" decoding=\"async\"\/>       <\/p>\n","protected":false},"excerpt":{"rendered":"Niemiecki napastnik do\u0142\u0105czy\u0142 do FC Lugano\u00a0w lipcu 2025 roku. W 72. minucie sparingu z Viktori\u0105 Pilzno\u00a0na tablicy wynik\u00f3w&hellip;\n","protected":false},"author":2,"featured_media":196717,"comment_status":"","ping_status":"","sticky":false,"template":"","format":"standard","meta":{"footnotes":""},"categories":[24],"tags":[779,38011,38013,38010,38012,269,278,42,38,40,39,41,127,126,2238,8567],"class_list":{"0":"post-196716","1":"post","2":"type-post","3":"status-publish","4":"format-standard","5":"has-post-thumbnail","7":"category-sport","8":"tag-czechy","9":"tag-doosan-arena-w-pilznie","10":"tag-fc-lugano","11":"tag-kevin-behrens","12":"tag-pilzno","13":"tag-pilka-nozna","14":"tag-pilka-w-europie","15":"tag-pl","16":"tag-poland","17":"tag-polish","18":"tag-polska","19":"tag-polski","20":"tag-sport","21":"tag-sports","22":"tag-szwajcaria","23":"tag-viktoria-pilzno"},"share_on_mastodon":{"url":"https:\/\/pubeurope.com\/@pl\/115867390240753699","error":""},"_links":{"self":[{"href":"https:\/\/www.europesays.com\/pl\/wp-json\/wp\/v2\/posts\/196716","targetHints":{"allow":["GET"]}}],"collection":[{"href":"https:\/\/www.europesays.com\/pl\/wp-json\/wp\/v2\/posts"}],"about":[{"href":"https:\/\/www.europesays.com\/pl\/wp-json\/wp\/v2\/types\/post"}],"author":[{"embeddable":true,"href":"https:\/\/www.europesays.com\/pl\/wp-json\/wp\/v2\/users\/2"}],"replies":[{"embeddable":true,"href":"https:\/\/www.europesays.com\/pl\/wp-json\/wp\/v2\/comments?post=196716"}],"version-history":[{"count":0,"href":"https:\/\/www.europesays.com\/pl\/wp-json\/wp\/v2\/posts\/196716\/revisions"}],"wp:featuredmedia":[{"embeddable":true,"href":"https:\/\/www.europesays.com\/pl\/wp-json\/wp\/v2\/media\/196717"}],"wp:attachment":[{"href":"https:\/\/www.europesays.com\/pl\/wp-json\/wp\/v2\/media?parent=196716"}],"wp:term":[{"taxonomy":"category","embeddable":true,"href":"https:\/\/www.europesays.com\/pl\/wp-json\/wp\/v2\/categories?post=196716"},{"taxonomy":"post_tag","embeddable":true,"href":"https:\/\/www.europesays.com\/pl\/wp-json\/wp\/v2\/tags?post=196716"}],"curies":[{"name":"wp","href":"https:\/\/api.w.org\/{rel}","templated":true}]}}