{"id":196726,"date":"2026-01-09T22:04:08","date_gmt":"2026-01-09T22:04:08","guid":{"rendered":"https:\/\/www.europesays.com\/pl\/196726\/"},"modified":"2026-01-09T22:04:08","modified_gmt":"2026-01-09T22:04:08","slug":"prace-nad-ustawa-o-pip-tusk-oglasza-kolejne-kroki","status":"publish","type":"post","link":"https:\/\/www.europesays.com\/pl\/196726\/","title":{"rendered":"Prace nad ustaw\u0105 o PIP. Tusk og\u0142asza kolejne kroki"},"content":{"rendered":"<p>Premier na pocz\u0105tku tygodnia stwierdzi\u0142 ws. PiP, \u017ce &#8222;podj\u0105\u0142 decyzj\u0119, \u017ceby nie kontynuowa\u0107 pracy nad tego typu reform\u0105&#8221;. &#8211;\u00a0Tak\u017ce spraw\u0119 uwa\u017cam z\u00a0mojego punktu widzenia za zamkni\u0119t\u0105 &#8211;\u00a0pad\u0142o w\u00f3wczas.<\/p>\n<p><a href=\"https:\/\/wiadomosci.wp.pl\/klotnia-o-pip-tusk-blokuje-reforme-lewicy-czarzasty-chce-spotkania-z-premierem-7240806118763008a\" rel=\"noopener noreferrer nofollow\" target=\"_blank\">Jak pisali\u015bmy w\u00a0WP<\/a>, koalicjanci byli nie tylko zaskoczeni, ale wr\u0119cz oburzeni. Za reform\u0119 PIP odpowiada\u0142a minister rodziny, pracy i\u00a0polityki spo\u0142ecznej Agnieszka Dziemianowicz-B\u0105k z\u00a0Lewicy.\u00a0<\/p>\n<p>Szale\u0144stwo nad morzem. Przeczesuj\u0105 zwa\u0142y glon\u00f3w <\/p>\n<p>Prace nad ustaw\u0105 o\u00a0PIP. Tusk og\u0142asza kolejne kroki <\/p>\n<p>&#8211; Jeszcze dzi\u015b ministra rodziny, pracy i\u00a0polityki spo\u0142ecznej Agnieszka Dziemianowicz-B\u0105k dostanie rekomendacje, by wraz z\u00a0ministrem sprawiedliwo\u015bci Waldemarem \u017burkiem podj\u0105\u0107 prac\u0119 ws. projektu ustawy o\u00a0Pa\u0144stwowej Inspekcji Pracy &#8211;\u00a0przekaza\u0142 jednak ju\u017c w\u00a0pi\u0105tek Donald Tusk po spotkaniu z\u00a0marsza\u0142kiem Sejmu.<\/p>\n<p>&#8211; By\u0142o oczywiste, \u017ce znajdziemy taki spos\u00f3b post\u0119powania, \u017ceby powsta\u0142 dobry projekt, kt\u00f3ry nie b\u0119dzie dawa\u0142 pe\u0142nej, samowolnej w\u0142adzy urz\u0119dnikom, ale b\u0119dzie jednocze\u015bnie chroni\u0142 pracownik\u00f3w przed nadu\u017cywaniem i\u00a0z\u0142ym wykorzystaniem elastycznych form zatrudnienia &#8211;\u00a0wskaza\u0142 premier.<\/p>\n<p>&#8211; Idziemy do pracy. Wznawiamy prace nad projektem, im szybciej, tym lepiej &#8211;\u00a0doda\u0142 do tego W\u0142odzimierz Czarzasty.<\/p>\n<p>Premier oceni\u0142 tak\u017ce, \u017ce najpro\u015bciej przeprowadzi\u0107 projekt \u015bcie\u017ck\u0105 rz\u0105dow\u0105. Wskaza\u0142 w\u00a0tym kontek\u015bcie na kompetencje szefowej MRPiPS. &#8211;\u00a0Mieli\u015bmy r\u00f3\u017cnic\u0119 pogl\u0105d\u00f3w i\u00a0znale\u017ali\u015bmy wyj\u015bcie z\u00a0tej sytuacji &#8211;\u00a0doda\u0142. &#8211;\u00a0Jestem tu pewnym dobrego rozwoju zdarze\u0144 optymist\u0105 &#8211;\u00a0stwierdzi\u0142 szef rz\u0105du.<\/p>\n","protected":false},"excerpt":{"rendered":"Premier na pocz\u0105tku tygodnia stwierdzi\u0142 ws. PiP, \u017ce &#8222;podj\u0105\u0142 decyzj\u0119, \u017ceby nie kontynuowa\u0107 pracy nad tego typu reform\u0105&#8221;.&hellip;\n","protected":false},"author":2,"featured_media":196727,"comment_status":"","ping_status":"","sticky":false,"template":"","format":"standard","meta":{"footnotes":""},"categories":[12],"tags":[32,33,36,37,27,34,35,28,31,25,42,38,40,39,41,29,30,26],"class_list":{"0":"post-196726","1":"post","2":"type-post","3":"status-publish","4":"format-standard","5":"has-post-thumbnail","7":"category-polska","8":"tag-breaking-news","9":"tag-breakingnews","10":"tag-featured-news","11":"tag-featurednews","12":"tag-headlines","13":"tag-latest-news","14":"tag-latestnews","15":"tag-naglowki","16":"tag-najwazniejsze-artykuly","17":"tag-news","18":"tag-pl","19":"tag-poland","20":"tag-polish","21":"tag-polska","22":"tag-polski","23":"tag-top-stories","24":"tag-topstories","25":"tag-wiadomosci"},"share_on_mastodon":{"url":"https:\/\/pubeurope.com\/@pl\/115867409595778107","error":""},"_links":{"self":[{"href":"https:\/\/www.europesays.com\/pl\/wp-json\/wp\/v2\/posts\/196726","targetHints":{"allow":["GET"]}}],"collection":[{"href":"https:\/\/www.europesays.com\/pl\/wp-json\/wp\/v2\/posts"}],"about":[{"href":"https:\/\/www.europesays.com\/pl\/wp-json\/wp\/v2\/types\/post"}],"author":[{"embeddable":true,"href":"https:\/\/www.europesays.com\/pl\/wp-json\/wp\/v2\/users\/2"}],"replies":[{"embeddable":true,"href":"https:\/\/www.europesays.com\/pl\/wp-json\/wp\/v2\/comments?post=196726"}],"version-history":[{"count":0,"href":"https:\/\/www.europesays.com\/pl\/wp-json\/wp\/v2\/posts\/196726\/revisions"}],"wp:featuredmedia":[{"embeddable":true,"href":"https:\/\/www.europesays.com\/pl\/wp-json\/wp\/v2\/media\/196727"}],"wp:attachment":[{"href":"https:\/\/www.europesays.com\/pl\/wp-json\/wp\/v2\/media?parent=196726"}],"wp:term":[{"taxonomy":"category","embeddable":true,"href":"https:\/\/www.europesays.com\/pl\/wp-json\/wp\/v2\/categories?post=196726"},{"taxonomy":"post_tag","embeddable":true,"href":"https:\/\/www.europesays.com\/pl\/wp-json\/wp\/v2\/tags?post=196726"}],"curies":[{"name":"wp","href":"https:\/\/api.w.org\/{rel}","templated":true}]}}