{"id":196762,"date":"2026-01-09T22:24:08","date_gmt":"2026-01-09T22:24:08","guid":{"rendered":"https:\/\/www.europesays.com\/pl\/196762\/"},"modified":"2026-01-09T22:24:08","modified_gmt":"2026-01-09T22:24:08","slug":"umowa-z-mercosurem-wywolala-burze-w-sieci-politycy-komentuja-ruch-krajow-ue","status":"publish","type":"post","link":"https:\/\/www.europesays.com\/pl\/196762\/","title":{"rendered":"Umowa z Mercosurem wywo\u0142a\u0142a burz\u0119 w sieci. Politycy komentuj\u0105 ruch kraj\u00f3w UE"},"content":{"rendered":"<p data-section=\"detail-body\">Kraje Unii Europejskiej zgodzi\u0142y si\u0119 w pi\u0105tek na zawarcie umowy handlowej z blokiem pa\u0144stw Ameryki Po\u0142udniowej Mercosur. Przeciwne podpisaniu porozumienia by\u0142y Austria, Irlandia, Francja, Polska i W\u0119gry. W reakcji na decyzj\u0119 Brukseli do Warszawy zjechali rolnicy, kt\u00f3rzy zorganizowali protest.<\/p>\n<p class=\"article_p\" data-section=\"detail-body\">W sieci w zwi\u0105zku z protestami i decyzj\u0105 Brukseli na platformie X pojawi\u0142a si\u0119 fala komentarzy. &#8222;Mercosur to \u00bbkuku\u0142cze jajo\u00ab, kt\u00f3re PiS zostawi\u0142 polskim rolnikom&#8221; \u2014 czytamy we wpisie Koalicji Obywatelskiej.<\/p>\n<p class=\"article_p\" data-section=\"detail-body\">Do sprawy odni\u00f3s\u0142 si\u0119 te\u017c wicepremier i szef MON W\u0142adys\u0142aw Kosiniak-Kamysz. &#8222;W sprawie UE\u2013Mercosur, tak jak zapowiadali\u015bmy, zag\u0142osowali\u015bmy przeciw. W samych zapisach PSL wywalczy\u0142o konkretne zabezpieczenia: klauzule ochronne, kt\u00f3re daj\u0105 pa\u0144stwom narz\u0119dzia do reakcji, gdy import zaczyna uderza\u0107 w op\u0142acalno\u015b\u0107 produkcji i destabilizuje rynek&#8221; \u2014 napisa\u0142 Kosiniak-Kamysz.<\/p>\n<p class=\"article_p\" data-section=\"detail-body\">Spraw\u0119 skomentowa\u0142 te\u017c minister rolnictwa. &#8222;Polska, Francja, W\u0119gry, Irlandia i Austria g\u0142osowa\u0142y przeciw umowie UE-Mercosur. Belgia wstrzyma\u0142a si\u0119 od g\u0142osu. Reszta pa\u0144stw UE g\u0142osowa\u0142a \u00bbza\u00ab. My naszych sojusznik\u00f3w przekonali\u015bmy do g\u0142osowania \u00bbprzeciw\u00ab, PiS swoich sojusznik\u00f3w przekona\u0142 do g\u0142osowania \u00bbza\u00ab&#8221; \u2014 napisa\u0142 Stefan Krajewski.<\/p>\n<ul class=\"article_ul\">\n<li class=\"article_ul_li\"><a href=\"https:\/\/wiadomosci.onet.pl\/swiat\/awantura-w-sejmie-okrzyki-do-dymisji-z-law-poselskich\/m1xy12e\" rel=\"nofollow noopener\" target=\"_blank\">Awantura w Sejmie. Okrzyki &#8222;do dymisji!&#8221; z \u0142aw poselskich<\/a><\/li>\n<\/ul>\n<p>            Czytaj tak\u017ce w BUSINESS INSIDER<\/p>\n<p>        &#8222;Atakuj\u0105 Nawrockiego za brak skuteczno\u015bci w sprawie Mercosuru&#8221;<\/p>\n<p class=\"article_p\" data-section=\"detail-body\">Przy okazji umowy z Mercosurem g\u0142os zabra\u0142 pose\u0142 KO Roman Giertych. &#8222;Tych, kt\u00f3rzy atakuj\u0105 Nawrockiego za brak skuteczno\u015bci w sprawie umowy z Mercosurem i jego kl\u0119sk\u0119 w pr\u00f3bie przekonania W\u0142och i premier Meloni do wsp\u00f3lnego z Polsk\u0105 i Francj\u0105 zablokowania podpisania umowy informuj\u0119, \u017ce ta jego kl\u0119ska mo\u017ce si\u0119 nam obr\u00f3ci\u0107 na dobre. B\u0119dziemy najwi\u0119ksz\u0105 stref\u0105 wolnego handlu na \u015bwiecie&#8221; \u2014 napisa\u0142 prawnik.<\/p>\n<p>        Marek Borowski zwraca uwag\u0119 na detal w umowie z Mercosurem<\/p>\n<p class=\"article_p\" data-section=\"detail-body\">Na pewien niuans zwraca uwag\u0119 by\u0142y marsza\u0142ek Sejmu Marek Borowski. &#8222;Umowa z Mercosurem w pierwotnej postaci by\u0142a rzeczywi\u015bcie ryzykowna dla polskich rolnik\u00f3w. Mimo to PiS, gdy rz\u0105dzi\u0142, akceptowa\u0142 j\u0105 i nie domaga\u0142 si\u0119 wprowadzenia \u017cadnych zmian. Dzi\u015b, jak zwykle ob\u0142udnie, podsyca protesty. Zmiany takie, w postaci zabezpiecze\u0144, wynegocjowa\u0142 dopiero obecny rz\u0105d i europos\u0142owie z KO i PSL&#8221; \u2014 zauwa\u017cy\u0142 lewicowy polityk.<\/p>\n<ul class=\"article_ul\">\n<li class=\"article_ul_li\"><a href=\"https:\/\/wiadomosci.onet.pl\/kraj\/karol-nawrocki-z-apelem-do-donalda-tuska-taki-blad-juz-kiedys-popelniono\/zv5xc9l\" rel=\"nofollow noopener\" target=\"_blank\">Karol Nawrocki apeluje do premiera w sprawie Mercosur. &#8222;Nie do przyj\u0119cia&#8221;<\/a><\/li>\n<\/ul>\n<p>        &#8222;Umowa UE\u2013Mercosur to realne zagro\u017cenie dla polskiego rolnictwa&#8221;<\/p>\n<p class=\"article_p\" data-section=\"detail-body\">Jasno spraw\u0119 komentuje prezydencki minister Marcin Przydacz. &#8222;Znowu go ograli w Unii Europejskiej. Za rz\u0105d\u00f3w Zjednoczonej Prawicy istnia\u0142a mniejszo\u015b\u0107 blokuj\u0105ca. Rozbita po doj\u015bciu Donalda Tuska do w\u0142adzy. Niemcy postawili na swoim&#8221; \u2014 oceni\u0142 Przydacz. &#8222;Umowa UE\u2013Mercosur to realne zagro\u017cenie dla polskiego rolnictwa. Polscy rolnicy maj\u0105 konkurowa\u0107 z towarami wytwarzanymi przy u\u017cyciu metod, na kt\u00f3re Europa si\u0119 nie zgadza? To nier\u00f3wna gra od samego pocz\u0105tku&#8221; \u2014 dodaje Mariusz B\u0142aszczak, wiceprezes PiS.<\/p>\n<p class=\"article_p\" data-section=\"detail-body\">Jasny pogl\u0105d na spraw\u0119 ma pose\u0142 PiS Przemys\u0142aw Czarnek. &#8222;Dzi\u015b w Warszawie wspieramy protest rolnik\u00f3w, kt\u00f3rzy walcz\u0105 o bezpieczn\u0105 przysz\u0142o\u015b\u0107 polskiego rolnictwa oraz protestuj\u0105 przeciwko bierno\u015bci rz\u0105du Donalda Tuska&#8221; \u2014 napisa\u0142 prawnik.<\/p>\n<ul class=\"article_ul\">\n<li class=\"article_ul_li\"><a href=\"https:\/\/businessinsider.com.pl\/gospodarka\/bruksela-przed-wielkim-glosowaniem-umowa-z-mercosurem-wywoluje-polityczna-burze-w-ue\/vhrdq0j\" rel=\"nofollow noopener\" target=\"_blank\">Mercosur rozgrzewa UE do czerwono\u015bci. Na t\u0119 decyzj\u0119 czekaj\u0105 miliony<\/a><\/li>\n<\/ul>\n<p>        Konfederacja jasno o umowie z Mercosurem<\/p>\n<p class=\"article_p\" data-section=\"detail-body\">Jak zauwa\u017ca wicemarsza\u0142ek Sejmu Krzysztof Bosak, je\u015bli upadn\u0105 rodzinne gospodarstwa, uzale\u017cnienie Polski od importu stanie si\u0119 trwa\u0142e.<\/p>\n<p class=\"article_p\" data-section=\"detail-body\">&#8222;Zawarcie umowy UE\u2013Mercosur niesie ze sob\u0105 powa\u017cne konsekwencje. To przede wszystkim utrata suwerenno\u015bci \u017cywno\u015bciowej, zwi\u0119kszenie zale\u017cno\u015bci od importu w momencie, gdy europejskie rolnictwo jest d\u0142awione coraz bardziej restrykcyjnymi normami, a zerwanie \u0142a\u0144cuch\u00f3w dostaw mo\u017ce szybko doprowadzi\u0107 do powa\u017cnego kryzysu&#8221; \u2014 napisa\u0142 lider Konfederacji.<\/p>\n<p class=\"article_p\" data-section=\"detail-body\">G\u0142os zabra\u0142 tak\u017ce S\u0142awomir Mentzen. &#8222;Rz\u0105d Tuska nie zrobi\u0142 nic, \u017ceby uratowa\u0107 polskich rolnik\u00f3w przed skutkami umowy z krajami Mercosuru&#8221; \u2014 napisa\u0142 by\u0142y kandydat na prezydenta Polski.<\/p>\n<p class=\"article_p\" data-section=\"detail-body\">Jak informuje France 24, Przewodnicz\u0105ca Komisji Europejskiej Ursula von der Leyen ma podpisa\u0107 umow\u0119 z przedstawicielami kraj\u00f3w Mercosuru ju\u017c w &#8222;najbli\u017cszych tygodniach&#8221;.<\/p>\n","protected":false},"excerpt":{"rendered":"Kraje Unii Europejskiej zgodzi\u0142y si\u0119 w pi\u0105tek na zawarcie umowy handlowej z blokiem pa\u0144stw Ameryki Po\u0142udniowej Mercosur. Przeciwne&hellip;\n","protected":false},"author":2,"featured_media":196763,"comment_status":"","ping_status":"","sticky":false,"template":"","format":"standard","meta":{"footnotes":""},"categories":[14],"tags":[32,33,27,34,35,28,31,25,40,41,80,29,30,26,82,83,84],"class_list":{"0":"post-196762","1":"post","2":"type-post","3":"status-publish","4":"format-standard","5":"has-post-thumbnail","7":"category-swiat","8":"tag-breaking-news","9":"tag-breakingnews","10":"tag-headlines","11":"tag-latest-news","12":"tag-latestnews","13":"tag-naglowki","14":"tag-najwazniejsze-artykuly","15":"tag-news","16":"tag-polish","17":"tag-polski","18":"tag-swiat","19":"tag-top-stories","20":"tag-topstories","21":"tag-wiadomosci","22":"tag-world","23":"tag-world-news","24":"tag-worldnews"},"share_on_mastodon":{"url":"https:\/\/pubeurope.com\/@pl\/115867488416373393","error":""},"_links":{"self":[{"href":"https:\/\/www.europesays.com\/pl\/wp-json\/wp\/v2\/posts\/196762","targetHints":{"allow":["GET"]}}],"collection":[{"href":"https:\/\/www.europesays.com\/pl\/wp-json\/wp\/v2\/posts"}],"about":[{"href":"https:\/\/www.europesays.com\/pl\/wp-json\/wp\/v2\/types\/post"}],"author":[{"embeddable":true,"href":"https:\/\/www.europesays.com\/pl\/wp-json\/wp\/v2\/users\/2"}],"replies":[{"embeddable":true,"href":"https:\/\/www.europesays.com\/pl\/wp-json\/wp\/v2\/comments?post=196762"}],"version-history":[{"count":0,"href":"https:\/\/www.europesays.com\/pl\/wp-json\/wp\/v2\/posts\/196762\/revisions"}],"wp:featuredmedia":[{"embeddable":true,"href":"https:\/\/www.europesays.com\/pl\/wp-json\/wp\/v2\/media\/196763"}],"wp:attachment":[{"href":"https:\/\/www.europesays.com\/pl\/wp-json\/wp\/v2\/media?parent=196762"}],"wp:term":[{"taxonomy":"category","embeddable":true,"href":"https:\/\/www.europesays.com\/pl\/wp-json\/wp\/v2\/categories?post=196762"},{"taxonomy":"post_tag","embeddable":true,"href":"https:\/\/www.europesays.com\/pl\/wp-json\/wp\/v2\/tags?post=196762"}],"curies":[{"name":"wp","href":"https:\/\/api.w.org\/{rel}","templated":true}]}}