{"id":196766,"date":"2026-01-09T22:26:07","date_gmt":"2026-01-09T22:26:07","guid":{"rendered":"https:\/\/www.europesays.com\/pl\/196766\/"},"modified":"2026-01-09T22:26:07","modified_gmt":"2026-01-09T22:26:07","slug":"umowa-ue-z-mercosurem-ameryka-poludniowa-w-euforii-wszyscy-wygrywamy","status":"publish","type":"post","link":"https:\/\/www.europesays.com\/pl\/196766\/","title":{"rendered":"Umowa UE z Mercosurem. Ameryka Po\u0142udniowa w euforii. &#8222;Wszyscy wygrywamy&#8221;"},"content":{"rendered":"<p data-section=\"detail-body\">Pa\u0144stwa Unii Europejskiej zgodzi\u0142y si\u0119 w pi\u0105tek na zawarcie umowy handlowej z Mercosurem, mimo sprzeciwu m.in. Polski. Przeciw g\u0142osowa\u0142y tak\u017ce Francja, Irlandia, W\u0119gry i Austria, a Belgia wstrzyma\u0142a si\u0119 od g\u0142osu. Decyduj\u0105ce znaczenie mia\u0142o poparcie W\u0142och. Minister spraw zagranicznych Argentyny poinformowa\u0142, \u017ce umowa zostanie podpisana 17 stycznia w Paragwaju.<\/p>\n<p class=\"article_p\" data-section=\"detail-body\">Dalsza cz\u0119\u015b\u0107 tekstu pod materia\u0142em wideo<\/p>\n<p class=\"article_p\" data-section=\"detail-body\">Porozumienie handlowe z Argentyn\u0105, Brazyli\u0105, Paragwajem i Urugwajem przewiduje preferencje celne dla cz\u0119\u015bci produkt\u00f3w rolnych, w tym produkt\u00f3w wra\u017cliwych \u2014 wo\u0142owiny, drobiu, nabia\u0142u, cukru i etanolu. W zamian rynki pa\u0144stw Mercosuru otworz\u0105 si\u0119 na towary przemys\u0142owe z UE, takie jak samochody, maszyny i leki.<\/p>\n<p class=\"article_p\" data-section=\"detail-body\">Czytaj te\u017c: <a href=\"https:\/\/businessinsider.com.pl\/wiadomosci\/umowa-z-mercosurem-wywolala-burze-w-sieci-politycy-komentuja-ruch-krajow-ue\/zzly57m\" id=\"388b9ed4-865c-43d9-9f29-595c4d700c33\" rel=\"nofollow noopener\" target=\"_blank\">Umowa z Mercosurem wywo\u0142a\u0142a burz\u0119 w sieci. Politycy komentuj\u0105 ruch kraj\u00f3w UE<\/a><\/p>\n<p>            Czytaj tak\u017ce w BUSINESS INSIDER<\/p>\n<p>        Prezydent Brazylii: zwyci\u0119stwo dialogu i multilateralizmu<\/p>\n<p class=\"article_p\" data-section=\"detail-body\">\u2014 To zwyci\u0119stwo dialogu, negocjacji oraz zobowi\u0105zania do wsp\u00f3\u0142pracy i integracji pomi\u0119dzy pa\u0144stwami i blokami pa\u0144stw \u2014 o\u015bwiadczy\u0142 prezydent Brazylii Luiz In\u00e1cio Lula da Silva. Zgoda UE na zawarcie negocjowanej od 25 lat umowy jest \u2014 jego zdaniem \u2014 &#8222;sygna\u0142em na korzy\u015b\u0107 mi\u0119dzynarodowego handlu&#8221; i oznacza &#8222;historyczny dzie\u0144 dla multilateralizmu&#8221;.<\/p>\n<p class=\"article_p\" data-section=\"detail-body\">Brazylia jest najwi\u0119ksz\u0105 gospodark\u0105 w\u015br\u00f3d pa\u0144stw Mercosuru.<\/p>\n<p>        W\u0142adze Urugwaju: nadzwyczajny, fantastyczny scenariusz<\/p>\n<p class=\"article_p\" data-section=\"detail-body\">Minister spraw zagranicznych Urugwaju Mario Lubetkin oceni\u0142, \u017ce podpisanie umowy jest dla jego kraju &#8222;nadzwyczajnym, fantastycznym scenariuszem&#8221;.<\/p>\n<p class=\"article_p\" data-section=\"detail-body\">Czytaj te\u017c: <a href=\"https:\/\/businessinsider.com.pl\/finanse\/handel\/umowa-ue-z-mercosurem-kiedy-i-gdzie-zostanie-podpisana-znamy-date\/s63007t\" id=\"abed49bb-3754-4295-a0df-85518d99292b\" rel=\"nofollow noopener\" target=\"_blank\">Umowa UE z Mercosurem. Kiedy i gdzie zostanie podpisana? Znamy dat\u0119<\/a><\/p>\n<p class=\"article_p\" data-section=\"detail-body\">Jak podkre\u015bli\u0142, porozumienie Mercosur\u2013UE, po ratyfikacji przez parlamenty i pe\u0142nym wdro\u017ceniu, stworzy wielk\u0105 szans\u0119 gospodarcz\u0105 dla regionu, zw\u0142aszcza dla Urugwaju \u2014 poda\u0142 dziennik &#8222;El Pais&#8221;.<\/p>\n<p>        Argentyna: wi\u0119cej handlu, inwestycji i miejsc pracy<\/p>\n<p class=\"article_p\" data-section=\"detail-body\">Szef dyplomacji Argentyny Pablo Quirno o\u015bwiadczy\u0142, \u017ce podpisanie umowy oznacza &#8222;wi\u0119cej handlu, wi\u0119cej inwestycji i wi\u0119cej miejsc pracy&#8221; zar\u00f3wno dla kraj\u00f3w Unii Europejskiej, jak i Mercosuru. &#8222;Wszyscy wygrywamy&#8221; \u2014 napisa\u0142 na platformie X. Prezydent Argentyny Javier Milei skwitowa\u0142 fina\u0142 negocjacji kr\u00f3tkim komentarzem: &#8222;kolejne dobre wie\u015bci&#8221;.<\/p>\n<p class=\"article_p\" data-section=\"detail-body\">Minister gospodarki Argentyny Luis Caputo zaznaczy\u0142, \u017ce argenty\u0144skie towary uzyskaj\u0105 dost\u0119p do rynku licz\u0105cego ponad 700 mln os\u00f3b, odpowiadaj\u0105cego za ok. 20 proc. globalnego PKB. <\/p>\n<p class=\"article_p\" data-section=\"detail-body\">Jak doda\u0142, zniesienie przez UE ce\u0142 na 92 proc. argenty\u0144skiego eksportu oraz preferencyjny dost\u0119p dla kolejnych 7,5 proc. b\u0119dzie nap\u0119dza\u0107 handel, inwestycje i tworzenie miejsc pracy.<\/p>\n<p>        Paragwaj: &#8222;olbrzymia szansa&#8221; dla kraju<\/p>\n<p class=\"article_p\" data-section=\"detail-body\">Zadowolenie z decyzji UE wyrazi\u0142y r\u00f3wnie\u017c w\u0142adze Paragwaju. Prezydent Santiago Pe\u00f1a okre\u015bli\u0142 umow\u0119 jako &#8222;olbrzymi\u0105 szans\u0119&#8221; dla swojego kraju \u2014 poda\u0142 paragwajski dziennik &#8222;El Nacional&#8221;.<\/p>\n","protected":false},"excerpt":{"rendered":"Pa\u0144stwa Unii Europejskiej zgodzi\u0142y si\u0119 w pi\u0105tek na zawarcie umowy handlowej z Mercosurem, mimo sprzeciwu m.in. Polski. Przeciw&hellip;\n","protected":false},"author":2,"featured_media":196767,"comment_status":"","ping_status":"","sticky":false,"template":"","format":"standard","meta":{"footnotes":""},"categories":[5],"tags":[32,33,36,37,27,34,35,28,31,25,42,38,40,39,41,29,30,26],"class_list":{"0":"post-196766","1":"post","2":"type-post","3":"status-publish","4":"format-standard","5":"has-post-thumbnail","7":"category-naglowki","8":"tag-breaking-news","9":"tag-breakingnews","10":"tag-featured-news","11":"tag-featurednews","12":"tag-headlines","13":"tag-latest-news","14":"tag-latestnews","15":"tag-naglowki","16":"tag-najwazniejsze-artykuly","17":"tag-news","18":"tag-pl","19":"tag-poland","20":"tag-polish","21":"tag-polska","22":"tag-polski","23":"tag-top-stories","24":"tag-topstories","25":"tag-wiadomosci"},"share_on_mastodon":{"url":"https:\/\/pubeurope.com\/@pl\/115867496242012230","error":""},"_links":{"self":[{"href":"https:\/\/www.europesays.com\/pl\/wp-json\/wp\/v2\/posts\/196766","targetHints":{"allow":["GET"]}}],"collection":[{"href":"https:\/\/www.europesays.com\/pl\/wp-json\/wp\/v2\/posts"}],"about":[{"href":"https:\/\/www.europesays.com\/pl\/wp-json\/wp\/v2\/types\/post"}],"author":[{"embeddable":true,"href":"https:\/\/www.europesays.com\/pl\/wp-json\/wp\/v2\/users\/2"}],"replies":[{"embeddable":true,"href":"https:\/\/www.europesays.com\/pl\/wp-json\/wp\/v2\/comments?post=196766"}],"version-history":[{"count":0,"href":"https:\/\/www.europesays.com\/pl\/wp-json\/wp\/v2\/posts\/196766\/revisions"}],"wp:featuredmedia":[{"embeddable":true,"href":"https:\/\/www.europesays.com\/pl\/wp-json\/wp\/v2\/media\/196767"}],"wp:attachment":[{"href":"https:\/\/www.europesays.com\/pl\/wp-json\/wp\/v2\/media?parent=196766"}],"wp:term":[{"taxonomy":"category","embeddable":true,"href":"https:\/\/www.europesays.com\/pl\/wp-json\/wp\/v2\/categories?post=196766"},{"taxonomy":"post_tag","embeddable":true,"href":"https:\/\/www.europesays.com\/pl\/wp-json\/wp\/v2\/tags?post=196766"}],"curies":[{"name":"wp","href":"https:\/\/api.w.org\/{rel}","templated":true}]}}