{"id":196778,"date":"2026-01-09T22:33:18","date_gmt":"2026-01-09T22:33:18","guid":{"rendered":"https:\/\/www.europesays.com\/pl\/196778\/"},"modified":"2026-01-09T22:33:18","modified_gmt":"2026-01-09T22:33:18","slug":"psychoterapia-wypada-z-ustawy-o-zawodzie-psychologa-eksperci-alarmuja","status":"publish","type":"post","link":"https:\/\/www.europesays.com\/pl\/196778\/","title":{"rendered":"Psychoterapia wypada z ustawy o zawodzie psychologa. Eksperci alarmuj\u0105"},"content":{"rendered":"<p>SPIS TRE\u015aCI<\/p>\n<ol class=\"ods-a-table-of-content__items\">\n<li class=\"ods-a-table-of-content__item\"><a href=\"#toc-protesty-srodowiska-psychologow\" class=\"ods-a-table-of-content__link\">Protesty \u015brodowiska psycholog\u00f3w<\/a><\/li>\n<li class=\"ods-a-table-of-content__item\"><a href=\"#toc-psychoterapia-nowe-przepisy-nowe-wyzwania\" class=\"ods-a-table-of-content__link\">Psychoterapia. Nowe przepisy \u2014 nowe wyzwania<\/a><\/li>\n<li class=\"ods-a-table-of-content__item\"><a href=\"#toc-niepewnosc-pacjentow-i-obnizenie-standardow\" class=\"ods-a-table-of-content__link\">Niepewno\u015b\u0107 pacjent\u00f3w i obni\u017cenie standard\u00f3w<\/a><\/li>\n<li class=\"ods-a-table-of-content__item\"><a href=\"#toc-problemy-z-reforma-ksztalcenia\" class=\"ods-a-table-of-content__link\">Problemy z reform\u0105 kszta\u0142cenia<\/a><\/li>\n<li class=\"ods-a-table-of-content__item\"><a href=\"#toc-zalozenia-projektu-ustawy\" class=\"ods-a-table-of-content__link\">Za\u0142o\u017cenia projektu ustawy<\/a><\/li>\n<\/ol>\n<p class=\"ods-c-paragraph \">Projekt ustawy, nad kt\u00f3rym pracuje Sejm, ma na celu uregulowanie zasad wykonywania zawodu psychologa oraz powo\u0142anie samorz\u0105du zawodowego. W czwartek podczas drugiego czytania poparcia dla projektu udzieli\u0142y kluby KO, PSL, Polska2050, Lewica, ko\u0142o Razem oraz Wolni Republikanie. Przedstawiciele PiS zapowiedzieli, \u017ce nie popr\u0105 projektu w obecnej formie.<\/p>\n<p class=\"ods-c-paragraph \">W grudniu po\u0142\u0105czone komisje sejmowe zdecydowa\u0142y o wykre\u015bleniu <a href=\"https:\/\/www.medonet.pl\/biznes-system-i-zdrowie\/trendy-w-ochronie-zdrowia,psychoterapia-w-polsce-do-regulacji--nowa-ustawa-niby-pomaga--ale-budzi-kontrowersje,artykul,71581272.html\" id=\"7f64aa0c-0aa7-4bf9-b30c-ea21572518e2\" rel=\"nofollow noopener\" target=\"_blank\">psychoterapii<\/a> z katalogu \u015bwiadcze\u0144 psychologicznych, argumentuj\u0105c, \u017ce pozwoli to lepiej rozdzieli\u0107 regulacje dotycz\u0105ce obu zawod\u00f3w. Pos\u0142anka Razem Marcelina Zawisza pr\u00f3bowa\u0142a przywr\u00f3ci\u0107 psychoterapi\u0119 do wykazu, jednak jej poprawka zosta\u0142a odrzucona przez komisje.<\/p>\n<p>   Protesty \u015brodowiska psycholog\u00f3w<\/p>\n<p class=\"ods-c-paragraph \">W dniu g\u0142osowania przed Sejmem protestowali psychologowie, kt\u00f3rzy podkre\u015blali, \u017ce nie domagaj\u0105 si\u0119 prawa do prowadzenia psychoterapii przez osoby po samych studiach magisterskich. Zwracali jednak uwag\u0119 na absurd sytuacji, w kt\u00f3rej <a href=\"https:\/\/www.medonet.pl\/zdrowie\/wiadomosci,40-proc--polakow-uwaza-pomoc-psychologa-za-powod-do-wstydu--wyniki-nowego-badania,artykul,32343860.html\" id=\"5e958a8e-1c3e-4133-bc52-3cc129a7772a\" rel=\"nofollow noopener\" target=\"_blank\">psycholog kliniczny<\/a> po wieloletnim kszta\u0142ceniu musia\u0142by zaczyna\u0107 nauk\u0119 psychoterapii od podstaw, razem z osobami po zupe\u0142nie innych kierunkach, takich jak politologia czy archeologia.<\/p>\n<p class=\"ods-c-paragraph \">Dr Marta Siepsiak z Uniwersytetu SWPS w Warszawie w rozmowie z PAP przypomnia\u0142a, \u017ce od 25 lat psychoterapia figuruje w ustawie o zawodzie psychologa jako jedno z jego zada\u0144. Jej zdaniem psychoterapia powinna opiera\u0107 si\u0119 na narz\u0119dziach psychologii klinicznej, kt\u00f3rych skuteczno\u015b\u0107 zosta\u0142a potwierdzona naukowo, a odej\u015bcie od tego standardu grozi uprawianiem pseudonauki.<\/p>\n<p>Dalszy ci\u0105g artyku\u0142u pod materia\u0142em wideo<\/p>\n<p> Dlaczego psychoterapia ma by\u0107 usuni\u0119ta z ustawy o zawodzie psychologa? <\/p>\n<p> Jakie obawy maj\u0105 eksperci zwi\u0105zane z nowym projektem ustawy? <\/p>\n<p> Czy psychologowie b\u0119d\u0105 musieli uzyska\u0107 dodatkowe uprawnienia do prowadzenia psychoterapii? <\/p>\n<p> Jakie zmiany wprowadza projekt ustawy dotycz\u0105cy samorz\u0105du zawodowego psycholog\u00f3w? <\/p>\n<p>  Psychoterapia. Nowe przepisy \u2014 nowe wyzwania<\/p>\n<p class=\"ods-c-paragraph \">Zgodnie z projektem ustawy psychologowie nie b\u0119d\u0105 mogli specjalizowa\u0107 si\u0119 w psychoterapii w ramach swojego zawodu, lecz b\u0119d\u0105 musieli uzyska\u0107 odr\u0119bne uprawnienia psychoterapeuty. Dr Siepsiak wyja\u015bni\u0142a, \u017ce w konsekwencji psychologowie i psychoterapeuci b\u0119d\u0105 nale\u017ce\u0107 do r\u00f3\u017cnych izb zawodowych, podlega\u0107 innym kodeksom etycznym i rozporz\u0105dzeniom. Jej zdaniem prowadzi to do zr\u00f3wnania kwalifikacji psychologa psychoterapeuty z osobami po innych kierunkach, kt\u00f3re uko\u0144czy\u0142y czteroletni\u0105 szko\u0142\u0119 psychoterapii.<\/p>\n<p class=\"ods-c-paragraph \">Specjalistka zwr\u00f3ci\u0142a uwag\u0119, \u017ce w krajach anglosaskich, takich jak USA, Wielka Brytania, Kanada czy Australia, psychologowie kliniczni prowadz\u0105 tak\u017ce psychoterapi\u0119, podczas gdy w Polsce pr\u00f3buje si\u0119 sztucznie rozdzieli\u0107 te kompetencje.<\/p>\n<p>Niepewno\u015b\u0107 pacjent\u00f3w i obni\u017cenie standard\u00f3w<\/p>\n<p class=\"ods-c-paragraph \">Dr Siepsiak podkre\u015bli\u0142a, \u017ce po wprowadzeniu zmian pacjenci nie b\u0119d\u0105 w stanie rozpozna\u0107, czy <a href=\"https:\/\/www.medonet.pl\/psyche\/psychologia,jak-zalatwic-terapie-na-nfz--nie-ma-znaczenia--czy-oplacasz-skladki,artykul,11513049.html\" id=\"7f0d93bd-420a-4c7d-ad28-cce2b46d5450\" rel=\"nofollow noopener\" target=\"_blank\">psychoterapia finansowana przez NFZ<\/a> prowadzona jest przez psychologa z wieloletnim wykszta\u0142ceniem, czy przez osob\u0119 po innym kierunku, kt\u00f3ra uko\u0144czy\u0142a weekendow\u0105 szko\u0142\u0119 psychoterapii. Zwr\u00f3ci\u0142a uwag\u0119, \u017ce taka sytuacja jest szczeg\u00f3lnie niebezpieczna, poniewa\u017c pacjent nie b\u0119dzie mia\u0142 pewno\u015bci, czy uczestniczy w terapii o potwierdzonej skuteczno\u015bci naukowej.<\/p>\n<p class=\"ods-c-paragraph \">Psychologowie s\u0105 zobowi\u0105zani do stosowania metod potwierdzonych naukowo. Dr Siepsiak zaznaczy\u0142a, \u017ce podczas pi\u0119ciu lat studi\u00f3w ucz\u0105 si\u0119 mi\u0119dzy innymi psychopatologii oraz analizy bada\u0144 naukowych, co pozwala im odr\u00f3\u017cnia\u0107 nauk\u0119 od pseudonauki.<\/p>\n<p>Problemy z reform\u0105 kszta\u0142cenia<\/p>\n<p class=\"ods-c-paragraph \">Wed\u0142ug dr Siepsiak przyj\u0119cie ustawy w obecnym kszta\u0142cie uniemo\u017cliwi przeprowadzenie reformy kszta\u0142cenia psychologicznego. Jej zdaniem zmiany te mog\u0105 znacz\u0105co obni\u017cy\u0107 standardy pomocy psychologicznej w Polsce.<\/p>\n<p>   Za\u0142o\u017cenia projektu ustawy<\/p>\n<p class=\"ods-c-paragraph \">Rz\u0105dowy projekt ustawy o zawodzie psychologa ma na celu uporz\u0105dkowanie sytuacji prawnej, poniewa\u017c dotychczasowa ustawa z 2001 r. nie zosta\u0142a wdro\u017cona w praktyce. Samorz\u0105d psycholog\u00f3w nie powsta\u0142, a obowi\u0105zuj\u0105ce przepisy okaza\u0142y si\u0119 nieskuteczne. Nowy projekt wprowadza definicj\u0119 \u015bwiadcze\u0144 psychologicznych, okre\u015bla zasady uzyskiwania prawa do wykonywania zawodu oraz prowadzenia Rejestru Psycholog\u00f3w. Zak\u0142ada tak\u017ce utworzenie samorz\u0105du zawodowego psycholog\u00f3w, nadz\u00f3r ministra pracy nad jego dzia\u0142alno\u015bci\u0105 oraz uchwalenie kodeksu etyki zawodowej.<\/p>\n<p class=\"ods-c-paragraph \">\u0179r\u00f3d\u0142o informacji: Polska Agencja Prasowa<\/p>\n<p class=\"ods-c-paragraph \">W rozmowie z Newseri\u0105 ekspertka zaznaczy\u0142a jasno:<\/p>\n<p class=\"ods-c-paragraph \">\u2013 Aby zadba\u0107 o jako\u015b\u0107 pomocy psychologicznej i jej dost\u0119pno\u015b\u0107, musimy najpierw zadba\u0107 o ustaw\u0119, kt\u00f3ra zadba o prawa i dobro pacjent\u00f3w i klient\u00f3w. My bardzo chcemy, \u017ceby ta ustawa przesz\u0142a, ale bez tej poprawki i bez zapisu, \u017ce ka\u017cdy mo\u017ce prowadzi\u0107 pomoc psychologiczn\u0105. Je\u015bli to przejdzie w takiej formie, ta ustawa nie b\u0119dzie chroni\u0107 pacjent\u00f3w, tylko im szkodzi\u0107 \u2013 podkre\u015bla ekspertka.<\/p>\n<p class=\"ods-c-paragraph \">Petycj\u0119 przeciwko rozwi\u0105zaniom z projektu, jak poda\u0142a agencja, podpisa\u0142o ponad 3,6 tys. os\u00f3b, kt\u00f3re &#8222;wskazuj\u0105, \u017ce takie zmiany podwa\u017caj\u0105 sp\u00f3jno\u015b\u0107 systemu ochrony zdrowia psychicznego i standardy praktyki opartej na dowodach&#8221;.<\/p>\n<p class=\"ods-c-paragraph \">8 stycznia, po drugim czytaniu w Sejmie, projekt ustawy o zawodzie psychologa wr\u00f3ci\u0142 do sejmowych komisji, kt\u00f3re odnios\u0142y si\u0119 do zg\u0142oszonych poprawek.<\/p>\n<p class=\"ods-c-paragraph \">\u0179r\u00f3d\u0142o informacji: PAP, Newseria<\/p>\n<p> Tre\u015bci z serwisu Medonet maj\u0105 na celu polepszenie, a nie zast\u0105pienie, kontaktu pomi\u0119dzy U\u017cytkownikiem a jego lekarzem. Serwis ma charakter wy\u0142\u0105cznie informacyjno-edukacyjny. Przed zastosowaniem si\u0119 do porad z zakresu wiedzy specjalistycznej, w szczeg\u00f3lno\u015bci medycznych, zawartych w Serwisie nale\u017cy bezwzgl\u0119dnie skonsultowa\u0107 si\u0119 z lekarzem. <\/p>\n","protected":false},"excerpt":{"rendered":"SPIS TRE\u015aCI Protesty \u015brodowiska psycholog\u00f3w Psychoterapia. Nowe przepisy \u2014 nowe wyzwania Niepewno\u015b\u0107 pacjent\u00f3w i obni\u017cenie standard\u00f3w Problemy z&hellip;\n","protected":false},"author":2,"featured_media":196779,"comment_status":"","ping_status":"","sticky":false,"template":"","format":"standard","meta":{"footnotes":""},"categories":[5],"tags":[32,33,36,37,27,34,35,28,31,48,25,46,42,38,40,39,41,38045,2103,226,47,29,30,26],"class_list":{"0":"post-196778","1":"post","2":"type-post","3":"status-publish","4":"format-standard","5":"has-post-thumbnail","7":"category-naglowki","8":"tag-breaking-news","9":"tag-breakingnews","10":"tag-featured-news","11":"tag-featurednews","12":"tag-headlines","13":"tag-latest-news","14":"tag-latestnews","15":"tag-naglowki","16":"tag-najwazniejsze-artykuly","17":"tag-nat_styl","18":"tag-news","19":"tag-omp","20":"tag-pl","21":"tag-poland","22":"tag-polish","23":"tag-polska","24":"tag-polski","25":"tag-projekt_ustawy","26":"tag-psychologia","27":"tag-psychoterapia","28":"tag-screening_general","29":"tag-top-stories","30":"tag-topstories","31":"tag-wiadomosci"},"share_on_mastodon":{"url":"https:\/\/pubeurope.com\/@pl\/115867523765568768","error":""},"_links":{"self":[{"href":"https:\/\/www.europesays.com\/pl\/wp-json\/wp\/v2\/posts\/196778","targetHints":{"allow":["GET"]}}],"collection":[{"href":"https:\/\/www.europesays.com\/pl\/wp-json\/wp\/v2\/posts"}],"about":[{"href":"https:\/\/www.europesays.com\/pl\/wp-json\/wp\/v2\/types\/post"}],"author":[{"embeddable":true,"href":"https:\/\/www.europesays.com\/pl\/wp-json\/wp\/v2\/users\/2"}],"replies":[{"embeddable":true,"href":"https:\/\/www.europesays.com\/pl\/wp-json\/wp\/v2\/comments?post=196778"}],"version-history":[{"count":0,"href":"https:\/\/www.europesays.com\/pl\/wp-json\/wp\/v2\/posts\/196778\/revisions"}],"wp:featuredmedia":[{"embeddable":true,"href":"https:\/\/www.europesays.com\/pl\/wp-json\/wp\/v2\/media\/196779"}],"wp:attachment":[{"href":"https:\/\/www.europesays.com\/pl\/wp-json\/wp\/v2\/media?parent=196778"}],"wp:term":[{"taxonomy":"category","embeddable":true,"href":"https:\/\/www.europesays.com\/pl\/wp-json\/wp\/v2\/categories?post=196778"},{"taxonomy":"post_tag","embeddable":true,"href":"https:\/\/www.europesays.com\/pl\/wp-json\/wp\/v2\/tags?post=196778"}],"curies":[{"name":"wp","href":"https:\/\/api.w.org\/{rel}","templated":true}]}}