{"id":196820,"date":"2026-01-09T23:03:07","date_gmt":"2026-01-09T23:03:07","guid":{"rendered":"https:\/\/www.europesays.com\/pl\/196820\/"},"modified":"2026-01-09T23:03:07","modified_gmt":"2026-01-09T23:03:07","slug":"kendall-jenner-jest-lesbijka-ujawnila-prawde-o-swojej-orientacji","status":"publish","type":"post","link":"https:\/\/www.europesays.com\/pl\/196820\/","title":{"rendered":"Kendall Jenner jest lesbijk\u0105? Ujawni\u0142a prawd\u0119 o swojej orientacji"},"content":{"rendered":"<p>Pociecha Kris na przestrzeni lat \u0142\u0105czona by\u0142a z\u00a0takimi gwiazdami jak A$AP Rocky, Harry Styles czy Jordan Clarkson. Kilka tygodni temu pojawi\u0142y si\u0119 z\u00a0kolei spekulacje na temat relacji 30-latki z\u00a0magnatem perfum, Benem Gorhamem. <a href=\"https:\/\/www.pudelek.pl\/kendall-jenner-podgrzewa-plotki-o-romansie-ze-starszym-o-prawie-20-lat-magnatem-perfum-zdjecia-7234097803803136g\" rel=\"noopener noreferrer nofollow\" target=\"_blank\">Kilka razy przy\u0142apano ich nawet razem na mie\u015bcie<\/a>. Opr\u00f3cz tego w\u00a0sieci a\u017c roi si\u0119 od plotek, \u017ce Kendall Jenner jest osob\u0105 homoseksualn\u0105.<\/p>\n<p>Rozenek o\u00a0zdj\u0119ciu wzorowanym na\u00a0Kendall Jenner: &#8222;Robi rekordy na\u00a0moim Instagramie&#8221; <\/p>\n<p>Celebrytka go\u015bci\u0142a ostatnio w\u00a0podca\u015bcie &#8222;In Your Dreams&#8221; prowadzonym przez Owena Thiele&#8217;a. W\u00a0trakcie rozmowy zdecydowa\u0142a si\u0119 rozwia\u0107 wszelkie w\u0105tpliwo\u015bci dotycz\u0105ce swojej orientacji seksualnej. Jenner stwierdzi\u0142a, \u017ce nie jest osob\u0105 homoseksualn\u0105. Jak podkre\u015bli\u0142a, nie mia\u0142aby problemu z\u00a0ujawnieniem si\u0119, gdyby by\u0142o inaczej. <\/p>\n<p>Jest spora cz\u0119\u015b\u0107 internetu, kt\u00f3ra uwa\u017ca, \u017ce jestem lesbijk\u0105. (&#8230;) Wiecie, co naprawd\u0119 mnie w\u00a0tym boli? To, jak okrutni i\u00a0z\u0142o\u015bliwi potrafi\u0105 by\u0107 ludzie. (&#8230;) Rozumiem, \u017ce coming out nie jest dla nikogo \u0142atwy, a\u00a0dla wi\u0119kszo\u015bci ludzi wr\u0119cz bardzo trudny. Mog\u0119 m\u00f3wi\u0107 tylko za siebie i, znaj\u0105c siebie, my\u015bl\u0119, \u017ce na tym etapie \u017cycia by\u0142abym ju\u017c po coming oucie, gdyby to mnie dotyczy\u0142o. Po prostu m\u00f3wi\u0119 to, znaj\u0105c siebie i\u00a0to, jak chcia\u0142abym \u017cy\u0107. Nie mia\u0142abym z\u00a0tym \u017cadnego problemu, nie ba\u0142abym si\u0119 tego &#8211;\u00a0stwierdzi\u0142a. <\/p>\n<p>Kendall wyzna\u0142a, \u017ce spos\u00f3b, w\u00a0jaki te pog\u0142oski s\u0105 formu\u0142owane, bywa bolesny oraz nieprzyjazny. Wed\u0142ug celebrytki plotki nie s\u0105 wyrazem empatii ani otwarto\u015bci na jej ewentualny coming out, a\u00a0atakami. Chocia\u017c obecnie nie identyfikuje si\u0119 jako osoba homoseksualna, to pozostaje otwarta na r\u00f3\u017cne \u017cyciowe do\u015bwiadczenia<\/p>\n<p>Nie s\u0105dz\u0119, \u017cebym kiedykolwiek by\u0142a (lesbijk\u0105 &#8211;\u00a0przyp. red.), ale nie zamykam si\u0119 na do\u015bwiadczenia, jakie mo\u017ce jeszcze przynie\u015b\u0107 \u017cycie &#8211; skwitowa\u0142a. <\/p>\n","protected":false},"excerpt":{"rendered":"Pociecha Kris na przestrzeni lat \u0142\u0105czona by\u0142a z\u00a0takimi gwiazdami jak A$AP Rocky, Harry Styles czy Jordan Clarkson. Kilka&hellip;\n","protected":false},"author":2,"featured_media":196821,"comment_status":"","ping_status":"","sticky":false,"template":"","format":"standard","meta":{"footnotes":""},"categories":[22],"tags":[122,42,38,40,39,41,123],"class_list":{"0":"post-196820","1":"post","2":"type-post","3":"status-publish","4":"format-standard","5":"has-post-thumbnail","7":"category-rozrywka","8":"tag-entertainment","9":"tag-pl","10":"tag-poland","11":"tag-polish","12":"tag-polska","13":"tag-polski","14":"tag-rozrywka"},"share_on_mastodon":{"url":"https:\/\/pubeurope.com\/@pl\/115867641652004503","error":""},"_links":{"self":[{"href":"https:\/\/www.europesays.com\/pl\/wp-json\/wp\/v2\/posts\/196820","targetHints":{"allow":["GET"]}}],"collection":[{"href":"https:\/\/www.europesays.com\/pl\/wp-json\/wp\/v2\/posts"}],"about":[{"href":"https:\/\/www.europesays.com\/pl\/wp-json\/wp\/v2\/types\/post"}],"author":[{"embeddable":true,"href":"https:\/\/www.europesays.com\/pl\/wp-json\/wp\/v2\/users\/2"}],"replies":[{"embeddable":true,"href":"https:\/\/www.europesays.com\/pl\/wp-json\/wp\/v2\/comments?post=196820"}],"version-history":[{"count":0,"href":"https:\/\/www.europesays.com\/pl\/wp-json\/wp\/v2\/posts\/196820\/revisions"}],"wp:featuredmedia":[{"embeddable":true,"href":"https:\/\/www.europesays.com\/pl\/wp-json\/wp\/v2\/media\/196821"}],"wp:attachment":[{"href":"https:\/\/www.europesays.com\/pl\/wp-json\/wp\/v2\/media?parent=196820"}],"wp:term":[{"taxonomy":"category","embeddable":true,"href":"https:\/\/www.europesays.com\/pl\/wp-json\/wp\/v2\/categories?post=196820"},{"taxonomy":"post_tag","embeddable":true,"href":"https:\/\/www.europesays.com\/pl\/wp-json\/wp\/v2\/tags?post=196820"}],"curies":[{"name":"wp","href":"https:\/\/api.w.org\/{rel}","templated":true}]}}